{"id":13229,"date":"2023-10-01T08:00:26","date_gmt":"2023-10-01T06:00:26","guid":{"rendered":"https:\/\/ousortirfrance.com\/lyon\/?p=13229"},"modified":"2023-10-17T13:50:54","modified_gmt":"2023-10-17T11:50:54","slug":"lyon-en-octobre-2023","status":"publish","type":"post","link":"https:\/\/ousortirfrance.com\/lyon\/2023\/10\/01\/lyon-en-octobre-2023\/","title":{"rendered":"Que faire \u00e0 Lyon en octobre ?"},"content":{"rendered":"\t\t<div data-elementor-type=\"wp-post\" data-elementor-id=\"13229\" class=\"elementor elementor-13229\">\n\t\t\t\t\t\t\t\t\t<section class=\"elementor-section elementor-top-section elementor-element elementor-element-26db966 elementor-section-full_width elementor-section-stretched elementor-section-height-default elementor-section-height-default\" data-id=\"26db966\" data-element_type=\"section\" data-settings=\"{&quot;stretch_section&quot;:&quot;section-stretched&quot;}\">\n\t\t\t\t\t\t<div class=\"elementor-container elementor-column-gap-default\">\n\t\t\t\t\t<div class=\"elementor-column elementor-col-100 elementor-top-column elementor-element elementor-element-4b064e03\" data-id=\"4b064e03\" data-element_type=\"column\">\n\t\t\t<div class=\"elementor-widget-wrap elementor-element-populated\">\n\t\t\t\t\t\t\t\t<div class=\"elementor-element elementor-element-2e82db65 elementor-widget elementor-widget-elementskit-button\" data-id=\"2e82db65\" data-element_type=\"widget\" data-widget_type=\"elementskit-button.default\">\n\t\t\t\t<div class=\"elementor-widget-container\">\n\t\t\t<div class=\"ekit-wid-con\" >\t\t<div class=\"ekit-btn-wraper\">\n\t\t\t\t\t\t\t<a href=\"https:\/\/ousortirfrance.com\/lyon\/actualites\/\" class=\"elementskit-btn  whitespace--normal\" >\n\t\t\t\t\t\n\t\t\t\t\t<i aria-hidden=\"true\" class=\"fas fa-arrow-circle-left\"><\/i>\n\t\t\t\t\tretour \t\t\t\t<\/a>\n\t\t\t\t\t\t<\/div>\n        <\/div>\t\t<\/div>\n\t\t\t\t<\/div>\n\t\t\t\t<div class=\"elementor-element elementor-element-1177b8e7 elementor-widget elementor-widget-text-editor\" data-id=\"1177b8e7\" data-element_type=\"widget\" data-widget_type=\"text-editor.default\">\n\t\t\t\t<div class=\"elementor-widget-container\">\n\t\t\t<style>\/*! elementor - v3.13.3 - 28-05-2023 *\/\n.elementor-widget-text-editor.elementor-drop-cap-view-stacked .elementor-drop-cap{background-color:#69727d;color:#fff}.elementor-widget-text-editor.elementor-drop-cap-view-framed .elementor-drop-cap{color:#69727d;border:3px solid;background-color:transparent}.elementor-widget-text-editor:not(.elementor-drop-cap-view-default) .elementor-drop-cap{margin-top:8px}.elementor-widget-text-editor:not(.elementor-drop-cap-view-default) .elementor-drop-cap-letter{width:1em;height:1em}.elementor-widget-text-editor .elementor-drop-cap{float:left;text-align:center;line-height:1;font-size:50px}.elementor-widget-text-editor .elementor-drop-cap-letter{display:inline-block}<\/style>\t\t\t\t<p>Que faire \u00e0 Lyon en octobre ?<br \/>Nous vous avons rassembl\u00e9 6 \u00e9v\u00e9nements marquants de ce mois dans cet article.<\/p>\t\t\t\t\t\t<\/div>\n\t\t\t\t<\/div>\n\t\t\t\t\t<\/div>\n\t\t<\/div>\n\t\t\t\t\t\t\t<\/div>\n\t\t<\/section>\n\t\t\t\t<section class=\"elementor-section elementor-top-section elementor-element elementor-element-7957b29 elementor-section-full_width elementor-section-stretched elementor-section-height-default elementor-section-height-default\" data-id=\"7957b29\" data-element_type=\"section\" data-settings=\"{&quot;stretch_section&quot;:&quot;section-stretched&quot;}\">\n\t\t\t\t\t\t<div class=\"elementor-container elementor-column-gap-default\">\n\t\t\t\t\t<div class=\"elementor-column elementor-col-66 elementor-top-column elementor-element elementor-element-dad2986\" data-id=\"dad2986\" data-element_type=\"column\">\n\t\t\t<div class=\"elementor-widget-wrap elementor-element-populated\">\n\t\t\t\t\t\t\t\t<article class=\"elementor-section elementor-inner-section elementor-element elementor-element-d4d2a0e elementor-section-content-middle elementor-section-full_width elementor-section-height-default elementor-section-height-default\" data-id=\"d4d2a0e\" data-element_type=\"section\">\n\t\t\t\t\t\t<div class=\"elementor-container elementor-column-gap-default\">\n\t\t\t\t\t<div class=\"elementor-column elementor-col-50 elementor-inner-column elementor-element elementor-element-9b06732\" data-id=\"9b06732\" data-element_type=\"column\">\n\t\t\t<div class=\"elementor-widget-wrap elementor-element-populated\">\n\t\t\t\t\t\t\t\t<div class=\"elementor-element elementor-element-c6642f1 elementor-widget elementor-widget-heading\" data-id=\"c6642f1\" data-element_type=\"widget\" data-widget_type=\"heading.default\">\n\t\t\t\t<div class=\"elementor-widget-container\">\n\t\t\t<style>\/*! elementor - v3.13.3 - 28-05-2023 *\/\n.elementor-heading-title{padding:0;margin:0;line-height:1}.elementor-widget-heading .elementor-heading-title[class*=elementor-size-]>a{color:inherit;font-size:inherit;line-height:inherit}.elementor-widget-heading .elementor-heading-title.elementor-size-small{font-size:15px}.elementor-widget-heading .elementor-heading-title.elementor-size-medium{font-size:19px}.elementor-widget-heading .elementor-heading-title.elementor-size-large{font-size:29px}.elementor-widget-heading .elementor-heading-title.elementor-size-xl{font-size:39px}.elementor-widget-heading .elementor-heading-title.elementor-size-xxl{font-size:59px}<\/style><h2 class=\"elementor-heading-title elementor-size-default\">Coupe du Monde de Rugby 2023<\/h2>\t\t<\/div>\n\t\t\t\t<\/div>\n\t\t\t\t<div class=\"elementor-element elementor-element-0e8acea elementor-widget elementor-widget-text-editor\" data-id=\"0e8acea\" data-element_type=\"widget\" data-widget_type=\"text-editor.default\">\n\t\t\t\t<div class=\"elementor-widget-container\">\n\t\t\t\t\t\t\t<p>D\u00e9but\u00e9e en septembre, la Coupe du Monde se poursuit jusqu&rsquo;au 28 octobre, et se disputera encore sur Lyon !<\/p><p>On commence avec un match le 5 qui oppose Nouvelle Z\u00e9lande et Uruguay \u00e0 21h.<br \/>Le lendemain se disputera un match qui nous touche plus particuli\u00e8rement puisque la France et l&rsquo;Italie seront sur le terrain \u00e0 partir de 21h vendredi 6 !<\/p><p>\u00c0 partir du 14 octobre, vous pourrez soit vous rendre directement sur place soit regarder les matchs sur TF1 ou en rediffusion dans les \u00e9tablissements de notre ville ! Pour tout ce qui sera des quarts de final jusqu&rsquo;\u00e0 la finale, puisque tous ces matchs se joueront au Stade de France.<\/p><p>Retrouvez tout le programme de la Coupe sur le <a href=\"https:\/\/www.rugbyworldcup.com\/2023\/matches\">site officiel<\/a> de l&rsquo;\u00e9v\u00e9nement.<\/p>\t\t\t\t\t\t<\/div>\n\t\t\t\t<\/div>\n\t\t\t\t\t<\/div>\n\t\t<\/div>\n\t\t\t\t<div class=\"elementor-column elementor-col-50 elementor-inner-column elementor-element elementor-element-4a1acb0\" data-id=\"4a1acb0\" data-element_type=\"column\">\n\t\t\t<div class=\"elementor-widget-wrap elementor-element-populated\">\n\t\t\t\t\t\t\t\t<div class=\"elementor-element elementor-element-70dfb26 elementor-widget elementor-widget-image\" data-id=\"70dfb26\" data-element_type=\"widget\" data-widget_type=\"image.default\">\n\t\t\t\t<div class=\"elementor-widget-container\">\n\t\t\t<style>\/*! elementor - v3.13.3 - 28-05-2023 *\/\n.elementor-widget-image{text-align:center}.elementor-widget-image a{display:inline-block}.elementor-widget-image a img[src$=\".svg\"]{width:48px}.elementor-widget-image img{vertical-align:middle;display:inline-block}<\/style>\t\t\t\t\t\t\t\t\t<figure class=\"wp-caption\">\n\t\t\t\t\t\t\t\t\t\t<img decoding=\"async\" width=\"1024\" height=\"431\" src=\"https:\/\/ousortirfrance.com\/lyon\/wp-content\/uploads\/sites\/8\/2023\/09\/getty-images-rugby-1024x431.jpg\" class=\"attachment-large size-large wp-image-13233\" alt=\"lyon en octobre\" loading=\"lazy\" srcset=\"https:\/\/ousortirfrance.com\/lyon\/wp-content\/uploads\/sites\/8\/2023\/09\/getty-images-rugby-1024x431.jpg 1024w, https:\/\/ousortirfrance.com\/lyon\/wp-content\/uploads\/sites\/8\/2023\/09\/getty-images-rugby-300x126.jpg 300w, https:\/\/ousortirfrance.com\/lyon\/wp-content\/uploads\/sites\/8\/2023\/09\/getty-images-rugby-768x323.jpg 768w, https:\/\/ousortirfrance.com\/lyon\/wp-content\/uploads\/sites\/8\/2023\/09\/getty-images-rugby-1536x647.jpg 1536w, https:\/\/ousortirfrance.com\/lyon\/wp-content\/uploads\/sites\/8\/2023\/09\/getty-images-rugby-2048x863.jpg 2048w\" sizes=\"(max-width: 1024px) 100vw, 1024px\" \/>\t\t\t\t\t\t\t\t\t\t\t<figcaption class=\"widget-image-caption wp-caption-text\">\u00a9 Rugby World Cup 2023 <\/figcaption>\n\t\t\t\t\t\t\t\t\t\t<\/figure>\n\t\t\t\t\t\t\t\t\t<\/div>\n\t\t\t\t<\/div>\n\t\t\t\t\t<\/div>\n\t\t<\/div>\n\t\t\t\t\t\t\t<\/div>\n\t\t<\/article>\n\t\t\t\t\t<\/div>\n\t\t<\/div>\n\t\t\t\t<aside class=\"elementor-column elementor-col-33 elementor-top-column elementor-element elementor-element-c13a0df\" data-id=\"c13a0df\" data-element_type=\"column\" data-settings=\"{&quot;background_background&quot;:&quot;classic&quot;}\">\n\t\t\t<div class=\"elementor-widget-wrap elementor-element-populated\">\n\t\t\t\t\t\t\t\t<section class=\"elementor-section elementor-inner-section elementor-element elementor-element-41f14de sidebar-is-sticky elementor-section-boxed elementor-section-height-default elementor-section-height-default\" data-id=\"41f14de\" data-element_type=\"section\">\n\t\t\t\t\t\t<div class=\"elementor-container elementor-column-gap-default\">\n\t\t\t\t\t<div class=\"elementor-column elementor-col-100 elementor-inner-column elementor-element elementor-element-865c720\" data-id=\"865c720\" data-element_type=\"column\">\n\t\t\t<div class=\"elementor-widget-wrap elementor-element-populated\">\n\t\t\t\t\t\t\t\t<div class=\"elementor-element elementor-element-c4cc8c0 elementor-widget elementor-widget-heading\" data-id=\"c4cc8c0\" data-element_type=\"widget\" data-widget_type=\"heading.default\">\n\t\t\t\t<div class=\"elementor-widget-container\">\n\t\t\t<p class=\"elementor-heading-title elementor-size-default\">Informations pratiques<\/p>\t\t<\/div>\n\t\t\t\t<\/div>\n\t\t\t\t<div class=\"elementor-element elementor-element-5463f02 elementor-align-left elementor-icon-list--layout-traditional elementor-list-item-link-full_width elementor-widget elementor-widget-icon-list\" data-id=\"5463f02\" data-element_type=\"widget\" data-widget_type=\"icon-list.default\">\n\t\t\t\t<div class=\"elementor-widget-container\">\n\t\t\t<link rel=\"stylesheet\" href=\"https:\/\/ousortirfrance.com\/lyon\/wp-content\/plugins\/elementor\/assets\/css\/widget-icon-list.min.css\">\t\t<ul class=\"elementor-icon-list-items\">\n\t\t\t\t\t\t\t<li class=\"elementor-icon-list-item\">\n\t\t\t\t\t\t\t\t\t\t\t<span class=\"elementor-icon-list-icon\">\n\t\t\t\t\t\t\t<i aria-hidden=\"true\" class=\"fas fa-football-ball\"><\/i>\t\t\t\t\t\t<\/span>\n\t\t\t\t\t\t\t\t\t\t<span class=\"elementor-icon-list-text\">Matchs de rugby<\/span>\n\t\t\t\t\t\t\t\t\t<\/li>\n\t\t\t\t\t\t\t\t<li class=\"elementor-icon-list-item\">\n\t\t\t\t\t\t\t\t\t\t\t<span class=\"elementor-icon-list-icon\">\n\t\t\t\t\t\t\t<i aria-hidden=\"true\" class=\"fas fa-map-marker-alt\"><\/i>\t\t\t\t\t\t<\/span>\n\t\t\t\t\t\t\t\t\t\t<span class=\"elementor-icon-list-text\">Groupama Stadium, D\u00e9cines-Charpieu<\/span>\n\t\t\t\t\t\t\t\t\t<\/li>\n\t\t\t\t\t\t\t\t<li class=\"elementor-icon-list-item\">\n\t\t\t\t\t\t\t\t\t\t\t<span class=\"elementor-icon-list-icon\">\n\t\t\t\t\t\t\t<i aria-hidden=\"true\" class=\"far fa-clock\"><\/i>\t\t\t\t\t\t<\/span>\n\t\t\t\t\t\t\t\t\t\t<span class=\"elementor-icon-list-text\">5 et 6 octobre<\/span>\n\t\t\t\t\t\t\t\t\t<\/li>\n\t\t\t\t\t\t\t\t<li class=\"elementor-icon-list-item\">\n\t\t\t\t\t\t\t\t\t\t\t<a href=\"https:\/\/www.lyon.fr\/evenement\/sport\/coupe-du-monde-de-rugby-2023\" target=\"_blank\" rel=\"nofollow\">\n\n\t\t\t\t\t\t\t\t\t\t\t\t<span class=\"elementor-icon-list-icon\">\n\t\t\t\t\t\t\t<i aria-hidden=\"true\" class=\"fas fa-globe-americas\"><\/i>\t\t\t\t\t\t<\/span>\n\t\t\t\t\t\t\t\t\t\t<span class=\"elementor-icon-list-text\">Site de la coupe<\/span>\n\t\t\t\t\t\t\t\t\t\t\t<\/a>\n\t\t\t\t\t\t\t\t\t<\/li>\n\t\t\t\t\t\t<\/ul>\n\t\t\t\t<\/div>\n\t\t\t\t<\/div>\n\t\t\t\t\t<\/div>\n\t\t<\/div>\n\t\t\t\t\t\t\t<\/div>\n\t\t<\/section>\n\t\t\t\t\t<\/div>\n\t\t<\/aside>\n\t\t\t\t\t\t\t<\/div>\n\t\t<\/section>\n\t\t\t\t<section class=\"elementor-section elementor-top-section elementor-element elementor-element-5dee7ed3 elementor-section-full_width elementor-section-stretched elementor-section-height-default elementor-section-height-default\" data-id=\"5dee7ed3\" data-element_type=\"section\" data-settings=\"{&quot;stretch_section&quot;:&quot;section-stretched&quot;}\">\n\t\t\t\t\t\t<div class=\"elementor-container elementor-column-gap-default\">\n\t\t\t\t\t<div class=\"elementor-column elementor-col-66 elementor-top-column elementor-element elementor-element-427306fa\" data-id=\"427306fa\" data-element_type=\"column\">\n\t\t\t<div class=\"elementor-widget-wrap elementor-element-populated\">\n\t\t\t\t\t\t\t\t<article class=\"elementor-section elementor-inner-section elementor-element elementor-element-2c0bf076 elementor-section-content-middle elementor-section-full_width elementor-section-height-default elementor-section-height-default\" data-id=\"2c0bf076\" data-element_type=\"section\">\n\t\t\t\t\t\t<div class=\"elementor-container elementor-column-gap-default\">\n\t\t\t\t\t<div class=\"elementor-column elementor-col-50 elementor-inner-column elementor-element elementor-element-4cb2b79e\" data-id=\"4cb2b79e\" data-element_type=\"column\">\n\t\t\t<div class=\"elementor-widget-wrap elementor-element-populated\">\n\t\t\t\t\t\t\t\t<div class=\"elementor-element elementor-element-42de4f1d elementor-widget elementor-widget-image\" data-id=\"42de4f1d\" data-element_type=\"widget\" data-widget_type=\"image.default\">\n\t\t\t\t<div class=\"elementor-widget-container\">\n\t\t\t\t\t\t\t\t\t\t\t\t<figure class=\"wp-caption\">\n\t\t\t\t\t\t\t\t\t\t<img decoding=\"async\" width=\"1024\" height=\"1024\" src=\"https:\/\/ousortirfrance.com\/lyon\/wp-content\/uploads\/sites\/8\/2023\/09\/Vogue-des-marrons-a-lyon-1024x1024.jpg\" class=\"attachment-large size-large wp-image-13262\" alt=\"Vogue des marrons \u00e0 lyon\" loading=\"lazy\" srcset=\"https:\/\/ousortirfrance.com\/lyon\/wp-content\/uploads\/sites\/8\/2023\/09\/Vogue-des-marrons-a-lyon-1024x1024.jpg 1024w, https:\/\/ousortirfrance.com\/lyon\/wp-content\/uploads\/sites\/8\/2023\/09\/Vogue-des-marrons-a-lyon-300x300.jpg 300w, https:\/\/ousortirfrance.com\/lyon\/wp-content\/uploads\/sites\/8\/2023\/09\/Vogue-des-marrons-a-lyon-150x150.jpg 150w, https:\/\/ousortirfrance.com\/lyon\/wp-content\/uploads\/sites\/8\/2023\/09\/Vogue-des-marrons-a-lyon-768x768.jpg 768w, https:\/\/ousortirfrance.com\/lyon\/wp-content\/uploads\/sites\/8\/2023\/09\/Vogue-des-marrons-a-lyon.jpg 1512w\" sizes=\"(max-width: 1024px) 100vw, 1024px\" \/>\t\t\t\t\t\t\t\t\t\t\t<figcaption class=\"widget-image-caption wp-caption-text\">\u00a9 Vogue des Marrons<\/figcaption>\n\t\t\t\t\t\t\t\t\t\t<\/figure>\n\t\t\t\t\t\t\t\t\t<\/div>\n\t\t\t\t<\/div>\n\t\t\t\t\t<\/div>\n\t\t<\/div>\n\t\t\t\t<div class=\"elementor-column elementor-col-50 elementor-inner-column elementor-element elementor-element-2fc88a37\" data-id=\"2fc88a37\" data-element_type=\"column\">\n\t\t\t<div class=\"elementor-widget-wrap elementor-element-populated\">\n\t\t\t\t\t\t\t\t<div class=\"elementor-element elementor-element-5a4de192 elementor-widget elementor-widget-heading\" data-id=\"5a4de192\" data-element_type=\"widget\" data-widget_type=\"heading.default\">\n\t\t\t\t<div class=\"elementor-widget-container\">\n\t\t\t<h2 class=\"elementor-heading-title elementor-size-default\">La Vogue des Marrons<\/h2>\t\t<\/div>\n\t\t\t\t<\/div>\n\t\t\t\t<div class=\"elementor-element elementor-element-56073396 elementor-widget elementor-widget-text-editor\" data-id=\"56073396\" data-element_type=\"widget\" data-widget_type=\"text-editor.default\">\n\t\t\t\t<div class=\"elementor-widget-container\">\n\t\t\t\t\t\t\t<p>Et oui, on ne la loupe pas ! Elle existe depuis plus de 150 ans, et sait chaque ann\u00e9e nous r\u00e9galer de par ses auto-tamponneuses, le train fant\u00f4me et tous les man\u00e8ges \u00e0 sensation. On a envie de les faire et les refaire pour encore plus faire monter le palpitant ! Et puis, on ne l&rsquo;appelle pas Vogue des Marrons pour rien&#8230; On y va pour les d\u00e9vorer !<\/p><p>Qu&rsquo;est-ce qui vous ferait le plus plaisir ? Les sensations, ou les marrons ?<\/p><p>\u00a0<\/p>\t\t\t\t\t\t<\/div>\n\t\t\t\t<\/div>\n\t\t\t\t\t<\/div>\n\t\t<\/div>\n\t\t\t\t\t\t\t<\/div>\n\t\t<\/article>\n\t\t\t\t\t<\/div>\n\t\t<\/div>\n\t\t\t\t<aside class=\"elementor-column elementor-col-33 elementor-top-column elementor-element elementor-element-40f16844\" data-id=\"40f16844\" data-element_type=\"column\" data-settings=\"{&quot;background_background&quot;:&quot;classic&quot;}\">\n\t\t\t<div class=\"elementor-widget-wrap elementor-element-populated\">\n\t\t\t\t\t\t\t\t<section class=\"elementor-section elementor-inner-section elementor-element elementor-element-23f0840a sidebar-is-sticky elementor-section-boxed elementor-section-height-default elementor-section-height-default\" data-id=\"23f0840a\" data-element_type=\"section\">\n\t\t\t\t\t\t<div class=\"elementor-container elementor-column-gap-default\">\n\t\t\t\t\t<div class=\"elementor-column elementor-col-100 elementor-inner-column elementor-element elementor-element-5aad9068\" data-id=\"5aad9068\" data-element_type=\"column\">\n\t\t\t<div class=\"elementor-widget-wrap elementor-element-populated\">\n\t\t\t\t\t\t\t\t<div class=\"elementor-element elementor-element-3e241f3b elementor-widget elementor-widget-heading\" data-id=\"3e241f3b\" data-element_type=\"widget\" data-widget_type=\"heading.default\">\n\t\t\t\t<div class=\"elementor-widget-container\">\n\t\t\t<p class=\"elementor-heading-title elementor-size-default\">Informations pratiques<\/p>\t\t<\/div>\n\t\t\t\t<\/div>\n\t\t\t\t<div class=\"elementor-element elementor-element-21c3f3c6 elementor-align-left elementor-icon-list--layout-traditional elementor-list-item-link-full_width elementor-widget elementor-widget-icon-list\" data-id=\"21c3f3c6\" data-element_type=\"widget\" data-widget_type=\"icon-list.default\">\n\t\t\t\t<div class=\"elementor-widget-container\">\n\t\t\t\t\t<ul class=\"elementor-icon-list-items\">\n\t\t\t\t\t\t\t<li class=\"elementor-icon-list-item\">\n\t\t\t\t\t\t\t\t\t\t\t<span class=\"elementor-icon-list-icon\">\n\t\t\t\t\t\t\t<i aria-hidden=\"true\" class=\"fas fa-child\"><\/i>\t\t\t\t\t\t<\/span>\n\t\t\t\t\t\t\t\t\t\t<span class=\"elementor-icon-list-text\">Attractions<\/span>\n\t\t\t\t\t\t\t\t\t<\/li>\n\t\t\t\t\t\t\t\t<li class=\"elementor-icon-list-item\">\n\t\t\t\t\t\t\t\t\t\t\t<span class=\"elementor-icon-list-icon\">\n\t\t\t\t\t\t\t<i aria-hidden=\"true\" class=\"fas fa-map-marker-alt\"><\/i>\t\t\t\t\t\t<\/span>\n\t\t\t\t\t\t\t\t\t\t<span class=\"elementor-icon-list-text\">Quartier Croix-Rousse, Lyon 4<\/span>\n\t\t\t\t\t\t\t\t\t<\/li>\n\t\t\t\t\t\t\t\t<li class=\"elementor-icon-list-item\">\n\t\t\t\t\t\t\t\t\t\t\t<span class=\"elementor-icon-list-icon\">\n\t\t\t\t\t\t\t<i aria-hidden=\"true\" class=\"far fa-clock\"><\/i>\t\t\t\t\t\t<\/span>\n\t\t\t\t\t\t\t\t\t\t<span class=\"elementor-icon-list-text\">Du 7 octobre au 12 novembre 2023<\/span>\n\t\t\t\t\t\t\t\t\t<\/li>\n\t\t\t\t\t\t\t\t<li class=\"elementor-icon-list-item\">\n\t\t\t\t\t\t\t\t\t\t\t<a href=\"https:\/\/www.facebook.com\/voguedesmarrons\" target=\"_blank\" rel=\"nofollow\">\n\n\t\t\t\t\t\t\t\t\t\t\t\t<span class=\"elementor-icon-list-icon\">\n\t\t\t\t\t\t\t<i aria-hidden=\"true\" class=\"fab fa-facebook-f\"><\/i>\t\t\t\t\t\t<\/span>\n\t\t\t\t\t\t\t\t\t\t<span class=\"elementor-icon-list-text\">Vogue des Marrons<\/span>\n\t\t\t\t\t\t\t\t\t\t\t<\/a>\n\t\t\t\t\t\t\t\t\t<\/li>\n\t\t\t\t\t\t<\/ul>\n\t\t\t\t<\/div>\n\t\t\t\t<\/div>\n\t\t\t\t\t<\/div>\n\t\t<\/div>\n\t\t\t\t\t\t\t<\/div>\n\t\t<\/section>\n\t\t\t\t\t<\/div>\n\t\t<\/aside>\n\t\t\t\t\t\t\t<\/div>\n\t\t<\/section>\n\t\t\t\t<section class=\"elementor-section elementor-top-section elementor-element elementor-element-577fde32 elementor-section-full_width elementor-section-stretched elementor-section-height-default elementor-section-height-default\" data-id=\"577fde32\" data-element_type=\"section\" data-settings=\"{&quot;stretch_section&quot;:&quot;section-stretched&quot;}\">\n\t\t\t\t\t\t<div class=\"elementor-container elementor-column-gap-default\">\n\t\t\t\t\t<div class=\"elementor-column elementor-col-66 elementor-top-column elementor-element elementor-element-70fd85c\" data-id=\"70fd85c\" data-element_type=\"column\">\n\t\t\t<div class=\"elementor-widget-wrap elementor-element-populated\">\n\t\t\t\t\t\t\t\t<article class=\"elementor-section elementor-inner-section elementor-element elementor-element-712d08d elementor-section-content-middle elementor-section-full_width elementor-section-height-default elementor-section-height-default\" data-id=\"712d08d\" data-element_type=\"section\">\n\t\t\t\t\t\t<div class=\"elementor-container elementor-column-gap-default\">\n\t\t\t\t\t<div class=\"elementor-column elementor-col-50 elementor-inner-column elementor-element elementor-element-56d66b3d\" data-id=\"56d66b3d\" data-element_type=\"column\">\n\t\t\t<div class=\"elementor-widget-wrap elementor-element-populated\">\n\t\t\t\t\t\t\t\t<div class=\"elementor-element elementor-element-9ecfc9c elementor-widget elementor-widget-heading\" data-id=\"9ecfc9c\" data-element_type=\"widget\" data-widget_type=\"heading.default\">\n\t\t\t\t<div class=\"elementor-widget-container\">\n\t\t\t<h2 class=\"elementor-heading-title elementor-size-default\">Peinture Fra\u00eeche Festival<\/h2>\t\t<\/div>\n\t\t\t\t<\/div>\n\t\t\t\t<div class=\"elementor-element elementor-element-25b8dfd0 elementor-widget elementor-widget-text-editor\" data-id=\"25b8dfd0\" data-element_type=\"widget\" data-widget_type=\"text-editor.default\">\n\t\t\t\t<div class=\"elementor-widget-container\">\n\t\t\t\t\t\t\t<p>En octobre, \u00e0 Lyon, on peut aussi s&rsquo;\u00e9merveiller devant le street art ! Avec le festival international qu&rsquo;est Peinture Fra\u00eeche.&nbsp;<\/p>\n<p>Ce festival existe depuis 2019 et permet sur un bon petit mois de se connecter \u00e0 l&rsquo;art urbain. \u00c0 travers des expositions et de nombreuses performances, vous allez prendre de la couleur plein les yeux !<\/p>\n<p>Red\u00e9couvrez les anciennes usines Fagor et ses 15 000m\u00b2 \u00e0 travers des performances en live, des \u0153uvres en r\u00e9alit\u00e9 augment\u00e9es, de sculptures et installations ainsi que des conf\u00e9rences.<\/p>\n<p><\/p>\t\t\t\t\t\t<\/div>\n\t\t\t\t<\/div>\n\t\t\t\t\t<\/div>\n\t\t<\/div>\n\t\t\t\t<div class=\"elementor-column elementor-col-50 elementor-inner-column elementor-element elementor-element-7ea1304a\" data-id=\"7ea1304a\" data-element_type=\"column\">\n\t\t\t<div class=\"elementor-widget-wrap elementor-element-populated\">\n\t\t\t\t\t\t\t\t<div class=\"elementor-element elementor-element-24b6c574 elementor-widget elementor-widget-image\" data-id=\"24b6c574\" data-element_type=\"widget\" data-widget_type=\"image.default\">\n\t\t\t\t<div class=\"elementor-widget-container\">\n\t\t\t\t\t\t\t\t\t\t\t\t<figure class=\"wp-caption\">\n\t\t\t\t\t\t\t\t\t\t<img decoding=\"async\" width=\"779\" height=\"1024\" src=\"https:\/\/ousortirfrance.com\/lyon\/wp-content\/uploads\/sites\/8\/2023\/09\/Peinture-Fraiche-Festival-779x1024.png\" class=\"attachment-large size-large wp-image-13261\" alt=\"Peinture Fra\u00eeche Festival\" loading=\"lazy\" srcset=\"https:\/\/ousortirfrance.com\/lyon\/wp-content\/uploads\/sites\/8\/2023\/09\/Peinture-Fraiche-Festival-779x1024.png 779w, https:\/\/ousortirfrance.com\/lyon\/wp-content\/uploads\/sites\/8\/2023\/09\/Peinture-Fraiche-Festival-228x300.png 228w, https:\/\/ousortirfrance.com\/lyon\/wp-content\/uploads\/sites\/8\/2023\/09\/Peinture-Fraiche-Festival-768x1010.png 768w, https:\/\/ousortirfrance.com\/lyon\/wp-content\/uploads\/sites\/8\/2023\/09\/Peinture-Fraiche-Festival.png 1000w\" sizes=\"(max-width: 779px) 100vw, 779px\" \/>\t\t\t\t\t\t\t\t\t\t\t<figcaption class=\"widget-image-caption wp-caption-text\">\u00a9 Peinture Fra\u00eeche Festival<\/figcaption>\n\t\t\t\t\t\t\t\t\t\t<\/figure>\n\t\t\t\t\t\t\t\t\t<\/div>\n\t\t\t\t<\/div>\n\t\t\t\t\t<\/div>\n\t\t<\/div>\n\t\t\t\t\t\t\t<\/div>\n\t\t<\/article>\n\t\t\t\t\t<\/div>\n\t\t<\/div>\n\t\t\t\t<aside class=\"elementor-column elementor-col-33 elementor-top-column elementor-element elementor-element-60c91ee7\" data-id=\"60c91ee7\" data-element_type=\"column\" data-settings=\"{&quot;background_background&quot;:&quot;classic&quot;}\">\n\t\t\t<div class=\"elementor-widget-wrap elementor-element-populated\">\n\t\t\t\t\t\t\t\t<section class=\"elementor-section elementor-inner-section elementor-element elementor-element-27a93731 sidebar-is-sticky elementor-section-boxed elementor-section-height-default elementor-section-height-default\" data-id=\"27a93731\" data-element_type=\"section\">\n\t\t\t\t\t\t<div class=\"elementor-container elementor-column-gap-default\">\n\t\t\t\t\t<div class=\"elementor-column elementor-col-100 elementor-inner-column elementor-element elementor-element-508e9467\" data-id=\"508e9467\" data-element_type=\"column\">\n\t\t\t<div class=\"elementor-widget-wrap elementor-element-populated\">\n\t\t\t\t\t\t\t\t<div class=\"elementor-element elementor-element-55ecdcf5 elementor-widget elementor-widget-heading\" data-id=\"55ecdcf5\" data-element_type=\"widget\" data-widget_type=\"heading.default\">\n\t\t\t\t<div class=\"elementor-widget-container\">\n\t\t\t<p class=\"elementor-heading-title elementor-size-default\">Informations pratiques<\/p>\t\t<\/div>\n\t\t\t\t<\/div>\n\t\t\t\t<div class=\"elementor-element elementor-element-330f118c elementor-align-left elementor-icon-list--layout-traditional elementor-list-item-link-full_width elementor-widget elementor-widget-icon-list\" data-id=\"330f118c\" data-element_type=\"widget\" data-widget_type=\"icon-list.default\">\n\t\t\t\t<div class=\"elementor-widget-container\">\n\t\t\t\t\t<ul class=\"elementor-icon-list-items\">\n\t\t\t\t\t\t\t<li class=\"elementor-icon-list-item\">\n\t\t\t\t\t\t\t\t\t\t\t<span class=\"elementor-icon-list-icon\">\n\t\t\t\t\t\t\t<i aria-hidden=\"true\" class=\"fas fa-shopping-bag\"><\/i>\t\t\t\t\t\t<\/span>\n\t\t\t\t\t\t\t\t\t\t<span class=\"elementor-icon-list-text\">Shopping<\/span>\n\t\t\t\t\t\t\t\t\t<\/li>\n\t\t\t\t\t\t\t\t<li class=\"elementor-icon-list-item\">\n\t\t\t\t\t\t\t\t\t\t\t<span class=\"elementor-icon-list-icon\">\n\t\t\t\t\t\t\t<i aria-hidden=\"true\" class=\"fas fa-map-marker-alt\"><\/i>\t\t\t\t\t\t<\/span>\n\t\t\t\t\t\t\t\t\t\t<span class=\"elementor-icon-list-text\">65 rue Challemel Lacour,  Lyon 7<\/span>\n\t\t\t\t\t\t\t\t\t<\/li>\n\t\t\t\t\t\t\t\t<li class=\"elementor-icon-list-item\">\n\t\t\t\t\t\t\t\t\t\t\t<span class=\"elementor-icon-list-icon\">\n\t\t\t\t\t\t\t<i aria-hidden=\"true\" class=\"far fa-clock\"><\/i>\t\t\t\t\t\t<\/span>\n\t\t\t\t\t\t\t\t\t\t<span class=\"elementor-icon-list-text\">Du 11 octobre au 5 novembre<\/span>\n\t\t\t\t\t\t\t\t\t<\/li>\n\t\t\t\t\t\t\t\t<li class=\"elementor-icon-list-item\">\n\t\t\t\t\t\t\t\t\t\t\t<a href=\"https:\/\/www.peinturefraichefestival.fr\/\" target=\"_blank\" rel=\"nofollow\">\n\n\t\t\t\t\t\t\t\t\t\t\t\t<span class=\"elementor-icon-list-icon\">\n\t\t\t\t\t\t\t<i aria-hidden=\"true\" class=\"fas fa-globe-europe\"><\/i>\t\t\t\t\t\t<\/span>\n\t\t\t\t\t\t\t\t\t\t<span class=\"elementor-icon-list-text\">Peinture Fra\u00eeche Festival<\/span>\n\t\t\t\t\t\t\t\t\t\t\t<\/a>\n\t\t\t\t\t\t\t\t\t<\/li>\n\t\t\t\t\t\t<\/ul>\n\t\t\t\t<\/div>\n\t\t\t\t<\/div>\n\t\t\t\t\t<\/div>\n\t\t<\/div>\n\t\t\t\t\t\t\t<\/div>\n\t\t<\/section>\n\t\t\t\t\t<\/div>\n\t\t<\/aside>\n\t\t\t\t\t\t\t<\/div>\n\t\t<\/section>\n\t\t\t\t<section class=\"elementor-section elementor-top-section elementor-element elementor-element-c7d7ca5 elementor-section-full_width elementor-section-stretched elementor-section-height-default elementor-section-height-default\" data-id=\"c7d7ca5\" data-element_type=\"section\" data-settings=\"{&quot;stretch_section&quot;:&quot;section-stretched&quot;}\">\n\t\t\t\t\t\t<div class=\"elementor-container elementor-column-gap-default\">\n\t\t\t\t\t<div class=\"elementor-column elementor-col-66 elementor-top-column elementor-element elementor-element-1521ac33\" data-id=\"1521ac33\" data-element_type=\"column\">\n\t\t\t<div class=\"elementor-widget-wrap elementor-element-populated\">\n\t\t\t\t\t\t\t\t<article class=\"elementor-section elementor-inner-section elementor-element elementor-element-6be6c97d elementor-section-content-middle elementor-section-full_width elementor-section-height-default elementor-section-height-default\" data-id=\"6be6c97d\" data-element_type=\"section\">\n\t\t\t\t\t\t<div class=\"elementor-container elementor-column-gap-default\">\n\t\t\t\t\t<div class=\"elementor-column elementor-col-50 elementor-inner-column elementor-element elementor-element-153303fb\" data-id=\"153303fb\" data-element_type=\"column\">\n\t\t\t<div class=\"elementor-widget-wrap elementor-element-populated\">\n\t\t\t\t\t\t\t\t<div class=\"elementor-element elementor-element-9be6978 elementor-widget elementor-widget-image\" data-id=\"9be6978\" data-element_type=\"widget\" data-widget_type=\"image.default\">\n\t\t\t\t<div class=\"elementor-widget-container\">\n\t\t\t\t\t\t\t\t\t\t\t\t<figure class=\"wp-caption\">\n\t\t\t\t\t\t\t\t\t\t<img decoding=\"async\" width=\"683\" height=\"1024\" src=\"https:\/\/ousortirfrance.com\/lyon\/wp-content\/uploads\/sites\/8\/2023\/09\/Vincent-Piccerelle-NordicWalkin-Lyon-683x1024.jpg\" class=\"attachment-large size-large wp-image-13250\" alt=\"NordicWalkin Lyon, que faire \u00e0 Lyon en octobre ?\" loading=\"lazy\" srcset=\"https:\/\/ousortirfrance.com\/lyon\/wp-content\/uploads\/sites\/8\/2023\/09\/Vincent-Piccerelle-NordicWalkin-Lyon-683x1024.jpg 683w, https:\/\/ousortirfrance.com\/lyon\/wp-content\/uploads\/sites\/8\/2023\/09\/Vincent-Piccerelle-NordicWalkin-Lyon-200x300.jpg 200w, https:\/\/ousortirfrance.com\/lyon\/wp-content\/uploads\/sites\/8\/2023\/09\/Vincent-Piccerelle-NordicWalkin-Lyon-768x1152.jpg 768w, https:\/\/ousortirfrance.com\/lyon\/wp-content\/uploads\/sites\/8\/2023\/09\/Vincent-Piccerelle-NordicWalkin-Lyon-1024x1536.jpg 1024w, https:\/\/ousortirfrance.com\/lyon\/wp-content\/uploads\/sites\/8\/2023\/09\/Vincent-Piccerelle-NordicWalkin-Lyon.jpg 1080w\" sizes=\"(max-width: 683px) 100vw, 683px\" \/>\t\t\t\t\t\t\t\t\t\t\t<figcaption class=\"widget-image-caption wp-caption-text\">\u00a9 Vincent Piccerelle - NordicWalkin'Lyon<\/figcaption>\n\t\t\t\t\t\t\t\t\t\t<\/figure>\n\t\t\t\t\t\t\t\t\t<\/div>\n\t\t\t\t<\/div>\n\t\t\t\t\t<\/div>\n\t\t<\/div>\n\t\t\t\t<div class=\"elementor-column elementor-col-50 elementor-inner-column elementor-element elementor-element-54ca0b2f\" data-id=\"54ca0b2f\" data-element_type=\"column\">\n\t\t\t<div class=\"elementor-widget-wrap elementor-element-populated\">\n\t\t\t\t\t\t\t\t<div class=\"elementor-element elementor-element-5c4736f9 elementor-widget elementor-widget-heading\" data-id=\"5c4736f9\" data-element_type=\"widget\" data-widget_type=\"heading.default\">\n\t\t\t\t<div class=\"elementor-widget-container\">\n\t\t\t<h2 class=\"elementor-heading-title elementor-size-default\">NordicWalkin'Lyon<\/h2>\t\t<\/div>\n\t\t\t\t<\/div>\n\t\t\t\t<div class=\"elementor-element elementor-element-30e152ed elementor-widget elementor-widget-text-editor\" data-id=\"30e152ed\" data-element_type=\"widget\" data-widget_type=\"text-editor.default\">\n\t\t\t\t<div class=\"elementor-widget-container\">\n\t\t\t\t\t\t\t<p>Que faire \u00e0 Lyon en octobre ? Une marche nordique !\u00a0<\/p><p>Pour sa 8\u00e8 \u00e9dition, la NordicWalkin&rsquo;Lyon vous embarque sur deux jours de Marche urbaine ou de Randonn\u00e9e P\u00e9destre, \u00e0 vous de choisir ! Pour des parcours au travers de la ville et de ses plus beaux sites. Choisissez entre le 8km, le 13km, le 16km ou le 20km. Que vous soyez un marcheur du dimanche, ou marcheur nordique exp\u00e9riment\u00e9, vous pourrez vous adonner durant ces deux jours \u00e0 la formule qui vous attire le plus. Si le concept de marche nordique vous est inconnu mais vous intrigue, vous pourrez tester gr\u00e2ce \u00e0 des s\u00e9ances d&rsquo;initiation avec le pr\u00eat de b\u00e2tons NordicWalkin<span style=\"color: #000000; font-family: Inter, Helvetica, Arial, sans-serif; font-size: medium; background-color: var(--ast-global-color-4);\">\u00ae.<\/span><span style=\"font-style: inherit; font-weight: inherit; background-color: var(--ast-global-color-4); color: var(--ast-global-color-3);\">\u00a0<\/span><\/p><p><span style=\"font-style: inherit; font-weight: inherit; background-color: var(--ast-global-color-4); color: var(--ast-global-color-3);\">Partez sereins sur des voies pi\u00e9tonnes, des terrains goudronn\u00e9s ou stabilis\u00e9s, qui sont tous balis\u00e9s pour vous garantir une s\u00e9curit\u00e9. Et tout au long de votre cheminement, vous aurez la chance de vous faire expliquer Lyon et ses secrets par des guides OnlyLyon Tourisme, mais aussi de vous ravitailler sur la route.<\/span><\/p><p><span style=\"font-style: inherit; font-weight: inherit; background-color: var(--ast-global-color-4); color: var(--ast-global-color-3);\">Et si vous n&rsquo;\u00eates pas d&rsquo;humeur \u00e0 marcher, l\u00e0 o\u00f9 d\u00e9marrent toutes les marches, au parc de Gerland, vous pourrez vous balader dans le Salon de la Marche Nordique &amp; du Bien-\u00catre.<br \/>Au programme, des animations gratuites, des exposants \u00e9quipementiers ainsi que des marques outdoor, et tout ce qui tourne autour de la di\u00e9t\u00e9tique sportive.<\/span><\/p>\t\t\t\t\t\t<\/div>\n\t\t\t\t<\/div>\n\t\t\t\t\t<\/div>\n\t\t<\/div>\n\t\t\t\t\t\t\t<\/div>\n\t\t<\/article>\n\t\t\t\t\t<\/div>\n\t\t<\/div>\n\t\t\t\t<aside class=\"elementor-column elementor-col-33 elementor-top-column elementor-element elementor-element-5826592f\" data-id=\"5826592f\" data-element_type=\"column\" data-settings=\"{&quot;background_background&quot;:&quot;classic&quot;}\">\n\t\t\t<div class=\"elementor-widget-wrap elementor-element-populated\">\n\t\t\t\t\t\t\t\t<section class=\"elementor-section elementor-inner-section elementor-element elementor-element-44d6d6c6 sidebar-is-sticky elementor-section-boxed elementor-section-height-default elementor-section-height-default\" data-id=\"44d6d6c6\" data-element_type=\"section\">\n\t\t\t\t\t\t<div class=\"elementor-container elementor-column-gap-default\">\n\t\t\t\t\t<div class=\"elementor-column elementor-col-100 elementor-inner-column elementor-element elementor-element-7810afad\" data-id=\"7810afad\" data-element_type=\"column\">\n\t\t\t<div class=\"elementor-widget-wrap elementor-element-populated\">\n\t\t\t\t\t\t\t\t<div class=\"elementor-element elementor-element-606730de elementor-widget elementor-widget-heading\" data-id=\"606730de\" data-element_type=\"widget\" data-widget_type=\"heading.default\">\n\t\t\t\t<div class=\"elementor-widget-container\">\n\t\t\t<p class=\"elementor-heading-title elementor-size-default\">Informations pratiques<\/p>\t\t<\/div>\n\t\t\t\t<\/div>\n\t\t\t\t<div class=\"elementor-element elementor-element-42c31f8 elementor-align-left elementor-icon-list--layout-traditional elementor-list-item-link-full_width elementor-widget elementor-widget-icon-list\" data-id=\"42c31f8\" data-element_type=\"widget\" data-widget_type=\"icon-list.default\">\n\t\t\t\t<div class=\"elementor-widget-container\">\n\t\t\t\t\t<ul class=\"elementor-icon-list-items\">\n\t\t\t\t\t\t\t<li class=\"elementor-icon-list-item\">\n\t\t\t\t\t\t\t\t\t\t\t<span class=\"elementor-icon-list-icon\">\n\t\t\t\t\t\t\t<i aria-hidden=\"true\" class=\"fas fa-walking\"><\/i>\t\t\t\t\t\t<\/span>\n\t\t\t\t\t\t\t\t\t\t<span class=\"elementor-icon-list-text\">Marche Nordique<\/span>\n\t\t\t\t\t\t\t\t\t<\/li>\n\t\t\t\t\t\t\t\t<li class=\"elementor-icon-list-item\">\n\t\t\t\t\t\t\t\t\t\t\t<a href=\"https:\/\/www.google.com\/maps\/place\/KILOSHOP+LYON+BOURSE\/@45.7646014,4.8348011,17z\/data=!3m1!4b1!4m5!3m4!1s0x47f4eb6d288e8739:0xfa3a31340bd0882e!8m2!3d45.7646014!4d4.8369898\">\n\n\t\t\t\t\t\t\t\t\t\t\t\t<span class=\"elementor-icon-list-icon\">\n\t\t\t\t\t\t\t<i aria-hidden=\"true\" class=\"fas fa-map-marker-alt\"><\/i>\t\t\t\t\t\t<\/span>\n\t\t\t\t\t\t\t\t\t\t<span class=\"elementor-icon-list-text\">Petite Prairie du Parc de Gerland, All\u00e9e Pierre de Coubertin, <br>Lyon 7<\/span>\n\t\t\t\t\t\t\t\t\t\t\t<\/a>\n\t\t\t\t\t\t\t\t\t<\/li>\n\t\t\t\t\t\t\t\t<li class=\"elementor-icon-list-item\">\n\t\t\t\t\t\t\t\t\t\t\t<span class=\"elementor-icon-list-icon\">\n\t\t\t\t\t\t\t<i aria-hidden=\"true\" class=\"far fa-clock\"><\/i>\t\t\t\t\t\t<\/span>\n\t\t\t\t\t\t\t\t\t\t<span class=\"elementor-icon-list-text\">14 et 15 octobre<\/span>\n\t\t\t\t\t\t\t\t\t<\/li>\n\t\t\t\t\t\t\t\t<li class=\"elementor-icon-list-item\">\n\t\t\t\t\t\t\t\t\t\t\t<a href=\"http:\/\/www.nordicwalkinlyon.com\/\" target=\"_blank\" rel=\"nofollow\">\n\n\t\t\t\t\t\t\t\t\t\t\t\t<span class=\"elementor-icon-list-icon\">\n\t\t\t\t\t\t\t<i aria-hidden=\"true\" class=\"fas fa-globe-asia\"><\/i>\t\t\t\t\t\t<\/span>\n\t\t\t\t\t\t\t\t\t\t<span class=\"elementor-icon-list-text\">Site de la NordicWalkin'Lyon<\/span>\n\t\t\t\t\t\t\t\t\t\t\t<\/a>\n\t\t\t\t\t\t\t\t\t<\/li>\n\t\t\t\t\t\t\t\t<li class=\"elementor-icon-list-item\">\n\t\t\t\t\t\t\t\t\t\t\t<span class=\"elementor-icon-list-icon\">\n\t\t\t\t\t\t\t<i aria-hidden=\"true\" class=\"far fa-money-bill-alt\"><\/i>\t\t\t\t\t\t<\/span>\n\t\t\t\t\t\t\t\t\t\t<span class=\"elementor-icon-list-text\">Plein tarif : de 19 \u00e0 30 \u20ac (tarifs selon les parcours et le nombre d'inscrits.)<\/span>\n\t\t\t\t\t\t\t\t\t<\/li>\n\t\t\t\t\t\t<\/ul>\n\t\t\t\t<\/div>\n\t\t\t\t<\/div>\n\t\t\t\t\t<\/div>\n\t\t<\/div>\n\t\t\t\t\t\t\t<\/div>\n\t\t<\/section>\n\t\t\t\t\t<\/div>\n\t\t<\/aside>\n\t\t\t\t\t\t\t<\/div>\n\t\t<\/section>\n\t\t\t\t<section class=\"elementor-section elementor-top-section elementor-element elementor-element-18262f76 elementor-section-full_width elementor-section-stretched elementor-section-height-default elementor-section-height-default\" data-id=\"18262f76\" data-element_type=\"section\" data-settings=\"{&quot;stretch_section&quot;:&quot;section-stretched&quot;}\">\n\t\t\t\t\t\t<div class=\"elementor-container elementor-column-gap-default\">\n\t\t\t\t\t<div class=\"elementor-column elementor-col-66 elementor-top-column elementor-element elementor-element-8b12320\" data-id=\"8b12320\" data-element_type=\"column\">\n\t\t\t<div class=\"elementor-widget-wrap elementor-element-populated\">\n\t\t\t\t\t\t\t\t<article class=\"elementor-section elementor-inner-section elementor-element elementor-element-4fdaa3a3 elementor-section-content-middle elementor-section-full_width elementor-section-height-default elementor-section-height-default\" data-id=\"4fdaa3a3\" data-element_type=\"section\">\n\t\t\t\t\t\t<div class=\"elementor-container elementor-column-gap-default\">\n\t\t\t\t\t<div class=\"elementor-column elementor-col-50 elementor-inner-column elementor-element elementor-element-7c414bdb\" data-id=\"7c414bdb\" data-element_type=\"column\">\n\t\t\t<div class=\"elementor-widget-wrap elementor-element-populated\">\n\t\t\t\t\t\t\t\t<div class=\"elementor-element elementor-element-15ec6a95 elementor-widget elementor-widget-heading\" data-id=\"15ec6a95\" data-element_type=\"widget\" data-widget_type=\"heading.default\">\n\t\t\t\t<div class=\"elementor-widget-container\">\n\t\t\t<h2 class=\"elementor-heading-title elementor-size-default\">Festival Lumi\u00e8re<\/h2>\t\t<\/div>\n\t\t\t\t<\/div>\n\t\t\t\t<div class=\"elementor-element elementor-element-5c318220 elementor-widget elementor-widget-text-editor\" data-id=\"5c318220\" data-element_type=\"widget\" data-widget_type=\"text-editor.default\">\n\t\t\t\t<div class=\"elementor-widget-container\">\n\t\t\t\t\t\t\t<p><span style=\"font-style: inherit; font-weight: inherit; background-color: var(--ast-global-color-4); color: var(--ast-global-color-3);\">La soir\u00e9e d&rsquo;ouverture de ce festival qui f\u00eate d\u00e9j\u00e0 sa&nbsp;<\/span><span style=\"background-color: var(--ast-global-color-4); color: var(--ast-global-color-3); font-size: 1rem;\">15\u00e8 \u00e9dition , se d\u00e9roulera \u00e0 la Halle Tony Garnier \u00e0 17h30 le 14 octobre.<br><\/span>Mais au fait, qu&rsquo;est-ce que le Festival Lumi\u00e8re ? Plusieurs jours, des hommages aux grands cin\u00e9astes, des projections g\u00e9antes, des masterclasses, mais aussi des films en avant-premi\u00e8re ! Vous l&rsquo;aurez compris, on c\u00e9l\u00e8bre chaque ann\u00e9e le 7\u00e8 art qui est n\u00e9 \u00e0 Lyon !<\/p>\n<p>Profitez du cin\u00e9ma dans plus de 46 lieux diff\u00e9rents au travers de 21 communes de la m\u00e9tropole lyonnaise. Shoppez vos places sur le site <a href=\"https:\/\/www.festival-lumiere.org\/\">du festival<\/a> !<\/p>\n<p>Cette ann\u00e9e, le Prix Lumi\u00e8re se verra remis \u00e0 Wim Wenders, le r\u00e9alisateur de <i>Paris, Texas<\/i>.<\/p>\t\t\t\t\t\t<\/div>\n\t\t\t\t<\/div>\n\t\t\t\t\t<\/div>\n\t\t<\/div>\n\t\t\t\t<div class=\"elementor-column elementor-col-50 elementor-inner-column elementor-element elementor-element-3f8a0ab7\" data-id=\"3f8a0ab7\" data-element_type=\"column\">\n\t\t\t<div class=\"elementor-widget-wrap elementor-element-populated\">\n\t\t\t\t\t\t\t\t<div class=\"elementor-element elementor-element-56c0b34c elementor-widget elementor-widget-image\" data-id=\"56c0b34c\" data-element_type=\"widget\" data-widget_type=\"image.default\">\n\t\t\t\t<div class=\"elementor-widget-container\">\n\t\t\t\t\t\t\t\t\t\t\t\t<figure class=\"wp-caption\">\n\t\t\t\t\t\t\t\t\t\t<img decoding=\"async\" width=\"752\" height=\"1024\" src=\"https:\/\/ousortirfrance.com\/lyon\/wp-content\/uploads\/sites\/8\/2023\/09\/le-festival-lumiere-752x1024.jpg\" class=\"attachment-large size-large wp-image-13257\" alt=\"le festival lumiere, que faire \u00e0 Lyon en octobre ?\" loading=\"lazy\" srcset=\"https:\/\/ousortirfrance.com\/lyon\/wp-content\/uploads\/sites\/8\/2023\/09\/le-festival-lumiere-752x1024.jpg 752w, https:\/\/ousortirfrance.com\/lyon\/wp-content\/uploads\/sites\/8\/2023\/09\/le-festival-lumiere-220x300.jpg 220w, https:\/\/ousortirfrance.com\/lyon\/wp-content\/uploads\/sites\/8\/2023\/09\/le-festival-lumiere-768x1045.jpg 768w, https:\/\/ousortirfrance.com\/lyon\/wp-content\/uploads\/sites\/8\/2023\/09\/le-festival-lumiere.jpg 1000w\" sizes=\"(max-width: 752px) 100vw, 752px\" \/>\t\t\t\t\t\t\t\t\t\t\t<figcaption class=\"widget-image-caption wp-caption-text\">\u00a9Festival Lumi\u00e8re<\/figcaption>\n\t\t\t\t\t\t\t\t\t\t<\/figure>\n\t\t\t\t\t\t\t\t\t<\/div>\n\t\t\t\t<\/div>\n\t\t\t\t\t<\/div>\n\t\t<\/div>\n\t\t\t\t\t\t\t<\/div>\n\t\t<\/article>\n\t\t\t\t\t<\/div>\n\t\t<\/div>\n\t\t\t\t<aside class=\"elementor-column elementor-col-33 elementor-top-column elementor-element elementor-element-3bfa6def\" data-id=\"3bfa6def\" data-element_type=\"column\" data-settings=\"{&quot;background_background&quot;:&quot;classic&quot;}\">\n\t\t\t<div class=\"elementor-widget-wrap elementor-element-populated\">\n\t\t\t\t\t\t\t\t<section class=\"elementor-section elementor-inner-section elementor-element elementor-element-4356dec8 sidebar-is-sticky elementor-section-boxed elementor-section-height-default elementor-section-height-default\" data-id=\"4356dec8\" data-element_type=\"section\">\n\t\t\t\t\t\t<div class=\"elementor-container elementor-column-gap-default\">\n\t\t\t\t\t<div class=\"elementor-column elementor-col-100 elementor-inner-column elementor-element elementor-element-5ddd59e8\" data-id=\"5ddd59e8\" data-element_type=\"column\">\n\t\t\t<div class=\"elementor-widget-wrap elementor-element-populated\">\n\t\t\t\t\t\t\t\t<div class=\"elementor-element elementor-element-1be69fbe elementor-widget elementor-widget-heading\" data-id=\"1be69fbe\" data-element_type=\"widget\" data-widget_type=\"heading.default\">\n\t\t\t\t<div class=\"elementor-widget-container\">\n\t\t\t<p class=\"elementor-heading-title elementor-size-default\">Informations pratiques<\/p>\t\t<\/div>\n\t\t\t\t<\/div>\n\t\t\t\t<div class=\"elementor-element elementor-element-4159cf89 elementor-align-left elementor-icon-list--layout-traditional elementor-list-item-link-full_width elementor-widget elementor-widget-icon-list\" data-id=\"4159cf89\" data-element_type=\"widget\" data-widget_type=\"icon-list.default\">\n\t\t\t\t<div class=\"elementor-widget-container\">\n\t\t\t\t\t<ul class=\"elementor-icon-list-items\">\n\t\t\t\t\t\t\t<li class=\"elementor-icon-list-item\">\n\t\t\t\t\t\t\t\t\t\t\t<span class=\"elementor-icon-list-icon\">\n\t\t\t\t\t\t\t<i aria-hidden=\"true\" class=\"fas fa-film\"><\/i>\t\t\t\t\t\t<\/span>\n\t\t\t\t\t\t\t\t\t\t<span class=\"elementor-icon-list-text\">Cin\u00e9ma<\/span>\n\t\t\t\t\t\t\t\t\t<\/li>\n\t\t\t\t\t\t\t\t<li class=\"elementor-icon-list-item\">\n\t\t\t\t\t\t\t\t\t\t\t<a href=\"https:\/\/www.google.com\/maps\/place\/fripesketchup\/@45.7688887,4.8291257,17z\/data=!3m1!4b1!4m5!3m4!1s0x47f4eafde1f4c7cd:0xac01ef9e51649e64!8m2!3d45.7688929!4d4.831314\">\n\n\t\t\t\t\t\t\t\t\t\t\t\t<span class=\"elementor-icon-list-icon\">\n\t\t\t\t\t\t\t<i aria-hidden=\"true\" class=\"fas fa-map-marker-alt\"><\/i>\t\t\t\t\t\t<\/span>\n\t\t\t\t\t\t\t\t\t\t<span class=\"elementor-icon-list-text\">Plusieurs lieux dans Lyon<\/span>\n\t\t\t\t\t\t\t\t\t\t\t<\/a>\n\t\t\t\t\t\t\t\t\t<\/li>\n\t\t\t\t\t\t\t\t<li class=\"elementor-icon-list-item\">\n\t\t\t\t\t\t\t\t\t\t\t<span class=\"elementor-icon-list-icon\">\n\t\t\t\t\t\t\t<i aria-hidden=\"true\" class=\"far fa-clock\"><\/i>\t\t\t\t\t\t<\/span>\n\t\t\t\t\t\t\t\t\t\t<span class=\"elementor-icon-list-text\">Du 14 au 23 octobre 2023<\/span>\n\t\t\t\t\t\t\t\t\t<\/li>\n\t\t\t\t\t\t\t\t<li class=\"elementor-icon-list-item\">\n\t\t\t\t\t\t\t\t\t\t\t<a href=\"http:\/\/www.festival-lumiere.org\/\" target=\"_blank\" rel=\"nofollow\">\n\n\t\t\t\t\t\t\t\t\t\t\t\t<span class=\"elementor-icon-list-icon\">\n\t\t\t\t\t\t\t<i aria-hidden=\"true\" class=\"fas fa-globe-americas\"><\/i>\t\t\t\t\t\t<\/span>\n\t\t\t\t\t\t\t\t\t\t<span class=\"elementor-icon-list-text\">Festival Lumi\u00e8re Lyon<\/span>\n\t\t\t\t\t\t\t\t\t\t\t<\/a>\n\t\t\t\t\t\t\t\t\t<\/li>\n\t\t\t\t\t\t\t\t<li class=\"elementor-icon-list-item\">\n\t\t\t\t\t\t\t\t\t\t\t<a href=\"tel:04%2078%2076%2077%2078\">\n\n\t\t\t\t\t\t\t\t\t\t\t\t<span class=\"elementor-icon-list-icon\">\n\t\t\t\t\t\t\t<i aria-hidden=\"true\" class=\"fas fa-phone-alt\"><\/i>\t\t\t\t\t\t<\/span>\n\t\t\t\t\t\t\t\t\t\t<span class=\"elementor-icon-list-text\">04 78 76 77 78<\/span>\n\t\t\t\t\t\t\t\t\t\t\t<\/a>\n\t\t\t\t\t\t\t\t\t<\/li>\n\t\t\t\t\t\t<\/ul>\n\t\t\t\t<\/div>\n\t\t\t\t<\/div>\n\t\t\t\t\t<\/div>\n\t\t<\/div>\n\t\t\t\t\t\t\t<\/div>\n\t\t<\/section>\n\t\t\t\t\t<\/div>\n\t\t<\/aside>\n\t\t\t\t\t\t\t<\/div>\n\t\t<\/section>\n\t\t\t\t<section class=\"elementor-section elementor-top-section elementor-element elementor-element-3f12149c elementor-section-full_width elementor-section-stretched elementor-section-height-default elementor-section-height-default\" data-id=\"3f12149c\" data-element_type=\"section\" data-settings=\"{&quot;stretch_section&quot;:&quot;section-stretched&quot;}\">\n\t\t\t\t\t\t<div class=\"elementor-container elementor-column-gap-default\">\n\t\t\t\t\t<div class=\"elementor-column elementor-col-66 elementor-top-column elementor-element elementor-element-68e84eab\" data-id=\"68e84eab\" data-element_type=\"column\">\n\t\t\t<div class=\"elementor-widget-wrap elementor-element-populated\">\n\t\t\t\t\t\t\t\t<article class=\"elementor-section elementor-inner-section elementor-element elementor-element-76822271 elementor-section-content-middle elementor-section-full_width elementor-section-height-default elementor-section-height-default\" data-id=\"76822271\" data-element_type=\"section\">\n\t\t\t\t\t\t<div class=\"elementor-container elementor-column-gap-default\">\n\t\t\t\t\t<div class=\"elementor-column elementor-col-50 elementor-inner-column elementor-element elementor-element-321a8f8f\" data-id=\"321a8f8f\" data-element_type=\"column\">\n\t\t\t<div class=\"elementor-widget-wrap elementor-element-populated\">\n\t\t\t\t\t\t\t\t<div class=\"elementor-element elementor-element-507953e4 elementor-widget elementor-widget-image\" data-id=\"507953e4\" data-element_type=\"widget\" data-widget_type=\"image.default\">\n\t\t\t\t<div class=\"elementor-widget-container\">\n\t\t\t\t\t\t\t\t\t\t\t\t<figure class=\"wp-caption\">\n\t\t\t\t\t\t\t\t\t\t<img decoding=\"async\" width=\"1024\" height=\"683\" src=\"https:\/\/ousortirfrance.com\/lyon\/wp-content\/uploads\/sites\/8\/2023\/09\/Run-in-Lyon-photo-by-Morgan-Bove-1024x683.jpg\" class=\"attachment-large size-large wp-image-13243\" alt=\"\" loading=\"lazy\" srcset=\"https:\/\/ousortirfrance.com\/lyon\/wp-content\/uploads\/sites\/8\/2023\/09\/Run-in-Lyon-photo-by-Morgan-Bove-1024x683.jpg 1024w, https:\/\/ousortirfrance.com\/lyon\/wp-content\/uploads\/sites\/8\/2023\/09\/Run-in-Lyon-photo-by-Morgan-Bove-300x200.jpg 300w, https:\/\/ousortirfrance.com\/lyon\/wp-content\/uploads\/sites\/8\/2023\/09\/Run-in-Lyon-photo-by-Morgan-Bove-768x512.jpg 768w, https:\/\/ousortirfrance.com\/lyon\/wp-content\/uploads\/sites\/8\/2023\/09\/Run-in-Lyon-photo-by-Morgan-Bove.jpg 1500w\" sizes=\"(max-width: 1024px) 100vw, 1024px\" \/>\t\t\t\t\t\t\t\t\t\t\t<figcaption class=\"widget-image-caption wp-caption-text\">\u00a9Morgan Bove - Run in Lyon<\/figcaption>\n\t\t\t\t\t\t\t\t\t\t<\/figure>\n\t\t\t\t\t\t\t\t\t<\/div>\n\t\t\t\t<\/div>\n\t\t\t\t\t<\/div>\n\t\t<\/div>\n\t\t\t\t<div class=\"elementor-column elementor-col-50 elementor-inner-column elementor-element elementor-element-bd96394\" data-id=\"bd96394\" data-element_type=\"column\">\n\t\t\t<div class=\"elementor-widget-wrap elementor-element-populated\">\n\t\t\t\t\t\t\t\t<div class=\"elementor-element elementor-element-745f8cd5 elementor-widget elementor-widget-heading\" data-id=\"745f8cd5\" data-element_type=\"widget\" data-widget_type=\"heading.default\">\n\t\t\t\t<div class=\"elementor-widget-container\">\n\t\t\t<h2 class=\"elementor-heading-title elementor-size-default\">Run in Lyon by Harmonie Mutuelle<\/h2>\t\t<\/div>\n\t\t\t\t<\/div>\n\t\t\t\t<div class=\"elementor-element elementor-element-6d61190f elementor-widget elementor-widget-text-editor\" data-id=\"6d61190f\" data-element_type=\"widget\" data-widget_type=\"text-editor.default\">\n\t\t\t\t<div class=\"elementor-widget-container\">\n\t\t\t\t\t\t\t<p><span style=\"font-style: inherit; font-weight: inherit; background-color: var(--ast-global-color-4); color: var(--ast-global-color-3);\">Pour sa 10\u00e8 \u00e9dition, la course, ou plut\u00f4t les courses, de Run in Lyon se d\u00e9rouleront le 22 octobre !<\/span><\/p>\n<p><span style=\"font-style: inherit; font-weight: inherit; background-color: var(--ast-global-color-4); color: var(--ast-global-color-3);\">&nbsp;Osez franchir le pas en participant \u00e0 l&rsquo;une de leur courses !<br>Vous pouvez faire 5km, 10km, un semi-marathon ou un marathon, selon vos ambitions !<\/span><\/p>\n<p><span style=\"font-style: inherit; font-weight: inherit; background-color: var(--ast-global-color-4); color: var(--ast-global-color-3);\">Pour les enfants de 5 \u00e0 12 ans, il y a la Marathoon&rsquo;s, qui se d\u00e9roule le samedi 21 sur la place Bellecour. Elle comporte 4 distances diff\u00e9rentes adapt\u00e9es aux \u00e2ges.<\/span><\/p>\n<p><\/p>\t\t\t\t\t\t<\/div>\n\t\t\t\t<\/div>\n\t\t\t\t\t<\/div>\n\t\t<\/div>\n\t\t\t\t\t\t\t<\/div>\n\t\t<\/article>\n\t\t\t\t\t<\/div>\n\t\t<\/div>\n\t\t\t\t<aside class=\"elementor-column elementor-col-33 elementor-top-column elementor-element elementor-element-16b62ce2\" data-id=\"16b62ce2\" data-element_type=\"column\" data-settings=\"{&quot;background_background&quot;:&quot;classic&quot;}\">\n\t\t\t<div class=\"elementor-widget-wrap elementor-element-populated\">\n\t\t\t\t\t\t\t\t<section class=\"elementor-section elementor-inner-section elementor-element elementor-element-33aad37a sidebar-is-sticky elementor-section-boxed elementor-section-height-default elementor-section-height-default\" data-id=\"33aad37a\" data-element_type=\"section\">\n\t\t\t\t\t\t<div class=\"elementor-container elementor-column-gap-default\">\n\t\t\t\t\t<div class=\"elementor-column elementor-col-100 elementor-inner-column elementor-element elementor-element-23b8316e\" data-id=\"23b8316e\" data-element_type=\"column\">\n\t\t\t<div class=\"elementor-widget-wrap elementor-element-populated\">\n\t\t\t\t\t\t\t\t<div class=\"elementor-element elementor-element-3f5b2400 elementor-widget elementor-widget-heading\" data-id=\"3f5b2400\" data-element_type=\"widget\" data-widget_type=\"heading.default\">\n\t\t\t\t<div class=\"elementor-widget-container\">\n\t\t\t<p class=\"elementor-heading-title elementor-size-default\">Informations pratiques<\/p>\t\t<\/div>\n\t\t\t\t<\/div>\n\t\t\t\t<div class=\"elementor-element elementor-element-6d0c6dc8 elementor-align-left elementor-icon-list--layout-traditional elementor-list-item-link-full_width elementor-widget elementor-widget-icon-list\" data-id=\"6d0c6dc8\" data-element_type=\"widget\" data-widget_type=\"icon-list.default\">\n\t\t\t\t<div class=\"elementor-widget-container\">\n\t\t\t\t\t<ul class=\"elementor-icon-list-items\">\n\t\t\t\t\t\t\t<li class=\"elementor-icon-list-item\">\n\t\t\t\t\t\t\t\t\t\t\t<span class=\"elementor-icon-list-icon\">\n\t\t\t\t\t\t\t<i aria-hidden=\"true\" class=\"fas fa-shopping-bag\"><\/i>\t\t\t\t\t\t<\/span>\n\t\t\t\t\t\t\t\t\t\t<span class=\"elementor-icon-list-text\">Course, marathon, semi-marathon<\/span>\n\t\t\t\t\t\t\t\t\t<\/li>\n\t\t\t\t\t\t\t\t<li class=\"elementor-icon-list-item\">\n\t\t\t\t\t\t\t\t\t\t\t<span class=\"elementor-icon-list-icon\">\n\t\t\t\t\t\t\t<i aria-hidden=\"true\" class=\"fas fa-map-marker-alt\"><\/i>\t\t\t\t\t\t<\/span>\n\t\t\t\t\t\t\t\t\t\t<span class=\"elementor-icon-list-text\">Tout Lyon<\/span>\n\t\t\t\t\t\t\t\t\t<\/li>\n\t\t\t\t\t\t\t\t<li class=\"elementor-icon-list-item\">\n\t\t\t\t\t\t\t\t\t\t\t<span class=\"elementor-icon-list-icon\">\n\t\t\t\t\t\t\t<i aria-hidden=\"true\" class=\"far fa-clock\"><\/i>\t\t\t\t\t\t<\/span>\n\t\t\t\t\t\t\t\t\t\t<span class=\"elementor-icon-list-text\">dimanche 22 octobre<\/span>\n\t\t\t\t\t\t\t\t\t<\/li>\n\t\t\t\t\t\t\t\t<li class=\"elementor-icon-list-item\">\n\t\t\t\t\t\t\t\t\t\t\t<a href=\"https:\/\/www.runinlyon.com\/fr\/course\/actualites\" target=\"_blank\" rel=\"nofollow\">\n\n\t\t\t\t\t\t\t\t\t\t\t\t<span class=\"elementor-icon-list-icon\">\n\t\t\t\t\t\t\t<i aria-hidden=\"true\" class=\"fas fa-globe-africa\"><\/i>\t\t\t\t\t\t<\/span>\n\t\t\t\t\t\t\t\t\t\t<span class=\"elementor-icon-list-text\">Run in Lyon<\/span>\n\t\t\t\t\t\t\t\t\t\t\t<\/a>\n\t\t\t\t\t\t\t\t\t<\/li>\n\t\t\t\t\t\t<\/ul>\n\t\t\t\t<\/div>\n\t\t\t\t<\/div>\n\t\t\t\t\t<\/div>\n\t\t<\/div>\n\t\t\t\t\t\t\t<\/div>\n\t\t<\/section>\n\t\t\t\t\t<\/div>\n\t\t<\/aside>\n\t\t\t\t\t\t\t<\/div>\n\t\t<\/section>\n\t\t\t\t<div class=\"elementor-section elementor-top-section elementor-element elementor-element-8916bd0 elementor-section-full_width elementor-section-height-default elementor-section-height-default\" data-id=\"8916bd0\" data-element_type=\"section\">\n\t\t\t\t\t\t<div class=\"elementor-container elementor-column-gap-default\">\n\t\t\t\t\t<div class=\"elementor-column elementor-col-100 elementor-top-column elementor-element elementor-element-68690d3d\" data-id=\"68690d3d\" data-element_type=\"column\">\n\t\t\t<div class=\"elementor-widget-wrap elementor-element-populated\">\n\t\t\t\t\t\t\t\t<div class=\"elementor-element elementor-element-5f3cf15f elementor-arrows-position-inside elementor-pagination-position-outside elementor-widget elementor-widget-image-carousel\" data-id=\"5f3cf15f\" data-element_type=\"widget\" data-settings=\"{&quot;slides_to_show&quot;:&quot;4&quot;,&quot;slides_to_show_tablet&quot;:&quot;3&quot;,&quot;navigation&quot;:&quot;both&quot;,&quot;autoplay&quot;:&quot;yes&quot;,&quot;pause_on_hover&quot;:&quot;yes&quot;,&quot;pause_on_interaction&quot;:&quot;yes&quot;,&quot;autoplay_speed&quot;:5000,&quot;infinite&quot;:&quot;yes&quot;,&quot;speed&quot;:500,&quot;image_spacing_custom&quot;:{&quot;unit&quot;:&quot;px&quot;,&quot;size&quot;:20,&quot;sizes&quot;:[]},&quot;image_spacing_custom_tablet&quot;:{&quot;unit&quot;:&quot;px&quot;,&quot;size&quot;:&quot;&quot;,&quot;sizes&quot;:[]},&quot;image_spacing_custom_mobile&quot;:{&quot;unit&quot;:&quot;px&quot;,&quot;size&quot;:&quot;&quot;,&quot;sizes&quot;:[]}}\" data-widget_type=\"image-carousel.default\">\n\t\t\t\t<div class=\"elementor-widget-container\">\n\t\t\t<style>\/*! elementor - v3.13.3 - 28-05-2023 *\/\n.elementor-widget-image-carousel .swiper,.elementor-widget-image-carousel .swiper-container{position:static}.elementor-widget-image-carousel .swiper-container .swiper-slide figure,.elementor-widget-image-carousel .swiper .swiper-slide figure{line-height:inherit}.elementor-widget-image-carousel .swiper-slide{text-align:center}.elementor-image-carousel-wrapper:not(.swiper-container-initialized):not(.swiper-initialized) .swiper-slide{max-width:calc(100% \/ var(--e-image-carousel-slides-to-show, 3))}<\/style>\t\t<div class=\"elementor-image-carousel-wrapper swiper-container\" dir=\"ltr\">\n\t\t\t<div class=\"elementor-image-carousel swiper-wrapper\">\n\t\t\t\t\t\t\t\t<div class=\"swiper-slide\"><a data-elementor-open-lightbox=\"yes\" data-elementor-lightbox-slideshow=\"5f3cf15f\" data-elementor-lightbox-title=\"France Women v New Zealand Women - Rugby International\" data-e-action-hash=\"#elementor-action%3Aaction%3Dlightbox%26settings%3DeyJpZCI6MTMyMzMsInVybCI6Imh0dHBzOlwvXC9vdXNvcnRpcmZyYW5jZS5jb21cL2x5b25cL3dwLWNvbnRlbnRcL3VwbG9hZHNcL3NpdGVzXC84XC8yMDIzXC8wOVwvZ2V0dHktaW1hZ2VzLXJ1Z2J5LXNjYWxlZC5qcGciLCJzbGlkZXNob3ciOiI1ZjNjZjE1ZiJ9\" href=\"https:\/\/ousortirfrance.com\/lyon\/wp-content\/uploads\/sites\/8\/2023\/09\/getty-images-rugby-scaled.jpg\"><figure class=\"swiper-slide-inner\"><img decoding=\"async\" class=\"swiper-slide-image\" src=\"https:\/\/ousortirfrance.com\/lyon\/wp-content\/uploads\/sites\/8\/2023\/09\/getty-images-rugby-768x323.jpg\" alt=\"lyon en octobre\" \/><\/figure><\/a><\/div><div class=\"swiper-slide\"><a data-elementor-open-lightbox=\"yes\" data-elementor-lightbox-slideshow=\"5f3cf15f\" data-elementor-lightbox-title=\"Run in Lyon photo by Morgan Bove\" data-e-action-hash=\"#elementor-action%3Aaction%3Dlightbox%26settings%3DeyJpZCI6MTMyNDMsInVybCI6Imh0dHBzOlwvXC9vdXNvcnRpcmZyYW5jZS5jb21cL2x5b25cL3dwLWNvbnRlbnRcL3VwbG9hZHNcL3NpdGVzXC84XC8yMDIzXC8wOVwvUnVuLWluLUx5b24tcGhvdG8tYnktTW9yZ2FuLUJvdmUuanBnIiwic2xpZGVzaG93IjoiNWYzY2YxNWYifQ%3D%3D\" href=\"https:\/\/ousortirfrance.com\/lyon\/wp-content\/uploads\/sites\/8\/2023\/09\/Run-in-Lyon-photo-by-Morgan-Bove.jpg\"><figure class=\"swiper-slide-inner\"><img decoding=\"async\" class=\"swiper-slide-image\" src=\"https:\/\/ousortirfrance.com\/lyon\/wp-content\/uploads\/sites\/8\/2023\/09\/Run-in-Lyon-photo-by-Morgan-Bove-768x512.jpg\" alt=\"Run in Lyon photo by Morgan Bove\" \/><\/figure><\/a><\/div><div class=\"swiper-slide\"><a data-elementor-open-lightbox=\"yes\" data-elementor-lightbox-slideshow=\"5f3cf15f\" data-elementor-lightbox-title=\"Peinture Fra\u00eeche Festival\" data-e-action-hash=\"#elementor-action%3Aaction%3Dlightbox%26settings%3DeyJpZCI6MTMyODAsInVybCI6Imh0dHBzOlwvXC9vdXNvcnRpcmZyYW5jZS5jb21cL2x5b25cL3dwLWNvbnRlbnRcL3VwbG9hZHNcL3NpdGVzXC84XC8yMDIzXC8wOVwvMzc4ODEyMjY4XzY4NzYzOTczMDA3NjU1MF85MDYxOTEzNDA3Mzc1NjA5MDkwX24uanBnIiwic2xpZGVzaG93IjoiNWYzY2YxNWYifQ%3D%3D\" href=\"https:\/\/ousortirfrance.com\/lyon\/wp-content\/uploads\/sites\/8\/2023\/09\/378812268_687639730076550_9061913407375609090_n.jpg\"><figure class=\"swiper-slide-inner\"><img decoding=\"async\" class=\"swiper-slide-image\" src=\"https:\/\/ousortirfrance.com\/lyon\/wp-content\/uploads\/sites\/8\/2023\/09\/378812268_687639730076550_9061913407375609090_n-768x293.jpg\" alt=\"Peinture Fra\u00eeche Festival\" \/><\/figure><\/a><\/div><div class=\"swiper-slide\"><a data-elementor-open-lightbox=\"yes\" data-elementor-lightbox-slideshow=\"5f3cf15f\" data-elementor-lightbox-title=\"380609397_833445785142715_3521577301650690210_n\" data-e-action-hash=\"#elementor-action%3Aaction%3Dlightbox%26settings%3DeyJpZCI6MTMyNzgsInVybCI6Imh0dHBzOlwvXC9vdXNvcnRpcmZyYW5jZS5jb21cL2x5b25cL3dwLWNvbnRlbnRcL3VwbG9hZHNcL3NpdGVzXC84XC8yMDIzXC8wOVwvMzgwNjA5Mzk3XzgzMzQ0NTc4NTE0MjcxNV8zNTIxNTc3MzAxNjUwNjkwMjEwX24uanBnIiwic2xpZGVzaG93IjoiNWYzY2YxNWYifQ%3D%3D\" href=\"https:\/\/ousortirfrance.com\/lyon\/wp-content\/uploads\/sites\/8\/2023\/09\/380609397_833445785142715_3521577301650690210_n.jpg\"><figure class=\"swiper-slide-inner\"><img decoding=\"async\" class=\"swiper-slide-image\" src=\"https:\/\/ousortirfrance.com\/lyon\/wp-content\/uploads\/sites\/8\/2023\/09\/380609397_833445785142715_3521577301650690210_n-768x402.jpg\" alt=\"380609397_833445785142715_3521577301650690210_n\" \/><\/figure><\/a><\/div><div class=\"swiper-slide\"><a data-elementor-open-lightbox=\"yes\" data-elementor-lightbox-slideshow=\"5f3cf15f\" data-elementor-lightbox-title=\"le festival lumiere\" data-e-action-hash=\"#elementor-action%3Aaction%3Dlightbox%26settings%3DeyJpZCI6MTMyNTcsInVybCI6Imh0dHBzOlwvXC9vdXNvcnRpcmZyYW5jZS5jb21cL2x5b25cL3dwLWNvbnRlbnRcL3VwbG9hZHNcL3NpdGVzXC84XC8yMDIzXC8wOVwvbGUtZmVzdGl2YWwtbHVtaWVyZS5qcGciLCJzbGlkZXNob3ciOiI1ZjNjZjE1ZiJ9\" href=\"https:\/\/ousortirfrance.com\/lyon\/wp-content\/uploads\/sites\/8\/2023\/09\/le-festival-lumiere.jpg\"><figure class=\"swiper-slide-inner\"><img decoding=\"async\" class=\"swiper-slide-image\" src=\"https:\/\/ousortirfrance.com\/lyon\/wp-content\/uploads\/sites\/8\/2023\/09\/le-festival-lumiere-768x1045.jpg\" alt=\"le festival lumiere, que faire \u00e0 Lyon en octobre ?\" \/><\/figure><\/a><\/div><div class=\"swiper-slide\"><a data-elementor-open-lightbox=\"yes\" data-elementor-lightbox-slideshow=\"5f3cf15f\" data-elementor-lightbox-title=\"Vincent Piccerelle - NordicWalkin Lyon\" data-e-action-hash=\"#elementor-action%3Aaction%3Dlightbox%26settings%3DeyJpZCI6MTMyNTAsInVybCI6Imh0dHBzOlwvXC9vdXNvcnRpcmZyYW5jZS5jb21cL2x5b25cL3dwLWNvbnRlbnRcL3VwbG9hZHNcL3NpdGVzXC84XC8yMDIzXC8wOVwvVmluY2VudC1QaWNjZXJlbGxlLU5vcmRpY1dhbGtpbi1MeW9uLmpwZyIsInNsaWRlc2hvdyI6IjVmM2NmMTVmIn0%3D\" href=\"https:\/\/ousortirfrance.com\/lyon\/wp-content\/uploads\/sites\/8\/2023\/09\/Vincent-Piccerelle-NordicWalkin-Lyon.jpg\"><figure class=\"swiper-slide-inner\"><img decoding=\"async\" class=\"swiper-slide-image\" src=\"https:\/\/ousortirfrance.com\/lyon\/wp-content\/uploads\/sites\/8\/2023\/09\/Vincent-Piccerelle-NordicWalkin-Lyon-768x1152.jpg\" alt=\"NordicWalkin Lyon, que faire \u00e0 Lyon en octobre ?\" \/><\/figure><\/a><\/div>\t\t\t<\/div>\n\t\t\t\t\t\t\t\t\t\t\t\t<div class=\"swiper-pagination\"><\/div>\n\t\t\t\t\t\t\t\t\t\t\t\t\t<div class=\"elementor-swiper-button elementor-swiper-button-prev\" role=\"button\" tabindex=\"0\">\n\t\t\t\t\t\t<i aria-hidden=\"true\" class=\"eicon-chevron-left\"><\/i>\t\t\t\t\t\t<span class=\"elementor-screen-only\">Previous image<\/span>\n\t\t\t\t\t<\/div>\n\t\t\t\t\t<div class=\"elementor-swiper-button elementor-swiper-button-next\" role=\"button\" tabindex=\"0\">\n\t\t\t\t\t\t<i aria-hidden=\"true\" class=\"eicon-chevron-right\"><\/i>\t\t\t\t\t\t<span class=\"elementor-screen-only\">Next image<\/span>\n\t\t\t\t\t<\/div>\n\t\t\t\t\t\t\t\t\t<\/div>\n\t\t\t\t<\/div>\n\t\t\t\t<\/div>\n\t\t\t\t\t<\/div>\n\t\t<\/div>\n\t\t\t\t\t\t\t<\/div>\n\t\t<\/div>\n\t\t\t\t<section class=\"elementor-section elementor-top-section elementor-element elementor-element-7b94492b elementor-section-boxed elementor-section-height-default elementor-section-height-default\" data-id=\"7b94492b\" data-element_type=\"section\">\n\t\t\t\t\t\t<div class=\"elementor-container elementor-column-gap-default\">\n\t\t\t\t\t<div class=\"elementor-column elementor-col-100 elementor-top-column elementor-element elementor-element-3598c52d\" data-id=\"3598c52d\" data-element_type=\"column\">\n\t\t\t<div class=\"elementor-widget-wrap elementor-element-populated\">\n\t\t\t\t\t\t\t\t<div class=\"elementor-element elementor-element-2c77877e elementor-widget elementor-widget-heading\" data-id=\"2c77877e\" data-element_type=\"widget\" data-widget_type=\"heading.default\">\n\t\t\t\t<div class=\"elementor-widget-container\">\n\t\t\t<h2 class=\"elementor-heading-title elementor-size-default\">Bien plus de 6 activit\u00e9s lyonnaises<\/h2>\t\t<\/div>\n\t\t\t\t<\/div>\n\t\t\t\t\t<\/div>\n\t\t<\/div>\n\t\t\t\t\t\t\t<\/div>\n\t\t<\/section>\n\t\t\t\t<section class=\"elementor-section elementor-top-section elementor-element elementor-element-3e89e6d3 elementor-section-boxed elementor-section-height-default elementor-section-height-default\" data-id=\"3e89e6d3\" data-element_type=\"section\">\n\t\t\t\t\t\t<div class=\"elementor-container elementor-column-gap-default\">\n\t\t\t\t\t<div class=\"elementor-column elementor-col-100 elementor-top-column elementor-element elementor-element-629c9e9a\" data-id=\"629c9e9a\" data-element_type=\"column\">\n\t\t\t<div class=\"elementor-widget-wrap elementor-element-populated\">\n\t\t\t\t\t\t\t\t<div class=\"elementor-element elementor-element-4412d201 elementor-widget elementor-widget-text-editor\" data-id=\"4412d201\" data-element_type=\"widget\" data-widget_type=\"text-editor.default\">\n\t\t\t\t<div class=\"elementor-widget-container\">\n\t\t\t\t\t\t\t<p>\u00c9videmment six \u00e9v\u00e9nements, ce n&rsquo;est pas grand chose sur 31 jours que constituent le mois d&rsquo;octobre, restez connect\u00e9 sur notre <a href=\"https:\/\/www.instagram.com\/ousortirlyon\/\">compte Instagram<\/a> pour en d\u00e9couvrir toujours plus, au jour le jour !<\/p>\t\t\t\t\t\t<\/div>\n\t\t\t\t<\/div>\n\t\t\t\t\t<\/div>\n\t\t<\/div>\n\t\t\t\t\t\t\t<\/div>\n\t\t<\/section>\n\t\t\t\t<section class=\"elementor-section elementor-top-section elementor-element elementor-element-f039d94 elementor-section-boxed elementor-section-height-default elementor-section-height-default\" data-id=\"f039d94\" data-element_type=\"section\">\n\t\t\t\t\t\t<div class=\"elementor-container elementor-column-gap-default\">\n\t\t\t\t\t<div class=\"elementor-column elementor-col-100 elementor-top-column elementor-element elementor-element-721fde45\" data-id=\"721fde45\" data-element_type=\"column\">\n\t\t\t<div class=\"elementor-widget-wrap elementor-element-populated\">\n\t\t\t\t\t\t\t\t<div class=\"elementor-element elementor-element-479392e elementor-widget elementor-widget-heading\" data-id=\"479392e\" data-element_type=\"widget\" data-widget_type=\"heading.default\">\n\t\t\t\t<div class=\"elementor-widget-container\">\n\t\t\t<h2 class=\"elementor-heading-title elementor-size-default\">Articles que vous pourriez aimer<\/h2>\t\t<\/div>\n\t\t\t\t<\/div>\n\t\t\t\t<div class=\"elementor-element elementor-element-453b6195 elementor-widget elementor-widget-cv_post_select\" data-id=\"453b6195\" data-element_type=\"widget\" data-widget_type=\"cv_post_select.default\">\n\t\t\t\t<div class=\"elementor-widget-container\">\n\t\t\t<div class=\"cv-posts cv-post-select grid-img-bg col-3\"><article class=\"post-item\" data-category=\"culture\"><div class=\"post-img\"><div class=\"logo-society\"><img decoding=\"async\" src=\"https:\/\/ousortirfrance.com\/lyon\/wp-content\/uploads\/sites\/8\/2023\/08\/FOURVIERE_Logo_Bleu_RVB.png\" alt=\"Antonio et Marco\"><\/div><span class=\"elementor-background-overlay\"><\/span><img width=\"2560\" height=\"1709\" src=\"https:\/\/ousortirfrance.com\/lyon\/wp-content\/uploads\/sites\/8\/2023\/08\/cYanis-Ourabah_3564-scaled.jpg\" class=\"attachment-blog size-blog wp-post-image\" alt=\"visite Fourvi\u00e8re\" decoding=\"async\" loading=\"lazy\" itemprop=\"image\" srcset=\"https:\/\/ousortirfrance.com\/lyon\/wp-content\/uploads\/sites\/8\/2023\/08\/cYanis-Ourabah_3564-scaled.jpg 2560w, https:\/\/ousortirfrance.com\/lyon\/wp-content\/uploads\/sites\/8\/2023\/08\/cYanis-Ourabah_3564-300x200.jpg 300w, https:\/\/ousortirfrance.com\/lyon\/wp-content\/uploads\/sites\/8\/2023\/08\/cYanis-Ourabah_3564-1024x684.jpg 1024w, https:\/\/ousortirfrance.com\/lyon\/wp-content\/uploads\/sites\/8\/2023\/08\/cYanis-Ourabah_3564-768x513.jpg 768w, https:\/\/ousortirfrance.com\/lyon\/wp-content\/uploads\/sites\/8\/2023\/08\/cYanis-Ourabah_3564-1536x1026.jpg 1536w, https:\/\/ousortirfrance.com\/lyon\/wp-content\/uploads\/sites\/8\/2023\/08\/cYanis-Ourabah_3564-2048x1367.jpg 2048w\" sizes=\"(max-width: 2560px) 100vw, 2560px\" \/><\/div><div class=\"post-info\"><h3 class=\"title\">Visite insolite Basilique Notre-Dame de Fourvi\u00e8re<\/h3><\/div><a href=\"https:\/\/ousortirfrance.com\/lyon\/culture\/visite-insolite-de-fourviere\/\" title=\"Visite insolite Basilique Notre-Dame de Fourvi\u00e8re\" class=\"post-link\"><\/a><\/article><article class=\"post-item\" data-category=\"culture\"><div class=\"post-img\"><span class=\"elementor-background-overlay\"><\/span><img width=\"1000\" height=\"648\" src=\"https:\/\/ousortirfrance.com\/lyon\/wp-content\/uploads\/sites\/8\/2021\/11\/musee-miniature-le-dortoir-de-dan-ohlmann-cmjn-copie.jpg\" class=\"attachment-blog size-blog wp-post-image\" alt=\"Mus\u00e9e miniatures\" decoding=\"async\" loading=\"lazy\" itemprop=\"image\" srcset=\"https:\/\/ousortirfrance.com\/lyon\/wp-content\/uploads\/sites\/8\/2021\/11\/musee-miniature-le-dortoir-de-dan-ohlmann-cmjn-copie.jpg 1000w, https:\/\/ousortirfrance.com\/lyon\/wp-content\/uploads\/sites\/8\/2021\/11\/musee-miniature-le-dortoir-de-dan-ohlmann-cmjn-copie-300x194.jpg 300w, https:\/\/ousortirfrance.com\/lyon\/wp-content\/uploads\/sites\/8\/2021\/11\/musee-miniature-le-dortoir-de-dan-ohlmann-cmjn-copie-768x498.jpg 768w\" sizes=\"(max-width: 1000px) 100vw, 1000px\" \/><\/div><div class=\"post-info\"><h3 class=\"title\">Mus\u00e9e Miniature &#038; Cin\u00e9ma<\/h3><\/div><a href=\"https:\/\/ousortirfrance.com\/lyon\/culture\/musee-miniature-cinema\/\" title=\"Mus\u00e9e Miniature &#038; Cin\u00e9ma\" class=\"post-link\"><\/a><\/article><article class=\"post-item\" data-category=\"activite\"><div class=\"post-img\"><div class=\"logo-society\"><img decoding=\"async\" src=\"https:\/\/ousortirfrance.com\/lyon\/wp-content\/uploads\/sites\/8\/2023\/09\/quiveutpister-lyon.jpg\" alt=\"Antonio et Marco\"><\/div><span class=\"elementor-background-overlay\"><\/span><img width=\"1152\" height=\"2560\" src=\"https:\/\/ousortirfrance.com\/lyon\/wp-content\/uploads\/sites\/8\/2023\/09\/IMG20230903155653-scaled.jpg\" class=\"attachment-blog size-blog wp-post-image\" alt=\"Traboule lors du parcours de Qui Veut Pister ?\" decoding=\"async\" loading=\"lazy\" itemprop=\"image\" srcset=\"https:\/\/ousortirfrance.com\/lyon\/wp-content\/uploads\/sites\/8\/2023\/09\/IMG20230903155653-scaled.jpg 1152w, https:\/\/ousortirfrance.com\/lyon\/wp-content\/uploads\/sites\/8\/2023\/09\/IMG20230903155653-135x300.jpg 135w, https:\/\/ousortirfrance.com\/lyon\/wp-content\/uploads\/sites\/8\/2023\/09\/IMG20230903155653-461x1024.jpg 461w, https:\/\/ousortirfrance.com\/lyon\/wp-content\/uploads\/sites\/8\/2023\/09\/IMG20230903155653-768x1707.jpg 768w, https:\/\/ousortirfrance.com\/lyon\/wp-content\/uploads\/sites\/8\/2023\/09\/IMG20230903155653-691x1536.jpg 691w, https:\/\/ousortirfrance.com\/lyon\/wp-content\/uploads\/sites\/8\/2023\/09\/IMG20230903155653-922x2048.jpg 922w\" sizes=\"(max-width: 1152px) 100vw, 1152px\" \/><\/div><div class=\"post-info\"><h3 class=\"title\">Qui Veut Pister ? Lyon<\/h3><\/div><a href=\"https:\/\/ousortirfrance.com\/lyon\/activities\/qui-veut-pister-lyon\/\" title=\"Qui Veut Pister ? Lyon\" class=\"post-link\"><\/a><\/article><\/div>\t\t<\/div>\n\t\t\t\t<\/div>\n\t\t\t\t\t<\/div>\n\t\t<\/div>\n\t\t\t\t\t\t\t<\/div>\n\t\t<\/section>\n\t\t\t\t<section class=\"elementor-section elementor-top-section elementor-element elementor-element-462324dd elementor-section-boxed elementor-section-height-default elementor-section-height-default\" data-id=\"462324dd\" data-element_type=\"section\">\n\t\t\t\t\t\t<div class=\"elementor-container elementor-column-gap-default\">\n\t\t\t\t\t<div class=\"elementor-column elementor-col-100 elementor-top-column elementor-element elementor-element-2e66600f\" data-id=\"2e66600f\" data-element_type=\"column\">\n\t\t\t<div class=\"elementor-widget-wrap elementor-element-populated\">\n\t\t\t\t\t\t\t\t<div class=\"elementor-element elementor-element-65f5927e elementor-fixed elementor-widget elementor-widget-elementskit-back-to-top\" data-id=\"65f5927e\" data-element_type=\"widget\" data-settings=\"{&quot;_position&quot;:&quot;fixed&quot;}\" data-widget_type=\"elementskit-back-to-top.default\">\n\t\t\t\t<div class=\"elementor-widget-container\">\n\t\t\t<div class=\"ekit-wid-con\" > <div class=\"ekit-back-to-top-container ekit-btt icon_only\" \n\t\t \t\tdata-settings=\"{&quot;offset_top&quot;:0,&quot;show_after&quot;:400,&quot;show_scroll&quot;:&quot;yes&quot;,&quot;style&quot;:&quot;icon_only&quot;,&quot;fg&quot;:null,&quot;bg&quot;:null}\"> \n\t\t\t\t<span class=\"ekit-btt__button yes\"> <i aria-hidden=\"true\" class=\"fas fa-arrow-up\"><\/i><\/span> <\/div> <\/div>\t\t<\/div>\n\t\t\t\t<\/div>\n\t\t\t\t\t<\/div>\n\t\t<\/div>\n\t\t\t\t\t\t\t<\/div>\n\t\t<\/section>\n\t\t\t\t\t\t\t<\/div>\n\t\t","protected":false},"excerpt":{"rendered":"<p>retour Que faire \u00e0 Lyon en octobre ?Nous vous avons rassembl\u00e9 6 \u00e9v\u00e9nements marquants de ce mois dans cet article. Coupe du Monde de Rugby 2023 D\u00e9but\u00e9e en septembre, la Coupe du Monde se poursuit jusqu&rsquo;au 28 octobre, et se disputera encore sur Lyon ! On commence avec un match le 5 qui oppose Nouvelle &hellip;<\/p>\n<p class=\"read-more\"> <a class=\"\" href=\"https:\/\/ousortirfrance.com\/lyon\/resto\/antonio-et-marco\/\"> <span class=\"screen-reader-text\">Antonio et Marco<\/span> Lire la suite\u00a0\u00bb<\/a><\/p>\n","protected":false},"author":3,"featured_media":13231,"comment_status":"closed","ping_status":"closed","sticky":false,"template":"","format":"standard","meta":{"site-sidebar-layout":"default","site-content-layout":"default","ast-global-header-display":"","ast-banner-title-visibility":"","ast-main-header-display":"","ast-hfb-above-header-display":"","ast-hfb-below-header-display":"","ast-hfb-mobile-header-display":"","site-post-title":"","ast-breadcrumbs-content":"","ast-featured-img":"","footer-sml-layout":"","theme-transparent-header-meta":"","adv-header-id-meta":"","stick-header-meta":"","header-above-stick-meta":"","header-main-stick-meta":"","header-below-stick-meta":""},"categories":[1],"tags":[],"yoast_head":"<!-- This site is optimized with the Yoast SEO plugin v20.9 - https:\/\/yoast.com\/wordpress\/plugins\/seo\/ -->\n<title>Que faire \u00e0 Lyon en octobre ? | O\u00f9 Sortir ? Lyon<\/title>\n<meta name=\"description\" content=\"Et oui, Lyon en octobre, est tr\u00e8s charg\u00e9e en terme d&#039;\u00e9v\u00e9nements ! D\u00e9couvrez avec nous lesquels ont retenus notre attention.\" \/>\n<meta name=\"robots\" content=\"index, follow, max-snippet:-1, max-image-preview:large, max-video-preview:-1\" \/>\n<link rel=\"canonical\" href=\"https:\/\/ousortirfrance.com\/lyon\/2023\/10\/01\/lyon-en-octobre-2023\/\" \/>\n<meta property=\"og:locale\" content=\"fr_FR\" \/>\n<meta property=\"og:type\" content=\"article\" \/>\n<meta property=\"og:title\" content=\"Que faire \u00e0 Lyon en octobre ? | O\u00f9 Sortir ? Lyon\" \/>\n<meta property=\"og:description\" content=\"Et oui, Lyon en octobre, est tr\u00e8s charg\u00e9e en terme d&#039;\u00e9v\u00e9nements ! D\u00e9couvrez avec nous lesquels ont retenus notre attention.\" \/>\n<meta property=\"og:url\" content=\"https:\/\/ousortirfrance.com\/lyon\/2023\/10\/01\/lyon-en-octobre-2023\/\" \/>\n<meta property=\"og:site_name\" content=\"O\u00f9 Sortir ? Lyon\" \/>\n<meta property=\"article:published_time\" content=\"2023-10-01T06:00:26+00:00\" \/>\n<meta property=\"article:modified_time\" content=\"2023-10-17T11:50:54+00:00\" \/>\n<meta property=\"og:image\" content=\"https:\/\/ousortirfrance.com\/lyon\/wp-content\/uploads\/sites\/8\/2023\/09\/Automne-768x768.png\" \/>\n\t<meta property=\"og:image:width\" content=\"768\" \/>\n\t<meta property=\"og:image:height\" content=\"768\" \/>\n\t<meta property=\"og:image:type\" content=\"image\/png\" \/>\n<meta name=\"author\" content=\"ousortiradmin\" \/>\n<meta name=\"twitter:card\" content=\"summary_large_image\" \/>\n<meta name=\"twitter:label1\" content=\"\u00c9crit par\" \/>\n\t<meta name=\"twitter:data1\" content=\"ousortiradmin\" \/>\n\t<meta name=\"twitter:label2\" content=\"Dur\u00e9e de lecture estim\u00e9e\" \/>\n\t<meta name=\"twitter:data2\" content=\"10 minutes\" \/>\n<script type=\"application\/ld+json\" class=\"yoast-schema-graph\">{\"@context\":\"https:\/\/schema.org\",\"@graph\":[{\"@type\":\"Article\",\"@id\":\"https:\/\/ousortirfrance.com\/lyon\/2023\/10\/01\/lyon-en-octobre-2023\/#article\",\"isPartOf\":{\"@id\":\"https:\/\/ousortirfrance.com\/lyon\/2023\/10\/01\/lyon-en-octobre-2023\/\"},\"author\":{\"name\":\"ousortiradmin\",\"@id\":\"https:\/\/ousortirfrance.com\/lyon\/#\/schema\/person\/3c733adf4044cd78f0a41a72a4e15a3f\"},\"headline\":\"Que faire \u00e0 Lyon en octobre ?\",\"datePublished\":\"2023-10-01T06:00:26+00:00\",\"dateModified\":\"2023-10-17T11:50:54+00:00\",\"mainEntityOfPage\":{\"@id\":\"https:\/\/ousortirfrance.com\/lyon\/2023\/10\/01\/lyon-en-octobre-2023\/\"},\"wordCount\":956,\"publisher\":{\"@id\":\"https:\/\/ousortirfrance.com\/lyon\/#organization\"},\"articleSection\":[\"Actualit\u00e9\"],\"inLanguage\":\"fr-FR\"},{\"@type\":\"WebPage\",\"@id\":\"https:\/\/ousortirfrance.com\/lyon\/2023\/10\/01\/lyon-en-octobre-2023\/\",\"url\":\"https:\/\/ousortirfrance.com\/lyon\/2023\/10\/01\/lyon-en-octobre-2023\/\",\"name\":\"Que faire \u00e0 Lyon en octobre ? | O\u00f9 Sortir ? Lyon\",\"isPartOf\":{\"@id\":\"https:\/\/ousortirfrance.com\/lyon\/#website\"},\"datePublished\":\"2023-10-01T06:00:26+00:00\",\"dateModified\":\"2023-10-17T11:50:54+00:00\",\"description\":\"Et oui, Lyon en octobre, est tr\u00e8s charg\u00e9e en terme d'\u00e9v\u00e9nements ! D\u00e9couvrez avec nous lesquels ont retenus notre attention.\",\"breadcrumb\":{\"@id\":\"https:\/\/ousortirfrance.com\/lyon\/2023\/10\/01\/lyon-en-octobre-2023\/#breadcrumb\"},\"inLanguage\":\"fr-FR\",\"potentialAction\":[{\"@type\":\"ReadAction\",\"target\":[\"https:\/\/ousortirfrance.com\/lyon\/2023\/10\/01\/lyon-en-octobre-2023\/\"]}]},{\"@type\":\"BreadcrumbList\",\"@id\":\"https:\/\/ousortirfrance.com\/lyon\/2023\/10\/01\/lyon-en-octobre-2023\/#breadcrumb\",\"itemListElement\":[{\"@type\":\"ListItem\",\"position\":1,\"name\":\"Accueil\",\"item\":\"https:\/\/ousortirfrance.com\/lyon\/\"},{\"@type\":\"ListItem\",\"position\":2,\"name\":\"Que faire \u00e0 Lyon en octobre ?\"}]},{\"@type\":\"WebSite\",\"@id\":\"https:\/\/ousortirfrance.com\/lyon\/#website\",\"url\":\"https:\/\/ousortirfrance.com\/lyon\/\",\"name\":\"O\u00f9 Sortir ? Lyon\",\"description\":\"Un site utilisant O\u00f9 Sortir ? France\",\"publisher\":{\"@id\":\"https:\/\/ousortirfrance.com\/lyon\/#organization\"},\"potentialAction\":[{\"@type\":\"SearchAction\",\"target\":{\"@type\":\"EntryPoint\",\"urlTemplate\":\"https:\/\/ousortirfrance.com\/lyon\/?s={search_term_string}\"},\"query-input\":\"required name=search_term_string\"}],\"inLanguage\":\"fr-FR\"},{\"@type\":\"Organization\",\"@id\":\"https:\/\/ousortirfrance.com\/lyon\/#organization\",\"name\":\"O\u00f9 Sortir ? Lyon\",\"url\":\"https:\/\/ousortirfrance.com\/lyon\/\",\"logo\":{\"@type\":\"ImageObject\",\"inLanguage\":\"fr-FR\",\"@id\":\"https:\/\/ousortirfrance.com\/lyon\/#\/schema\/logo\/image\/\",\"url\":\"https:\/\/ousortirfrance.com\/lyon\/wp-content\/uploads\/sites\/8\/2025\/05\/LYON-svg-blanc.svg\",\"contentUrl\":\"https:\/\/ousortirfrance.com\/lyon\/wp-content\/uploads\/sites\/8\/2025\/05\/LYON-svg-blanc.svg\",\"width\":1066,\"height\":585,\"caption\":\"O\u00f9 Sortir ? Lyon\"},\"image\":{\"@id\":\"https:\/\/ousortirfrance.com\/lyon\/#\/schema\/logo\/image\/\"}},{\"@type\":\"Person\",\"@id\":\"https:\/\/ousortirfrance.com\/lyon\/#\/schema\/person\/3c733adf4044cd78f0a41a72a4e15a3f\",\"name\":\"ousortiradmin\",\"image\":{\"@type\":\"ImageObject\",\"inLanguage\":\"fr-FR\",\"@id\":\"https:\/\/ousortirfrance.com\/lyon\/#\/schema\/person\/image\/\",\"url\":\"https:\/\/secure.gravatar.com\/avatar\/c1d9f80847945906653377be09895dab?s=96&d=mm&r=g\",\"contentUrl\":\"https:\/\/secure.gravatar.com\/avatar\/c1d9f80847945906653377be09895dab?s=96&d=mm&r=g\",\"caption\":\"ousortiradmin\"},\"url\":\"https:\/\/ousortirfrance.com\/lyon\/author\/ousortiradmin\/\"}]}<\/script>\n<!-- \/ Yoast SEO plugin. -->","yoast_head_json":{"title":"Que faire \u00e0 Lyon en octobre ? | O\u00f9 Sortir ? Lyon","description":"Et oui, Lyon en octobre, est tr\u00e8s charg\u00e9e en terme d'\u00e9v\u00e9nements ! D\u00e9couvrez avec nous lesquels ont retenus notre attention.","robots":{"index":"index","follow":"follow","max-snippet":"max-snippet:-1","max-image-preview":"max-image-preview:large","max-video-preview":"max-video-preview:-1"},"canonical":"https:\/\/ousortirfrance.com\/lyon\/2023\/10\/01\/lyon-en-octobre-2023\/","og_locale":"fr_FR","og_type":"article","og_title":"Que faire \u00e0 Lyon en octobre ? | O\u00f9 Sortir ? Lyon","og_description":"Et oui, Lyon en octobre, est tr\u00e8s charg\u00e9e en terme d'\u00e9v\u00e9nements ! D\u00e9couvrez avec nous lesquels ont retenus notre attention.","og_url":"https:\/\/ousortirfrance.com\/lyon\/2023\/10\/01\/lyon-en-octobre-2023\/","og_site_name":"O\u00f9 Sortir ? Lyon","article_published_time":"2023-10-01T06:00:26+00:00","article_modified_time":"2023-10-17T11:50:54+00:00","og_image":[{"width":768,"height":768,"url":"https:\/\/ousortirfrance.com\/lyon\/wp-content\/uploads\/sites\/8\/2023\/09\/Automne-768x768.png","type":"image\/png"}],"author":"ousortiradmin","twitter_card":"summary_large_image","twitter_misc":{"\u00c9crit par":"ousortiradmin","Dur\u00e9e de lecture estim\u00e9e":"10 minutes"},"schema":{"@context":"https:\/\/schema.org","@graph":[{"@type":"Article","@id":"https:\/\/ousortirfrance.com\/lyon\/2023\/10\/01\/lyon-en-octobre-2023\/#article","isPartOf":{"@id":"https:\/\/ousortirfrance.com\/lyon\/2023\/10\/01\/lyon-en-octobre-2023\/"},"author":{"name":"ousortiradmin","@id":"https:\/\/ousortirfrance.com\/lyon\/#\/schema\/person\/3c733adf4044cd78f0a41a72a4e15a3f"},"headline":"Que faire \u00e0 Lyon en octobre ?","datePublished":"2023-10-01T06:00:26+00:00","dateModified":"2023-10-17T11:50:54+00:00","mainEntityOfPage":{"@id":"https:\/\/ousortirfrance.com\/lyon\/2023\/10\/01\/lyon-en-octobre-2023\/"},"wordCount":956,"publisher":{"@id":"https:\/\/ousortirfrance.com\/lyon\/#organization"},"articleSection":["Actualit\u00e9"],"inLanguage":"fr-FR"},{"@type":"WebPage","@id":"https:\/\/ousortirfrance.com\/lyon\/2023\/10\/01\/lyon-en-octobre-2023\/","url":"https:\/\/ousortirfrance.com\/lyon\/2023\/10\/01\/lyon-en-octobre-2023\/","name":"Que faire \u00e0 Lyon en octobre ? | O\u00f9 Sortir ? Lyon","isPartOf":{"@id":"https:\/\/ousortirfrance.com\/lyon\/#website"},"datePublished":"2023-10-01T06:00:26+00:00","dateModified":"2023-10-17T11:50:54+00:00","description":"Et oui, Lyon en octobre, est tr\u00e8s charg\u00e9e en terme d'\u00e9v\u00e9nements ! D\u00e9couvrez avec nous lesquels ont retenus notre attention.","breadcrumb":{"@id":"https:\/\/ousortirfrance.com\/lyon\/2023\/10\/01\/lyon-en-octobre-2023\/#breadcrumb"},"inLanguage":"fr-FR","potentialAction":[{"@type":"ReadAction","target":["https:\/\/ousortirfrance.com\/lyon\/2023\/10\/01\/lyon-en-octobre-2023\/"]}]},{"@type":"BreadcrumbList","@id":"https:\/\/ousortirfrance.com\/lyon\/2023\/10\/01\/lyon-en-octobre-2023\/#breadcrumb","itemListElement":[{"@type":"ListItem","position":1,"name":"Accueil","item":"https:\/\/ousortirfrance.com\/lyon\/"},{"@type":"ListItem","position":2,"name":"Que faire \u00e0 Lyon en octobre ?"}]},{"@type":"WebSite","@id":"https:\/\/ousortirfrance.com\/lyon\/#website","url":"https:\/\/ousortirfrance.com\/lyon\/","name":"O\u00f9 Sortir ? Lyon","description":"Un site utilisant O\u00f9 Sortir ? France","publisher":{"@id":"https:\/\/ousortirfrance.com\/lyon\/#organization"},"potentialAction":[{"@type":"SearchAction","target":{"@type":"EntryPoint","urlTemplate":"https:\/\/ousortirfrance.com\/lyon\/?s={search_term_string}"},"query-input":"required name=search_term_string"}],"inLanguage":"fr-FR"},{"@type":"Organization","@id":"https:\/\/ousortirfrance.com\/lyon\/#organization","name":"O\u00f9 Sortir ? Lyon","url":"https:\/\/ousortirfrance.com\/lyon\/","logo":{"@type":"ImageObject","inLanguage":"fr-FR","@id":"https:\/\/ousortirfrance.com\/lyon\/#\/schema\/logo\/image\/","url":"https:\/\/ousortirfrance.com\/lyon\/wp-content\/uploads\/sites\/8\/2025\/05\/LYON-svg-blanc.svg","contentUrl":"https:\/\/ousortirfrance.com\/lyon\/wp-content\/uploads\/sites\/8\/2025\/05\/LYON-svg-blanc.svg","width":1066,"height":585,"caption":"O\u00f9 Sortir ? Lyon"},"image":{"@id":"https:\/\/ousortirfrance.com\/lyon\/#\/schema\/logo\/image\/"}},{"@type":"Person","@id":"https:\/\/ousortirfrance.com\/lyon\/#\/schema\/person\/3c733adf4044cd78f0a41a72a4e15a3f","name":"ousortiradmin","image":{"@type":"ImageObject","inLanguage":"fr-FR","@id":"https:\/\/ousortirfrance.com\/lyon\/#\/schema\/person\/image\/","url":"https:\/\/secure.gravatar.com\/avatar\/c1d9f80847945906653377be09895dab?s=96&d=mm&r=g","contentUrl":"https:\/\/secure.gravatar.com\/avatar\/c1d9f80847945906653377be09895dab?s=96&d=mm&r=g","caption":"ousortiradmin"},"url":"https:\/\/ousortirfrance.com\/lyon\/author\/ousortiradmin\/"}]}},"_links":{"self":[{"href":"https:\/\/ousortirfrance.com\/lyon\/wp-json\/wp\/v2\/posts\/13229"}],"collection":[{"href":"https:\/\/ousortirfrance.com\/lyon\/wp-json\/wp\/v2\/posts"}],"about":[{"href":"https:\/\/ousortirfrance.com\/lyon\/wp-json\/wp\/v2\/types\/post"}],"author":[{"embeddable":true,"href":"https:\/\/ousortirfrance.com\/lyon\/wp-json\/wp\/v2\/users\/3"}],"replies":[{"embeddable":true,"href":"https:\/\/ousortirfrance.com\/lyon\/wp-json\/wp\/v2\/comments?post=13229"}],"version-history":[{"count":38,"href":"https:\/\/ousortirfrance.com\/lyon\/wp-json\/wp\/v2\/posts\/13229\/revisions"}],"predecessor-version":[{"id":13375,"href":"https:\/\/ousortirfrance.com\/lyon\/wp-json\/wp\/v2\/posts\/13229\/revisions\/13375"}],"wp:featuredmedia":[{"embeddable":true,"href":"https:\/\/ousortirfrance.com\/lyon\/wp-json\/wp\/v2\/media\/13231"}],"wp:attachment":[{"href":"https:\/\/ousortirfrance.com\/lyon\/wp-json\/wp\/v2\/media?parent=13229"}],"wp:term":[{"taxonomy":"category","embeddable":true,"href":"https:\/\/ousortirfrance.com\/lyon\/wp-json\/wp\/v2\/categories?post=13229"},{"taxonomy":"post_tag","embeddable":true,"href":"https:\/\/ousortirfrance.com\/lyon\/wp-json\/wp\/v2\/tags?post=13229"}],"curies":[{"name":"wp","href":"https:\/\/api.w.org\/{rel}","templated":true}]}}