{"id":13380,"date":"2023-10-27T15:50:56","date_gmt":"2023-10-27T13:50:56","guid":{"rendered":"https:\/\/ousortirfrance.com\/lyon\/?p=13380"},"modified":"2023-10-27T16:10:18","modified_gmt":"2023-10-27T14:10:18","slug":"novembre-a-lyon","status":"publish","type":"post","link":"https:\/\/ousortirfrance.com\/lyon\/2023\/10\/27\/novembre-a-lyon\/","title":{"rendered":"Il se passe quoi en novembre \u00e0 Lyon ?"},"content":{"rendered":"\t\t<div data-elementor-type=\"wp-post\" data-elementor-id=\"13380\" class=\"elementor elementor-13380\">\n\t\t\t\t\t\t\t\t\t<section class=\"elementor-section elementor-top-section elementor-element elementor-element-2dffe25e elementor-section-full_width elementor-section-stretched elementor-section-height-default elementor-section-height-default\" data-id=\"2dffe25e\" data-element_type=\"section\" data-settings=\"{&quot;stretch_section&quot;:&quot;section-stretched&quot;}\">\n\t\t\t\t\t\t<div class=\"elementor-container elementor-column-gap-default\">\n\t\t\t\t\t<div class=\"elementor-column elementor-col-100 elementor-top-column elementor-element elementor-element-4217a383\" data-id=\"4217a383\" data-element_type=\"column\">\n\t\t\t<div class=\"elementor-widget-wrap elementor-element-populated\">\n\t\t\t\t\t\t\t\t<div class=\"elementor-element elementor-element-2a434a9b elementor-widget elementor-widget-elementskit-button\" data-id=\"2a434a9b\" data-element_type=\"widget\" data-widget_type=\"elementskit-button.default\">\n\t\t\t\t<div class=\"elementor-widget-container\">\n\t\t\t<div class=\"ekit-wid-con\" >\t\t<div class=\"ekit-btn-wraper\">\n\t\t\t\t\t\t\t<a href=\"https:\/\/ousortirfrance.com\/lyon\/actualites\/\" class=\"elementskit-btn  whitespace--normal\" >\n\t\t\t\t\t\n\t\t\t\t\t<i aria-hidden=\"true\" class=\"fas fa-arrow-circle-left\"><\/i>\n\t\t\t\t\tretour \t\t\t\t<\/a>\n\t\t\t\t\t\t<\/div>\n        <\/div>\t\t<\/div>\n\t\t\t\t<\/div>\n\t\t\t\t<div class=\"elementor-element elementor-element-21548086 elementor-widget elementor-widget-text-editor\" data-id=\"21548086\" data-element_type=\"widget\" data-widget_type=\"text-editor.default\">\n\t\t\t\t<div class=\"elementor-widget-container\">\n\t\t\t<style>\/*! elementor - v3.13.3 - 28-05-2023 *\/\n.elementor-widget-text-editor.elementor-drop-cap-view-stacked .elementor-drop-cap{background-color:#69727d;color:#fff}.elementor-widget-text-editor.elementor-drop-cap-view-framed .elementor-drop-cap{color:#69727d;border:3px solid;background-color:transparent}.elementor-widget-text-editor:not(.elementor-drop-cap-view-default) .elementor-drop-cap{margin-top:8px}.elementor-widget-text-editor:not(.elementor-drop-cap-view-default) .elementor-drop-cap-letter{width:1em;height:1em}.elementor-widget-text-editor .elementor-drop-cap{float:left;text-align:center;line-height:1;font-size:50px}.elementor-widget-text-editor .elementor-drop-cap-letter{display:inline-block}<\/style>\t\t\t\t<p>Et oui, c&rsquo;est une bonne question \u00e7a : on fait quoi de nos week-ends et soir\u00e9es en novembre ?<br \/>Nous vous avons d\u00e9got\u00e9 quelques adresses et dates qui pourront r\u00e9sonner en vous et vous d\u00e9placer jusqu&rsquo;\u00e0 elles !<\/p>\t\t\t\t\t\t<\/div>\n\t\t\t\t<\/div>\n\t\t\t\t\t<\/div>\n\t\t<\/div>\n\t\t\t\t\t\t\t<\/div>\n\t\t<\/section>\n\t\t\t\t<section class=\"elementor-section elementor-top-section elementor-element elementor-element-28576c54 elementor-section-full_width elementor-section-stretched elementor-section-height-default elementor-section-height-default\" data-id=\"28576c54\" data-element_type=\"section\" data-settings=\"{&quot;stretch_section&quot;:&quot;section-stretched&quot;}\">\n\t\t\t\t\t\t<div class=\"elementor-container elementor-column-gap-default\">\n\t\t\t\t\t<div class=\"elementor-column elementor-col-66 elementor-top-column elementor-element elementor-element-5eac38a4\" data-id=\"5eac38a4\" data-element_type=\"column\">\n\t\t\t<div class=\"elementor-widget-wrap elementor-element-populated\">\n\t\t\t\t\t\t\t\t<article class=\"elementor-section elementor-inner-section elementor-element elementor-element-60e6d082 elementor-section-content-middle elementor-section-full_width elementor-section-height-default elementor-section-height-default\" data-id=\"60e6d082\" data-element_type=\"section\">\n\t\t\t\t\t\t<div class=\"elementor-container elementor-column-gap-default\">\n\t\t\t\t\t<div class=\"elementor-column elementor-col-50 elementor-inner-column elementor-element elementor-element-2b4843f6\" data-id=\"2b4843f6\" data-element_type=\"column\">\n\t\t\t<div class=\"elementor-widget-wrap elementor-element-populated\">\n\t\t\t\t\t\t\t\t<div class=\"elementor-element elementor-element-748423df elementor-widget elementor-widget-heading\" data-id=\"748423df\" data-element_type=\"widget\" data-widget_type=\"heading.default\">\n\t\t\t\t<div class=\"elementor-widget-container\">\n\t\t\t<style>\/*! elementor - v3.13.3 - 28-05-2023 *\/\n.elementor-heading-title{padding:0;margin:0;line-height:1}.elementor-widget-heading .elementor-heading-title[class*=elementor-size-]>a{color:inherit;font-size:inherit;line-height:inherit}.elementor-widget-heading .elementor-heading-title.elementor-size-small{font-size:15px}.elementor-widget-heading .elementor-heading-title.elementor-size-medium{font-size:19px}.elementor-widget-heading .elementor-heading-title.elementor-size-large{font-size:29px}.elementor-widget-heading .elementor-heading-title.elementor-size-xl{font-size:39px}.elementor-widget-heading .elementor-heading-title.elementor-size-xxl{font-size:59px}<\/style><h2 class=\"elementor-heading-title elementor-size-default\">Salon du Chocolat<\/h2>\t\t<\/div>\n\t\t\t\t<\/div>\n\t\t\t\t<div class=\"elementor-element elementor-element-56dbe4f5 elementor-widget elementor-widget-text-editor\" data-id=\"56dbe4f5\" data-element_type=\"widget\" data-widget_type=\"text-editor.default\">\n\t\t\t\t<div class=\"elementor-widget-container\">\n\t\t\t\t\t\t\t<p>On d\u00e9marre cette s\u00e9lection de choses \u00e0 faire en novembre \u00e0 Lyon par, une date plus que gourmande ! Nous avons nomm\u00e9, la\u00a0<span style=\"font-style: inherit; font-weight: inherit; background-color: var(--ast-global-color-4); color: var(--ast-global-color-3);\">11\u00e8me\u00a0\u00e9dition du\u00a0<\/span><b style=\"font-style: inherit; background-color: var(--ast-global-color-4); color: var(--ast-global-color-3);\">Salon du Chocolat de Lyon <\/b><span style=\"font-style: inherit; font-weight: inherit; background-color: var(--ast-global-color-4); color: var(--ast-global-color-3);\">!\u00a0<br \/>3 jours d&rsquo;excellence chocolat\u00e9e, entre Pastry Show vous offrant des conseils et des pr\u00e9paration en live de la part des plus grands \u00e9tablissements de la r\u00e9gion. Ou encore le d\u00e9fil\u00e9 quotidien de 16h et 17h, avec des robes en chocolat des plus remarquables ! Vous pourrez \u00e9galement vivre l&rsquo;exp\u00e9rience en plein c\u0153ur, en participant \u00e0 une chasse aux tr\u00e9sors sur tout le salon et tenter de gagner de jolies r\u00e9compenses !<\/span><\/p><p>\u00a0<\/p>\t\t\t\t\t\t<\/div>\n\t\t\t\t<\/div>\n\t\t\t\t\t<\/div>\n\t\t<\/div>\n\t\t\t\t<div class=\"elementor-column elementor-col-50 elementor-inner-column elementor-element elementor-element-fb6c76\" data-id=\"fb6c76\" data-element_type=\"column\">\n\t\t\t<div class=\"elementor-widget-wrap elementor-element-populated\">\n\t\t\t\t\t\t\t\t<div class=\"elementor-element elementor-element-7be1adf7 elementor-widget elementor-widget-image\" data-id=\"7be1adf7\" data-element_type=\"widget\" data-widget_type=\"image.default\">\n\t\t\t\t<div class=\"elementor-widget-container\">\n\t\t\t<style>\/*! elementor - v3.13.3 - 28-05-2023 *\/\n.elementor-widget-image{text-align:center}.elementor-widget-image a{display:inline-block}.elementor-widget-image a img[src$=\".svg\"]{width:48px}.elementor-widget-image img{vertical-align:middle;display:inline-block}<\/style>\t\t\t\t\t\t\t\t\t<figure class=\"wp-caption\">\n\t\t\t\t\t\t\t\t\t\t<img decoding=\"async\" width=\"1024\" height=\"1024\" src=\"https:\/\/ousortirfrance.com\/lyon\/wp-content\/uploads\/sites\/8\/2023\/10\/salon-du-chocolat-1024x1024.jpg\" class=\"attachment-large size-large wp-image-13390\" alt=\"\" loading=\"lazy\" srcset=\"https:\/\/ousortirfrance.com\/lyon\/wp-content\/uploads\/sites\/8\/2023\/10\/salon-du-chocolat-1024x1024.jpg 1024w, https:\/\/ousortirfrance.com\/lyon\/wp-content\/uploads\/sites\/8\/2023\/10\/salon-du-chocolat-300x300.jpg 300w, https:\/\/ousortirfrance.com\/lyon\/wp-content\/uploads\/sites\/8\/2023\/10\/salon-du-chocolat-150x150.jpg 150w, https:\/\/ousortirfrance.com\/lyon\/wp-content\/uploads\/sites\/8\/2023\/10\/salon-du-chocolat-768x768.jpg 768w, https:\/\/ousortirfrance.com\/lyon\/wp-content\/uploads\/sites\/8\/2023\/10\/salon-du-chocolat-1536x1536.jpg 1536w, https:\/\/ousortirfrance.com\/lyon\/wp-content\/uploads\/sites\/8\/2023\/10\/salon-du-chocolat.jpg 2048w\" sizes=\"(max-width: 1024px) 100vw, 1024px\" \/>\t\t\t\t\t\t\t\t\t\t\t<figcaption class=\"widget-image-caption wp-caption-text\">\u00a9 Salon du Chocolat<\/figcaption>\n\t\t\t\t\t\t\t\t\t\t<\/figure>\n\t\t\t\t\t\t\t\t\t<\/div>\n\t\t\t\t<\/div>\n\t\t\t\t\t<\/div>\n\t\t<\/div>\n\t\t\t\t\t\t\t<\/div>\n\t\t<\/article>\n\t\t\t\t\t<\/div>\n\t\t<\/div>\n\t\t\t\t<aside class=\"elementor-column elementor-col-33 elementor-top-column elementor-element elementor-element-771415ff\" data-id=\"771415ff\" data-element_type=\"column\" data-settings=\"{&quot;background_background&quot;:&quot;classic&quot;}\">\n\t\t\t<div class=\"elementor-widget-wrap elementor-element-populated\">\n\t\t\t\t\t\t\t\t<section class=\"elementor-section elementor-inner-section elementor-element elementor-element-f71799c sidebar-is-sticky elementor-section-boxed elementor-section-height-default elementor-section-height-default\" data-id=\"f71799c\" data-element_type=\"section\">\n\t\t\t\t\t\t<div class=\"elementor-container elementor-column-gap-default\">\n\t\t\t\t\t<div class=\"elementor-column elementor-col-100 elementor-inner-column elementor-element elementor-element-40fffb1a\" data-id=\"40fffb1a\" data-element_type=\"column\">\n\t\t\t<div class=\"elementor-widget-wrap elementor-element-populated\">\n\t\t\t\t\t\t\t\t<div class=\"elementor-element elementor-element-49d8bb7b elementor-widget elementor-widget-heading\" data-id=\"49d8bb7b\" data-element_type=\"widget\" data-widget_type=\"heading.default\">\n\t\t\t\t<div class=\"elementor-widget-container\">\n\t\t\t<p class=\"elementor-heading-title elementor-size-default\">Informations pratiques<\/p>\t\t<\/div>\n\t\t\t\t<\/div>\n\t\t\t\t<div class=\"elementor-element elementor-element-73cd51a3 elementor-align-left elementor-icon-list--layout-traditional elementor-list-item-link-full_width elementor-widget elementor-widget-icon-list\" data-id=\"73cd51a3\" data-element_type=\"widget\" data-widget_type=\"icon-list.default\">\n\t\t\t\t<div class=\"elementor-widget-container\">\n\t\t\t<link rel=\"stylesheet\" href=\"https:\/\/ousortirfrance.com\/lyon\/wp-content\/plugins\/elementor\/assets\/css\/widget-icon-list.min.css\">\t\t<ul class=\"elementor-icon-list-items\">\n\t\t\t\t\t\t\t<li class=\"elementor-icon-list-item\">\n\t\t\t\t\t\t\t\t\t\t\t<span class=\"elementor-icon-list-icon\">\n\t\t\t\t\t\t\t<i aria-hidden=\"true\" class=\"fas fa-shopping-bag\"><\/i>\t\t\t\t\t\t<\/span>\n\t\t\t\t\t\t\t\t\t\t<span class=\"elementor-icon-list-text\">Salon<\/span>\n\t\t\t\t\t\t\t\t\t<\/li>\n\t\t\t\t\t\t\t\t<li class=\"elementor-icon-list-item\">\n\t\t\t\t\t\t\t\t\t\t\t<span class=\"elementor-icon-list-icon\">\n\t\t\t\t\t\t\t<i aria-hidden=\"true\" class=\"fas fa-map-marker-alt\"><\/i>\t\t\t\t\t\t<\/span>\n\t\t\t\t\t\t\t\t\t\t<span class=\"elementor-icon-list-text\">Centre de Congr\u00e8s, Cit\u00e9 Internationale,<br>Lyon 6<\/span>\n\t\t\t\t\t\t\t\t\t<\/li>\n\t\t\t\t\t\t\t\t<li class=\"elementor-icon-list-item\">\n\t\t\t\t\t\t\t\t\t\t\t<span class=\"elementor-icon-list-icon\">\n\t\t\t\t\t\t\t<i aria-hidden=\"true\" class=\"far fa-clock\"><\/i>\t\t\t\t\t\t<\/span>\n\t\t\t\t\t\t\t\t\t\t<span class=\"elementor-icon-list-text\">de 10h \u00e0 19h<br>Du Vendredi 10 au Dimanche 12 Novembre<\/span>\n\t\t\t\t\t\t\t\t\t<\/li>\n\t\t\t\t\t\t\t\t<li class=\"elementor-icon-list-item\">\n\t\t\t\t\t\t\t\t\t\t\t<a href=\"https:\/\/lyon.salon-du-chocolat.com\/\" target=\"_blank\" rel=\"nofollow\">\n\n\t\t\t\t\t\t\t\t\t\t\t\t<span class=\"elementor-icon-list-icon\">\n\t\t\t\t\t\t\t<i aria-hidden=\"true\" class=\"fas fa-globe-americas\"><\/i>\t\t\t\t\t\t<\/span>\n\t\t\t\t\t\t\t\t\t\t<span class=\"elementor-icon-list-text\">Site du Salon<\/span>\n\t\t\t\t\t\t\t\t\t\t\t<\/a>\n\t\t\t\t\t\t\t\t\t<\/li>\n\t\t\t\t\t\t\t\t<li class=\"elementor-icon-list-item\">\n\t\t\t\t\t\t\t\t\t\t\t<span class=\"elementor-icon-list-icon\">\n\t\t\t\t\t\t\t<i aria-hidden=\"true\" class=\"far fa-money-bill-alt\"><\/i>\t\t\t\t\t\t<\/span>\n\t\t\t\t\t\t\t\t\t\t<span class=\"elementor-icon-list-text\">Tarifs : 6\u20ac et 12\u20ac<\/span>\n\t\t\t\t\t\t\t\t\t<\/li>\n\t\t\t\t\t\t<\/ul>\n\t\t\t\t<\/div>\n\t\t\t\t<\/div>\n\t\t\t\t\t<\/div>\n\t\t<\/div>\n\t\t\t\t\t\t\t<\/div>\n\t\t<\/section>\n\t\t\t\t\t<\/div>\n\t\t<\/aside>\n\t\t\t\t\t\t\t<\/div>\n\t\t<\/section>\n\t\t\t\t<section class=\"elementor-section elementor-top-section elementor-element elementor-element-5da48751 elementor-section-full_width elementor-section-stretched elementor-section-height-default elementor-section-height-default\" data-id=\"5da48751\" data-element_type=\"section\" data-settings=\"{&quot;stretch_section&quot;:&quot;section-stretched&quot;}\">\n\t\t\t\t\t\t<div class=\"elementor-container elementor-column-gap-default\">\n\t\t\t\t\t<div class=\"elementor-column elementor-col-66 elementor-top-column elementor-element elementor-element-1617428a\" data-id=\"1617428a\" data-element_type=\"column\">\n\t\t\t<div class=\"elementor-widget-wrap elementor-element-populated\">\n\t\t\t\t\t\t\t\t<article class=\"elementor-section elementor-inner-section elementor-element elementor-element-709a486a elementor-section-content-middle elementor-section-full_width elementor-section-height-default elementor-section-height-default\" data-id=\"709a486a\" data-element_type=\"section\">\n\t\t\t\t\t\t<div class=\"elementor-container elementor-column-gap-default\">\n\t\t\t\t\t<div class=\"elementor-column elementor-col-50 elementor-inner-column elementor-element elementor-element-2d19b761\" data-id=\"2d19b761\" data-element_type=\"column\">\n\t\t\t<div class=\"elementor-widget-wrap elementor-element-populated\">\n\t\t\t\t\t\t\t\t<div class=\"elementor-element elementor-element-27ed9e59 elementor-widget elementor-widget-image\" data-id=\"27ed9e59\" data-element_type=\"widget\" data-widget_type=\"image.default\">\n\t\t\t\t<div class=\"elementor-widget-container\">\n\t\t\t\t\t\t\t\t\t\t\t\t<figure class=\"wp-caption\">\n\t\t\t\t\t\t\t\t\t\t<img decoding=\"async\" width=\"482\" height=\"685\" src=\"https:\/\/ousortirfrance.com\/lyon\/wp-content\/uploads\/sites\/8\/2023\/10\/salonvintage.png\" class=\"attachment-large size-large wp-image-13382\" alt=\"Salon du Vintage 2023, novembre \u00e0 Lyon\" loading=\"lazy\" srcset=\"https:\/\/ousortirfrance.com\/lyon\/wp-content\/uploads\/sites\/8\/2023\/10\/salonvintage.png 482w, https:\/\/ousortirfrance.com\/lyon\/wp-content\/uploads\/sites\/8\/2023\/10\/salonvintage-211x300.png 211w\" sizes=\"(max-width: 482px) 100vw, 482px\" \/>\t\t\t\t\t\t\t\t\t\t\t<figcaption class=\"widget-image-caption wp-caption-text\">\u00a9 Salon du Vintage<\/figcaption>\n\t\t\t\t\t\t\t\t\t\t<\/figure>\n\t\t\t\t\t\t\t\t\t<\/div>\n\t\t\t\t<\/div>\n\t\t\t\t\t<\/div>\n\t\t<\/div>\n\t\t\t\t<div class=\"elementor-column elementor-col-50 elementor-inner-column elementor-element elementor-element-3159b87b\" data-id=\"3159b87b\" data-element_type=\"column\">\n\t\t\t<div class=\"elementor-widget-wrap elementor-element-populated\">\n\t\t\t\t\t\t\t\t<div class=\"elementor-element elementor-element-49ead870 elementor-widget elementor-widget-heading\" data-id=\"49ead870\" data-element_type=\"widget\" data-widget_type=\"heading.default\">\n\t\t\t\t<div class=\"elementor-widget-container\">\n\t\t\t<h2 class=\"elementor-heading-title elementor-size-default\">Salon du Vintage<\/h2>\t\t<\/div>\n\t\t\t\t<\/div>\n\t\t\t\t<div class=\"elementor-element elementor-element-22302c2d elementor-widget elementor-widget-text-editor\" data-id=\"22302c2d\" data-element_type=\"widget\" data-widget_type=\"text-editor.default\">\n\t\t\t\t<div class=\"elementor-widget-container\">\n\t\t\t\t\t\t\t<p><span style=\"font-style: inherit; font-weight: inherit; background-color: var(--ast-global-color-4); color: var(--ast-global-color-3);\">Pour sa 30\u00e8me \u00e9dition, venez chiner vos plus belles pi\u00e8ces vintage \u00e0 Villeurbanne \u00e0 l&rsquo;occasion du Salon du Vintage et Ic\u00f4nes Musicales !<\/span><\/p><p><span style=\"font-style: inherit; font-weight: inherit; background-color: var(--ast-global-color-4); color: var(--ast-global-color-3);\">D\u00e9ambuler dans 4000m\u00b2 de mode, de mobilier design et de bijoux tout droit sortis des ann\u00e9es 70&prime; \u00e0 90&prime;. En pi\u00e8ces phares, vous pourrez admirer la robe iconique qu&rsquo;a port\u00e9 Madonna et r\u00e9alis\u00e9e par Jean-Paul Gaultier. Ou encore le style loufoque de Flavor Flave, le rappeur am\u00e9ricain du groupe Public Enemy.<br \/><br \/>Ca se passe sur le deuxi\u00e8me week-end de novembre, au Double Mixte, de 10h \u00e0 19h.\u00a0<br \/><br \/><\/span><\/p>\t\t\t\t\t\t<\/div>\n\t\t\t\t<\/div>\n\t\t\t\t\t<\/div>\n\t\t<\/div>\n\t\t\t\t\t\t\t<\/div>\n\t\t<\/article>\n\t\t\t\t\t<\/div>\n\t\t<\/div>\n\t\t\t\t<aside class=\"elementor-column elementor-col-33 elementor-top-column elementor-element elementor-element-2b2381e2\" data-id=\"2b2381e2\" data-element_type=\"column\" data-settings=\"{&quot;background_background&quot;:&quot;classic&quot;}\">\n\t\t\t<div class=\"elementor-widget-wrap elementor-element-populated\">\n\t\t\t\t\t\t\t\t<section class=\"elementor-section elementor-inner-section elementor-element elementor-element-54f811e2 sidebar-is-sticky elementor-section-boxed elementor-section-height-default elementor-section-height-default\" data-id=\"54f811e2\" data-element_type=\"section\">\n\t\t\t\t\t\t<div class=\"elementor-container elementor-column-gap-default\">\n\t\t\t\t\t<div class=\"elementor-column elementor-col-100 elementor-inner-column elementor-element elementor-element-6031cf8e\" data-id=\"6031cf8e\" data-element_type=\"column\">\n\t\t\t<div class=\"elementor-widget-wrap elementor-element-populated\">\n\t\t\t\t\t\t\t\t<div class=\"elementor-element elementor-element-34e51459 elementor-widget elementor-widget-heading\" data-id=\"34e51459\" data-element_type=\"widget\" data-widget_type=\"heading.default\">\n\t\t\t\t<div class=\"elementor-widget-container\">\n\t\t\t<p class=\"elementor-heading-title elementor-size-default\">Informations pratiques<\/p>\t\t<\/div>\n\t\t\t\t<\/div>\n\t\t\t\t<div class=\"elementor-element elementor-element-1b96364a elementor-align-left elementor-icon-list--layout-traditional elementor-list-item-link-full_width elementor-widget elementor-widget-icon-list\" data-id=\"1b96364a\" data-element_type=\"widget\" data-widget_type=\"icon-list.default\">\n\t\t\t\t<div class=\"elementor-widget-container\">\n\t\t\t\t\t<ul class=\"elementor-icon-list-items\">\n\t\t\t\t\t\t\t<li class=\"elementor-icon-list-item\">\n\t\t\t\t\t\t\t\t\t\t\t<span class=\"elementor-icon-list-icon\">\n\t\t\t\t\t\t\t<i aria-hidden=\"true\" class=\"fas fa-shopping-bag\"><\/i>\t\t\t\t\t\t<\/span>\n\t\t\t\t\t\t\t\t\t\t<span class=\"elementor-icon-list-text\">Shopping vintage, Mobilier, Mode, Bijoux<\/span>\n\t\t\t\t\t\t\t\t\t<\/li>\n\t\t\t\t\t\t\t\t<li class=\"elementor-icon-list-item\">\n\t\t\t\t\t\t\t\t\t\t\t<span class=\"elementor-icon-list-icon\">\n\t\t\t\t\t\t\t<i aria-hidden=\"true\" class=\"fas fa-map-marker-alt\"><\/i>\t\t\t\t\t\t<\/span>\n\t\t\t\t\t\t\t\t\t\t<span class=\"elementor-icon-list-text\">Double Mixte,<br>19 Avenue Gaston Berger, <br>Villeurbanne 69100<\/span>\n\t\t\t\t\t\t\t\t\t<\/li>\n\t\t\t\t\t\t\t\t<li class=\"elementor-icon-list-item\">\n\t\t\t\t\t\t\t\t\t\t\t<span class=\"elementor-icon-list-icon\">\n\t\t\t\t\t\t\t<i aria-hidden=\"true\" class=\"far fa-clock\"><\/i>\t\t\t\t\t\t<\/span>\n\t\t\t\t\t\t\t\t\t\t<span class=\"elementor-icon-list-text\">De 10h \u00e0 19h<br>Samedi 11 et Dimanche 12 Novembre<\/span>\n\t\t\t\t\t\t\t\t\t<\/li>\n\t\t\t\t\t\t\t\t<li class=\"elementor-icon-list-item\">\n\t\t\t\t\t\t\t\t\t\t\t<a href=\"https:\/\/www.instagram.com\/salon_du_vintage\/\" target=\"_blank\" rel=\"nofollow\">\n\n\t\t\t\t\t\t\t\t\t\t\t\t<span class=\"elementor-icon-list-icon\">\n\t\t\t\t\t\t\t<i aria-hidden=\"true\" class=\"fab fa-instagram\"><\/i>\t\t\t\t\t\t<\/span>\n\t\t\t\t\t\t\t\t\t\t<span class=\"elementor-icon-list-text\">Salon du Vintage 2023<\/span>\n\t\t\t\t\t\t\t\t\t\t\t<\/a>\n\t\t\t\t\t\t\t\t\t<\/li>\n\t\t\t\t\t\t\t\t<li class=\"elementor-icon-list-item\">\n\t\t\t\t\t\t\t\t\t\t\t<span class=\"elementor-icon-list-icon\">\n\t\t\t\t\t\t\t<i aria-hidden=\"true\" class=\"far fa-money-bill-alt\"><\/i>\t\t\t\t\t\t<\/span>\n\t\t\t\t\t\t\t\t\t\t<span class=\"elementor-icon-list-text\">Tarifs :<br>7\u20ac plein tarif<br>6\u20ac \u00e9tudiant et<br>gratuit - de 8 ans<\/span>\n\t\t\t\t\t\t\t\t\t<\/li>\n\t\t\t\t\t\t<\/ul>\n\t\t\t\t<\/div>\n\t\t\t\t<\/div>\n\t\t\t\t\t<\/div>\n\t\t<\/div>\n\t\t\t\t\t\t\t<\/div>\n\t\t<\/section>\n\t\t\t\t\t<\/div>\n\t\t<\/aside>\n\t\t\t\t\t\t\t<\/div>\n\t\t<\/section>\n\t\t\t\t<section class=\"elementor-section elementor-top-section elementor-element elementor-element-6d2a1e5b elementor-section-full_width elementor-section-stretched elementor-section-height-default elementor-section-height-default\" data-id=\"6d2a1e5b\" data-element_type=\"section\" data-settings=\"{&quot;stretch_section&quot;:&quot;section-stretched&quot;}\">\n\t\t\t\t\t\t<div class=\"elementor-container elementor-column-gap-default\">\n\t\t\t\t\t<div class=\"elementor-column elementor-col-66 elementor-top-column elementor-element elementor-element-73299d31\" data-id=\"73299d31\" data-element_type=\"column\">\n\t\t\t<div class=\"elementor-widget-wrap elementor-element-populated\">\n\t\t\t\t\t\t\t\t<article class=\"elementor-section elementor-inner-section elementor-element elementor-element-4bcc7591 elementor-section-content-middle elementor-section-full_width elementor-section-height-default elementor-section-height-default\" data-id=\"4bcc7591\" data-element_type=\"section\">\n\t\t\t\t\t\t<div class=\"elementor-container elementor-column-gap-default\">\n\t\t\t\t\t<div class=\"elementor-column elementor-col-50 elementor-inner-column elementor-element elementor-element-f482962\" data-id=\"f482962\" data-element_type=\"column\">\n\t\t\t<div class=\"elementor-widget-wrap elementor-element-populated\">\n\t\t\t\t\t\t\t\t<div class=\"elementor-element elementor-element-35d2cbad elementor-widget elementor-widget-heading\" data-id=\"35d2cbad\" data-element_type=\"widget\" data-widget_type=\"heading.default\">\n\t\t\t\t<div class=\"elementor-widget-container\">\n\t\t\t<h2 class=\"elementor-heading-title elementor-size-default\">Beaujol'en Sc\u00e8ne !<\/h2>\t\t<\/div>\n\t\t\t\t<\/div>\n\t\t\t\t<div class=\"elementor-element elementor-element-4920b74d elementor-widget elementor-widget-text-editor\" data-id=\"4920b74d\" data-element_type=\"widget\" data-widget_type=\"text-editor.default\">\n\t\t\t\t<div class=\"elementor-widget-container\">\n\t\t\t\t\t\t\t<p><span style=\"font-style: inherit; font-weight: inherit; background-color: var(--ast-global-color-4); color: var(--ast-global-color-3);\">Commercialis\u00e9 le 3\u00e8me jeudi du mois de novembre, ce vin est tout frais sorti des vendanges d&rsquo;\u00e9t\u00e9 et ne peut se conserver que six mois.<\/span><\/p><p><span style=\"font-style: inherit; font-weight: inherit; background-color: var(--ast-global-color-4); color: var(--ast-global-color-3);\">L&rsquo;ann\u00e9e derni\u00e8re, il est arriv\u00e9 \u00e0 v\u00e9lo ou en kayak \u00e0 Lyon ! Qu&rsquo;en sera-t-il cette ann\u00e9e ?\u00a0<br \/><br \/><\/span>Tout ce que l&rsquo;on sait, c&rsquo;est que la f\u00eate se d\u00e9roule Place Saint Jean. Au contact des caves coop\u00e9ratives et des viticulteurs qui partagent avec vous leur histoire ainsi que leur passion. Accompagn\u00e9s de DJ tout au long de la soir\u00e9e et de la fanfare compt\u00e9 minuit le mercredi pour commencer \u00e0 d\u00e9guster le nouveau Beaujolais, des Vins d&rsquo;Appellation d&rsquo;Origine Prot\u00e9g\u00e9e du Beaujolais !\u00a0<\/p><p>\u00a0<\/p><p>*L&rsquo;abus d&rsquo;alcool est dangereux pour la sant\u00e9, \u00c0 consommer avec mod\u00e9ration.<\/p>\t\t\t\t\t\t<\/div>\n\t\t\t\t<\/div>\n\t\t\t\t\t<\/div>\n\t\t<\/div>\n\t\t\t\t<div class=\"elementor-column elementor-col-50 elementor-inner-column elementor-element elementor-element-1ce0ef13\" data-id=\"1ce0ef13\" data-element_type=\"column\">\n\t\t\t<div class=\"elementor-widget-wrap elementor-element-populated\">\n\t\t\t\t\t\t\t\t<div class=\"elementor-element elementor-element-3bfd2d95 elementor-widget elementor-widget-image\" data-id=\"3bfd2d95\" data-element_type=\"widget\" data-widget_type=\"image.default\">\n\t\t\t\t<div class=\"elementor-widget-container\">\n\t\t\t\t\t\t\t\t\t\t\t\t<figure class=\"wp-caption\">\n\t\t\t\t\t\t\t\t\t\t<img decoding=\"async\" width=\"724\" height=\"1024\" src=\"https:\/\/ousortirfrance.com\/lyon\/wp-content\/uploads\/sites\/8\/2023\/10\/Beaujolen-scene-724x1024.jpg\" class=\"attachment-large size-large wp-image-13405\" alt=\"Beaujolais Nouveau novembre \u00e0 Lyon\" loading=\"lazy\" srcset=\"https:\/\/ousortirfrance.com\/lyon\/wp-content\/uploads\/sites\/8\/2023\/10\/Beaujolen-scene-724x1024.jpg 724w, https:\/\/ousortirfrance.com\/lyon\/wp-content\/uploads\/sites\/8\/2023\/10\/Beaujolen-scene-212x300.jpg 212w, https:\/\/ousortirfrance.com\/lyon\/wp-content\/uploads\/sites\/8\/2023\/10\/Beaujolen-scene-768x1086.jpg 768w, https:\/\/ousortirfrance.com\/lyon\/wp-content\/uploads\/sites\/8\/2023\/10\/Beaujolen-scene-1086x1536.jpg 1086w, https:\/\/ousortirfrance.com\/lyon\/wp-content\/uploads\/sites\/8\/2023\/10\/Beaujolen-scene-1448x2048.jpg 1448w, https:\/\/ousortirfrance.com\/lyon\/wp-content\/uploads\/sites\/8\/2023\/10\/Beaujolen-scene.jpg 1810w\" sizes=\"(max-width: 724px) 100vw, 724px\" \/>\t\t\t\t\t\t\t\t\t\t\t<figcaption class=\"widget-image-caption wp-caption-text\">\u00a9 Beaujolais Nouveau<\/figcaption>\n\t\t\t\t\t\t\t\t\t\t<\/figure>\n\t\t\t\t\t\t\t\t\t<\/div>\n\t\t\t\t<\/div>\n\t\t\t\t\t<\/div>\n\t\t<\/div>\n\t\t\t\t\t\t\t<\/div>\n\t\t<\/article>\n\t\t\t\t\t<\/div>\n\t\t<\/div>\n\t\t\t\t<aside class=\"elementor-column elementor-col-33 elementor-top-column elementor-element elementor-element-2833a110\" data-id=\"2833a110\" data-element_type=\"column\" data-settings=\"{&quot;background_background&quot;:&quot;classic&quot;}\">\n\t\t\t<div class=\"elementor-widget-wrap elementor-element-populated\">\n\t\t\t\t\t\t\t\t<section class=\"elementor-section elementor-inner-section elementor-element elementor-element-1a127997 sidebar-is-sticky elementor-section-boxed elementor-section-height-default elementor-section-height-default\" data-id=\"1a127997\" data-element_type=\"section\">\n\t\t\t\t\t\t<div class=\"elementor-container elementor-column-gap-default\">\n\t\t\t\t\t<div class=\"elementor-column elementor-col-100 elementor-inner-column elementor-element elementor-element-4857fb5a\" data-id=\"4857fb5a\" data-element_type=\"column\">\n\t\t\t<div class=\"elementor-widget-wrap elementor-element-populated\">\n\t\t\t\t\t\t\t\t<div class=\"elementor-element elementor-element-201fb077 elementor-widget elementor-widget-heading\" data-id=\"201fb077\" data-element_type=\"widget\" data-widget_type=\"heading.default\">\n\t\t\t\t<div class=\"elementor-widget-container\">\n\t\t\t<p class=\"elementor-heading-title elementor-size-default\">Informations pratiques<\/p>\t\t<\/div>\n\t\t\t\t<\/div>\n\t\t\t\t<div class=\"elementor-element elementor-element-78251c4b elementor-align-left elementor-icon-list--layout-traditional elementor-list-item-link-full_width elementor-widget elementor-widget-icon-list\" data-id=\"78251c4b\" data-element_type=\"widget\" data-widget_type=\"icon-list.default\">\n\t\t\t\t<div class=\"elementor-widget-container\">\n\t\t\t\t\t<ul class=\"elementor-icon-list-items\">\n\t\t\t\t\t\t\t<li class=\"elementor-icon-list-item\">\n\t\t\t\t\t\t\t\t\t\t\t<span class=\"elementor-icon-list-icon\">\n\t\t\t\t\t\t\t<i aria-hidden=\"true\" class=\"fas fa-wine-glass-alt\"><\/i>\t\t\t\t\t\t<\/span>\n\t\t\t\t\t\t\t\t\t\t<span class=\"elementor-icon-list-text\">D\u00e9gustation<\/span>\n\t\t\t\t\t\t\t\t\t<\/li>\n\t\t\t\t\t\t\t\t<li class=\"elementor-icon-list-item\">\n\t\t\t\t\t\t\t\t\t\t\t<a href=\"https:\/\/www.google.com\/maps\/place\/LOOK-VINTAGE+-+Friperie\/@45.7665672,4.8259267,17z\/data=!3m1!4b1!4m5!3m4!1s0x47f4eb01b2d3ad4f:0xf61fc05bb22250b2!8m2!3d45.7665728!4d4.8281266\">\n\n\t\t\t\t\t\t\t\t\t\t\t\t<span class=\"elementor-icon-list-icon\">\n\t\t\t\t\t\t\t<i aria-hidden=\"true\" class=\"fas fa-map-marker-alt\"><\/i>\t\t\t\t\t\t<\/span>\n\t\t\t\t\t\t\t\t\t\t<span class=\"elementor-icon-list-text\">Place Saint Jean, Lyon 5<\/span>\n\t\t\t\t\t\t\t\t\t\t\t<\/a>\n\t\t\t\t\t\t\t\t\t<\/li>\n\t\t\t\t\t\t\t\t<li class=\"elementor-icon-list-item\">\n\t\t\t\t\t\t\t\t\t\t\t<span class=\"elementor-icon-list-icon\">\n\t\t\t\t\t\t\t<i aria-hidden=\"true\" class=\"far fa-clock\"><\/i>\t\t\t\t\t\t<\/span>\n\t\t\t\t\t\t\t\t\t\t<span class=\"elementor-icon-list-text\">18h30 \u00e0 23h30 le Mercredi 15 et<br>16h \u00e0 23h le Jeudi 16 Novembre<\/span>\n\t\t\t\t\t\t\t\t\t<\/li>\n\t\t\t\t\t\t\t\t<li class=\"elementor-icon-list-item\">\n\t\t\t\t\t\t\t\t\t\t\t<a href=\"https:\/\/jarhone.fr\/beaujolen-scene\/\">\n\n\t\t\t\t\t\t\t\t\t\t\t\t<span class=\"elementor-icon-list-icon\">\n\t\t\t\t\t\t\t<i aria-hidden=\"true\" class=\"fas fa-globe-africa\"><\/i>\t\t\t\t\t\t<\/span>\n\t\t\t\t\t\t\t\t\t\t<span class=\"elementor-icon-list-text\">Billeterie sur le site de Beaujol'en sc\u00e8ne<br>15\u20ac le mercredi et <br>20\u20ac le jeudi<\/span>\n\t\t\t\t\t\t\t\t\t\t\t<\/a>\n\t\t\t\t\t\t\t\t\t<\/li>\n\t\t\t\t\t\t<\/ul>\n\t\t\t\t<\/div>\n\t\t\t\t<\/div>\n\t\t\t\t\t<\/div>\n\t\t<\/div>\n\t\t\t\t\t\t\t<\/div>\n\t\t<\/section>\n\t\t\t\t\t<\/div>\n\t\t<\/aside>\n\t\t\t\t\t\t\t<\/div>\n\t\t<\/section>\n\t\t\t\t<section class=\"elementor-section elementor-top-section elementor-element elementor-element-6c91cb0b elementor-section-full_width elementor-section-stretched elementor-section-height-default elementor-section-height-default\" data-id=\"6c91cb0b\" data-element_type=\"section\" data-settings=\"{&quot;stretch_section&quot;:&quot;section-stretched&quot;}\">\n\t\t\t\t\t\t<div class=\"elementor-container elementor-column-gap-default\">\n\t\t\t\t\t<div class=\"elementor-column elementor-col-66 elementor-top-column elementor-element elementor-element-6b768f86\" data-id=\"6b768f86\" data-element_type=\"column\">\n\t\t\t<div class=\"elementor-widget-wrap elementor-element-populated\">\n\t\t\t\t\t\t\t\t<article class=\"elementor-section elementor-inner-section elementor-element elementor-element-6c537bb3 elementor-section-content-middle elementor-section-full_width elementor-section-height-default elementor-section-height-default\" data-id=\"6c537bb3\" data-element_type=\"section\">\n\t\t\t\t\t\t<div class=\"elementor-container elementor-column-gap-default\">\n\t\t\t\t\t<div class=\"elementor-column elementor-col-50 elementor-inner-column elementor-element elementor-element-3869ff81\" data-id=\"3869ff81\" data-element_type=\"column\">\n\t\t\t<div class=\"elementor-widget-wrap elementor-element-populated\">\n\t\t\t\t\t\t\t\t<div class=\"elementor-element elementor-element-58ea6785 elementor-widget elementor-widget-image\" data-id=\"58ea6785\" data-element_type=\"widget\" data-widget_type=\"image.default\">\n\t\t\t\t<div class=\"elementor-widget-container\">\n\t\t\t\t\t\t\t\t\t\t\t\t<figure class=\"wp-caption\">\n\t\t\t\t\t\t\t\t\t\t<img decoding=\"async\" width=\"537\" height=\"766\" src=\"https:\/\/ousortirfrance.com\/lyon\/wp-content\/uploads\/sites\/8\/2023\/10\/Silk-in-Lyon-interieur.png\" class=\"attachment-large size-large wp-image-13398\" alt=\"Silk in Lyon int\u00e9rieur\" loading=\"lazy\" srcset=\"https:\/\/ousortirfrance.com\/lyon\/wp-content\/uploads\/sites\/8\/2023\/10\/Silk-in-Lyon-interieur.png 537w, https:\/\/ousortirfrance.com\/lyon\/wp-content\/uploads\/sites\/8\/2023\/10\/Silk-in-Lyon-interieur-210x300.png 210w\" sizes=\"(max-width: 537px) 100vw, 537px\" \/>\t\t\t\t\t\t\t\t\t\t\t<figcaption class=\"widget-image-caption wp-caption-text\">\u00a9 Silk in Lyon - Festival de la Soie<\/figcaption>\n\t\t\t\t\t\t\t\t\t\t<\/figure>\n\t\t\t\t\t\t\t\t\t<\/div>\n\t\t\t\t<\/div>\n\t\t\t\t\t<\/div>\n\t\t<\/div>\n\t\t\t\t<div class=\"elementor-column elementor-col-50 elementor-inner-column elementor-element elementor-element-66597861\" data-id=\"66597861\" data-element_type=\"column\">\n\t\t\t<div class=\"elementor-widget-wrap elementor-element-populated\">\n\t\t\t\t\t\t\t\t<div class=\"elementor-element elementor-element-131eb52 elementor-widget elementor-widget-heading\" data-id=\"131eb52\" data-element_type=\"widget\" data-widget_type=\"heading.default\">\n\t\t\t\t<div class=\"elementor-widget-container\">\n\t\t\t<h2 class=\"elementor-heading-title elementor-size-default\">Silk in Lyon<\/h2>\t\t<\/div>\n\t\t\t\t<\/div>\n\t\t\t\t<div class=\"elementor-element elementor-element-600361dc elementor-widget elementor-widget-text-editor\" data-id=\"600361dc\" data-element_type=\"widget\" data-widget_type=\"text-editor.default\">\n\t\t\t\t<div class=\"elementor-widget-container\">\n\t\t\t\t\t\t\t<p>Bienvenue au Festival de la Soie ! Qui existe depuis maintenant 5 ans, et met \u00e0 l&rsquo;honneur ce tissu si d\u00e9licat et impressionnant qu&rsquo;est la soie (Silk en anglais). D&rsquo;ailleurs, qui n&rsquo;a jamais visit\u00e9 le Mus\u00e9e des Canuts ?\u00a0<\/p><p>Mais revenons au festival. Ce ne sont pas moins de 120 professionnels pr\u00e9sents durant ces quatre jours, et 45 animations autour de ce tissu majestueux. Silk in Lyon articule l&rsquo;histoire de la soie \u00e0 travers 11 s\u00e9quences chronologiques et illustr\u00e9es. Ce parcours vous permettra de retracer ses pas depuis son origine en Chine, en empruntant le chemin de la route de la soie pour atterrir \u00e0 Lyon qui devient la capitale de la soie. Puis l&rsquo;on vous expliquera son expansion et son int\u00e9gration dans les diff\u00e9rentes modes qui traversent les \u00e2ges pour arriver \u00e0 son utilisation aujourd&rsquo;hui.<\/p><p>D\u00e9couvrez la soie en cosm\u00e9tique, en tissu, en ateliers, en expositions et en conf\u00e9rences !<\/p><p>\u00a0<\/p>\t\t\t\t\t\t<\/div>\n\t\t\t\t<\/div>\n\t\t\t\t\t<\/div>\n\t\t<\/div>\n\t\t\t\t\t\t\t<\/div>\n\t\t<\/article>\n\t\t\t\t\t<\/div>\n\t\t<\/div>\n\t\t\t\t<aside class=\"elementor-column elementor-col-33 elementor-top-column elementor-element elementor-element-47c64a99\" data-id=\"47c64a99\" data-element_type=\"column\" data-settings=\"{&quot;background_background&quot;:&quot;classic&quot;}\">\n\t\t\t<div class=\"elementor-widget-wrap elementor-element-populated\">\n\t\t\t\t\t\t\t\t<section class=\"elementor-section elementor-inner-section elementor-element elementor-element-531f3aa2 sidebar-is-sticky elementor-section-boxed elementor-section-height-default elementor-section-height-default\" data-id=\"531f3aa2\" data-element_type=\"section\">\n\t\t\t\t\t\t<div class=\"elementor-container elementor-column-gap-default\">\n\t\t\t\t\t<div class=\"elementor-column elementor-col-100 elementor-inner-column elementor-element elementor-element-5682e9b5\" data-id=\"5682e9b5\" data-element_type=\"column\">\n\t\t\t<div class=\"elementor-widget-wrap elementor-element-populated\">\n\t\t\t\t\t\t\t\t<div class=\"elementor-element elementor-element-338eb5f9 elementor-widget elementor-widget-heading\" data-id=\"338eb5f9\" data-element_type=\"widget\" data-widget_type=\"heading.default\">\n\t\t\t\t<div class=\"elementor-widget-container\">\n\t\t\t<p class=\"elementor-heading-title elementor-size-default\">Informations pratiques<\/p>\t\t<\/div>\n\t\t\t\t<\/div>\n\t\t\t\t<div class=\"elementor-element elementor-element-628b1b59 elementor-align-left elementor-icon-list--layout-traditional elementor-list-item-link-full_width elementor-widget elementor-widget-icon-list\" data-id=\"628b1b59\" data-element_type=\"widget\" data-widget_type=\"icon-list.default\">\n\t\t\t\t<div class=\"elementor-widget-container\">\n\t\t\t\t\t<ul class=\"elementor-icon-list-items\">\n\t\t\t\t\t\t\t<li class=\"elementor-icon-list-item\">\n\t\t\t\t\t\t\t\t\t\t\t<span class=\"elementor-icon-list-icon\">\n\t\t\t\t\t\t\t<i aria-hidden=\"true\" class=\"far fa-eye\"><\/i>\t\t\t\t\t\t<\/span>\n\t\t\t\t\t\t\t\t\t\t<span class=\"elementor-icon-list-text\">Festival<\/span>\n\t\t\t\t\t\t\t\t\t<\/li>\n\t\t\t\t\t\t\t\t<li class=\"elementor-icon-list-item\">\n\t\t\t\t\t\t\t\t\t\t\t<a href=\"https:\/\/www.google.com\/maps\/place\/KILOSHOP+LYON+BOURSE\/@45.7646014,4.8348011,17z\/data=!3m1!4b1!4m5!3m4!1s0x47f4eb6d288e8739:0xfa3a31340bd0882e!8m2!3d45.7646014!4d4.8369898\">\n\n\t\t\t\t\t\t\t\t\t\t\t\t<span class=\"elementor-icon-list-icon\">\n\t\t\t\t\t\t\t<i aria-hidden=\"true\" class=\"fas fa-map-marker-alt\"><\/i>\t\t\t\t\t\t<\/span>\n\t\t\t\t\t\t\t\t\t\t<span class=\"elementor-icon-list-text\">Palais de la Bourse,<br> Lyon 2<\/span>\n\t\t\t\t\t\t\t\t\t\t\t<\/a>\n\t\t\t\t\t\t\t\t\t<\/li>\n\t\t\t\t\t\t\t\t<li class=\"elementor-icon-list-item\">\n\t\t\t\t\t\t\t\t\t\t\t<span class=\"elementor-icon-list-icon\">\n\t\t\t\t\t\t\t<i aria-hidden=\"true\" class=\"far fa-clock\"><\/i>\t\t\t\t\t\t<\/span>\n\t\t\t\t\t\t\t\t\t\t<span class=\"elementor-icon-list-text\">14h - 19h Jeudi 16<br>10h - 19h Vendredi et Samedi<br>10h - 18h Dimanche 19 Novembre<\/span>\n\t\t\t\t\t\t\t\t\t<\/li>\n\t\t\t\t\t\t\t\t<li class=\"elementor-icon-list-item\">\n\t\t\t\t\t\t\t\t\t\t\t<a href=\"https:\/\/www.silkinlyon.com\/\" target=\"_blank\" rel=\"nofollow\">\n\n\t\t\t\t\t\t\t\t\t\t\t\t<span class=\"elementor-icon-list-icon\">\n\t\t\t\t\t\t\t<i aria-hidden=\"true\" class=\"fas fa-globe-asia\"><\/i>\t\t\t\t\t\t<\/span>\n\t\t\t\t\t\t\t\t\t\t<span class=\"elementor-icon-list-text\">Site de Silk in Lyon<\/span>\n\t\t\t\t\t\t\t\t\t\t\t<\/a>\n\t\t\t\t\t\t\t\t\t<\/li>\n\t\t\t\t\t\t\t\t<li class=\"elementor-icon-list-item\">\n\t\t\t\t\t\t\t\t\t\t\t<a href=\"tel:04%2078%2079%2005%2028\">\n\n\t\t\t\t\t\t\t\t\t\t\t\t<span class=\"elementor-icon-list-icon\">\n\t\t\t\t\t\t\t<i aria-hidden=\"true\" class=\"far fa-money-bill-alt\"><\/i>\t\t\t\t\t\t<\/span>\n\t\t\t\t\t\t\t\t\t\t<span class=\"elementor-icon-list-text\">Pass SOIE 1 Jour : 7 \u20ac <br>(6 \u20ac en pr\u00e9vente web)<br>Pass SOIE 4 Jours : 15 \u20ac (14 \u20ac en pr\u00e9vente web) \u2013 1 ticket pour les 4 jours de la manifestation<br>Gratuit - de 18 ans <br>Gratuit \u00e9tudiants Mode &amp; Textile (sur pr\u00e9sentation carte d\u2019\u00e9tudiant)<\/span>\n\t\t\t\t\t\t\t\t\t\t\t<\/a>\n\t\t\t\t\t\t\t\t\t<\/li>\n\t\t\t\t\t\t<\/ul>\n\t\t\t\t<\/div>\n\t\t\t\t<\/div>\n\t\t\t\t\t<\/div>\n\t\t<\/div>\n\t\t\t\t\t\t\t<\/div>\n\t\t<\/section>\n\t\t\t\t\t<\/div>\n\t\t<\/aside>\n\t\t\t\t\t\t\t<\/div>\n\t\t<\/section>\n\t\t\t\t<section class=\"elementor-section elementor-top-section elementor-element elementor-element-7b400217 elementor-section-full_width elementor-section-stretched elementor-section-height-default elementor-section-height-default\" data-id=\"7b400217\" data-element_type=\"section\" data-settings=\"{&quot;stretch_section&quot;:&quot;section-stretched&quot;}\">\n\t\t\t\t\t\t<div class=\"elementor-container elementor-column-gap-default\">\n\t\t\t\t\t<div class=\"elementor-column elementor-col-66 elementor-top-column elementor-element elementor-element-7845c300\" data-id=\"7845c300\" data-element_type=\"column\">\n\t\t\t<div class=\"elementor-widget-wrap elementor-element-populated\">\n\t\t\t\t\t\t\t\t<article class=\"elementor-section elementor-inner-section elementor-element elementor-element-7e3c737e elementor-section-content-middle elementor-section-full_width elementor-section-height-default elementor-section-height-default\" data-id=\"7e3c737e\" data-element_type=\"section\">\n\t\t\t\t\t\t<div class=\"elementor-container elementor-column-gap-default\">\n\t\t\t\t\t<div class=\"elementor-column elementor-col-50 elementor-inner-column elementor-element elementor-element-189ce13f\" data-id=\"189ce13f\" data-element_type=\"column\">\n\t\t\t<div class=\"elementor-widget-wrap elementor-element-populated\">\n\t\t\t\t\t\t\t\t<div class=\"elementor-element elementor-element-5b0e0892 elementor-widget elementor-widget-heading\" data-id=\"5b0e0892\" data-element_type=\"widget\" data-widget_type=\"heading.default\">\n\t\t\t\t<div class=\"elementor-widget-container\">\n\t\t\t<h2 class=\"elementor-heading-title elementor-size-default\">i.D D'ART<\/h2>\t\t<\/div>\n\t\t\t\t<\/div>\n\t\t\t\t<div class=\"elementor-element elementor-element-6e269396 elementor-widget elementor-widget-text-editor\" data-id=\"6e269396\" data-element_type=\"widget\" data-widget_type=\"text-editor.default\">\n\t\t\t\t<div class=\"elementor-widget-container\">\n\t\t\t\t\t\t\t<p>Cette ann\u00e9e 2023 sonne la 21\u00e8me \u00e9dition de cet \u00e9v\u00e9nement de novembre \u00e0 Lyon.<br \/>C&rsquo;est un march\u00e9 des artisans et cr\u00e9ateurs, qui se tient \u00e0 la Sucri\u00e8re. D\u00e9couvrez ou red\u00e9couvrez le talent de 170 marques made in France ou fait main ou les deux !<\/p><p>\u00a0<\/p><p>Ateliers, conf\u00e9rences et workshops animerons le week-end autant que chaque exposant. Et oui, il s&rsquo;en passe des choses en novembre \u00e0 Lyon !<\/p><p>\u00a0<\/p>\t\t\t\t\t\t<\/div>\n\t\t\t\t<\/div>\n\t\t\t\t\t<\/div>\n\t\t<\/div>\n\t\t\t\t<div class=\"elementor-column elementor-col-50 elementor-inner-column elementor-element elementor-element-3aad52ed\" data-id=\"3aad52ed\" data-element_type=\"column\">\n\t\t\t<div class=\"elementor-widget-wrap elementor-element-populated\">\n\t\t\t\t\t\t\t\t<div class=\"elementor-element elementor-element-44f1d5f0 elementor-widget elementor-widget-image\" data-id=\"44f1d5f0\" data-element_type=\"widget\" data-widget_type=\"image.default\">\n\t\t\t\t<div class=\"elementor-widget-container\">\n\t\t\t\t\t\t\t\t\t\t\t\t<figure class=\"wp-caption\">\n\t\t\t\t\t\t\t\t\t\t<img decoding=\"async\" width=\"595\" height=\"842\" src=\"https:\/\/ousortirfrance.com\/lyon\/wp-content\/uploads\/sites\/8\/2023\/10\/i.D.DART_Lyon_2023.jpg\" class=\"attachment-large size-large wp-image-13409\" alt=\"i.D.DART Lyon 2023\" loading=\"lazy\" srcset=\"https:\/\/ousortirfrance.com\/lyon\/wp-content\/uploads\/sites\/8\/2023\/10\/i.D.DART_Lyon_2023.jpg 595w, https:\/\/ousortirfrance.com\/lyon\/wp-content\/uploads\/sites\/8\/2023\/10\/i.D.DART_Lyon_2023-212x300.jpg 212w\" sizes=\"(max-width: 595px) 100vw, 595px\" \/>\t\t\t\t\t\t\t\t\t\t\t<figcaption class=\"widget-image-caption wp-caption-text\">\u00a9 iD D'ART<\/figcaption>\n\t\t\t\t\t\t\t\t\t\t<\/figure>\n\t\t\t\t\t\t\t\t\t<\/div>\n\t\t\t\t<\/div>\n\t\t\t\t\t<\/div>\n\t\t<\/div>\n\t\t\t\t\t\t\t<\/div>\n\t\t<\/article>\n\t\t\t\t\t<\/div>\n\t\t<\/div>\n\t\t\t\t<aside class=\"elementor-column elementor-col-33 elementor-top-column elementor-element elementor-element-59ef86cf\" data-id=\"59ef86cf\" data-element_type=\"column\" data-settings=\"{&quot;background_background&quot;:&quot;classic&quot;}\">\n\t\t\t<div class=\"elementor-widget-wrap elementor-element-populated\">\n\t\t\t\t\t\t\t\t<section class=\"elementor-section elementor-inner-section elementor-element elementor-element-297f6a0e sidebar-is-sticky elementor-section-boxed elementor-section-height-default elementor-section-height-default\" data-id=\"297f6a0e\" data-element_type=\"section\">\n\t\t\t\t\t\t<div class=\"elementor-container elementor-column-gap-default\">\n\t\t\t\t\t<div class=\"elementor-column elementor-col-100 elementor-inner-column elementor-element elementor-element-c069172\" data-id=\"c069172\" data-element_type=\"column\">\n\t\t\t<div class=\"elementor-widget-wrap elementor-element-populated\">\n\t\t\t\t\t\t\t\t<div class=\"elementor-element elementor-element-1750e790 elementor-widget elementor-widget-heading\" data-id=\"1750e790\" data-element_type=\"widget\" data-widget_type=\"heading.default\">\n\t\t\t\t<div class=\"elementor-widget-container\">\n\t\t\t<p class=\"elementor-heading-title elementor-size-default\">Informations pratiques<\/p>\t\t<\/div>\n\t\t\t\t<\/div>\n\t\t\t\t<div class=\"elementor-element elementor-element-6cd3e406 elementor-align-left elementor-icon-list--layout-traditional elementor-list-item-link-full_width elementor-widget elementor-widget-icon-list\" data-id=\"6cd3e406\" data-element_type=\"widget\" data-widget_type=\"icon-list.default\">\n\t\t\t\t<div class=\"elementor-widget-container\">\n\t\t\t\t\t<ul class=\"elementor-icon-list-items\">\n\t\t\t\t\t\t\t<li class=\"elementor-icon-list-item\">\n\t\t\t\t\t\t\t\t\t\t\t<span class=\"elementor-icon-list-icon\">\n\t\t\t\t\t\t\t<i aria-hidden=\"true\" class=\"fas fa-shopping-bag\"><\/i>\t\t\t\t\t\t<\/span>\n\t\t\t\t\t\t\t\t\t\t<span class=\"elementor-icon-list-text\">March\u00e9 artisans et cr\u00e9ateurs<\/span>\n\t\t\t\t\t\t\t\t\t<\/li>\n\t\t\t\t\t\t\t\t<li class=\"elementor-icon-list-item\">\n\t\t\t\t\t\t\t\t\t\t\t<a href=\"https:\/\/www.google.com\/maps\/place\/fripesketchup\/@45.7688887,4.8291257,17z\/data=!3m1!4b1!4m5!3m4!1s0x47f4eafde1f4c7cd:0xac01ef9e51649e64!8m2!3d45.7688929!4d4.831314\">\n\n\t\t\t\t\t\t\t\t\t\t\t\t<span class=\"elementor-icon-list-icon\">\n\t\t\t\t\t\t\t<i aria-hidden=\"true\" class=\"fas fa-map-marker-alt\"><\/i>\t\t\t\t\t\t<\/span>\n\t\t\t\t\t\t\t\t\t\t<span class=\"elementor-icon-list-text\">La Sucri\u00e8re,<br> Lyon 1<\/span>\n\t\t\t\t\t\t\t\t\t\t\t<\/a>\n\t\t\t\t\t\t\t\t\t<\/li>\n\t\t\t\t\t\t\t\t<li class=\"elementor-icon-list-item\">\n\t\t\t\t\t\t\t\t\t\t\t<span class=\"elementor-icon-list-icon\">\n\t\t\t\t\t\t\t<i aria-hidden=\"true\" class=\"far fa-clock\"><\/i>\t\t\t\t\t\t<\/span>\n\t\t\t\t\t\t\t\t\t\t<span class=\"elementor-icon-list-text\">10h - 19h <br>Samedi 18 et Dimanche 19 Novembre<\/span>\n\t\t\t\t\t\t\t\t\t<\/li>\n\t\t\t\t\t\t\t\t<li class=\"elementor-icon-list-item\">\n\t\t\t\t\t\t\t\t\t\t\t<a href=\"https:\/\/id-dart.com\/salon-artisans-createurs-a-lyon\/\" target=\"_blank\" rel=\"nofollow\">\n\n\t\t\t\t\t\t\t\t\t\t\t\t<span class=\"elementor-icon-list-icon\">\n\t\t\t\t\t\t\t<i aria-hidden=\"true\" class=\"fas fa-globe-europe\"><\/i>\t\t\t\t\t\t<\/span>\n\t\t\t\t\t\t\t\t\t\t<span class=\"elementor-icon-list-text\">Billetterie iD D'ART<\/span>\n\t\t\t\t\t\t\t\t\t\t\t<\/a>\n\t\t\t\t\t\t\t\t\t<\/li>\n\t\t\t\t\t\t\t\t<li class=\"elementor-icon-list-item\">\n\t\t\t\t\t\t\t\t\t\t\t<span class=\"elementor-icon-list-icon\">\n\t\t\t\t\t\t\t<i aria-hidden=\"true\" class=\"far fa-money-bill-alt\"><\/i>\t\t\t\t\t\t<\/span>\n\t\t\t\t\t\t\t\t\t\t<span class=\"elementor-icon-list-text\"><b>Tarif normal<\/b> : 5\u20ac en pr\u00e9vente jusqu'au 17<br>7\u20ac sur place\n<b>Tarif 12-25 ans + PMR<\/b> : 4\u20ac pr\u00e9vente puis 6\u20ac sur place<br><b>Gratuit<\/b> : - de 12 ans<\/span>\n\t\t\t\t\t\t\t\t\t<\/li>\n\t\t\t\t\t\t<\/ul>\n\t\t\t\t<\/div>\n\t\t\t\t<\/div>\n\t\t\t\t\t<\/div>\n\t\t<\/div>\n\t\t\t\t\t\t\t<\/div>\n\t\t<\/section>\n\t\t\t\t\t<\/div>\n\t\t<\/aside>\n\t\t\t\t\t\t\t<\/div>\n\t\t<\/section>\n\t\t\t\t<section class=\"elementor-section elementor-top-section elementor-element elementor-element-22fc7a56 elementor-section-full_width elementor-section-stretched elementor-section-height-default elementor-section-height-default\" data-id=\"22fc7a56\" data-element_type=\"section\" data-settings=\"{&quot;stretch_section&quot;:&quot;section-stretched&quot;}\">\n\t\t\t\t\t\t<div class=\"elementor-container elementor-column-gap-default\">\n\t\t\t\t\t<div class=\"elementor-column elementor-col-66 elementor-top-column elementor-element elementor-element-6b466dfc\" data-id=\"6b466dfc\" data-element_type=\"column\">\n\t\t\t<div class=\"elementor-widget-wrap elementor-element-populated\">\n\t\t\t\t\t\t\t\t<article class=\"elementor-section elementor-inner-section elementor-element elementor-element-6033c257 elementor-section-content-middle elementor-section-full_width elementor-section-height-default elementor-section-height-default\" data-id=\"6033c257\" data-element_type=\"section\">\n\t\t\t\t\t\t<div class=\"elementor-container elementor-column-gap-default\">\n\t\t\t\t\t<div class=\"elementor-column elementor-col-50 elementor-inner-column elementor-element elementor-element-68750a67\" data-id=\"68750a67\" data-element_type=\"column\">\n\t\t\t<div class=\"elementor-widget-wrap elementor-element-populated\">\n\t\t\t\t\t\t\t\t<div class=\"elementor-element elementor-element-44bcc887 elementor-widget elementor-widget-image\" data-id=\"44bcc887\" data-element_type=\"widget\" data-widget_type=\"image.default\">\n\t\t\t\t<div class=\"elementor-widget-container\">\n\t\t\t\t\t\t\t\t\t\t\t\t<figure class=\"wp-caption\">\n\t\t\t\t\t\t\t\t\t\t<img decoding=\"async\" width=\"600\" height=\"871\" src=\"https:\/\/ousortirfrance.com\/lyon\/wp-content\/uploads\/sites\/8\/2023\/10\/festival-de-lamagie-lyon.jpg\" class=\"attachment-large size-large wp-image-13386\" alt=\"festival de la magie novembre \u00e0 Lyon\" loading=\"lazy\" srcset=\"https:\/\/ousortirfrance.com\/lyon\/wp-content\/uploads\/sites\/8\/2023\/10\/festival-de-lamagie-lyon.jpg 600w, https:\/\/ousortirfrance.com\/lyon\/wp-content\/uploads\/sites\/8\/2023\/10\/festival-de-lamagie-lyon-207x300.jpg 207w\" sizes=\"(max-width: 600px) 100vw, 600px\" \/>\t\t\t\t\t\t\t\t\t\t\t<figcaption class=\"widget-image-caption wp-caption-text\">\u00a9 festival de la magie<\/figcaption>\n\t\t\t\t\t\t\t\t\t\t<\/figure>\n\t\t\t\t\t\t\t\t\t<\/div>\n\t\t\t\t<\/div>\n\t\t\t\t\t<\/div>\n\t\t<\/div>\n\t\t\t\t<div class=\"elementor-column elementor-col-50 elementor-inner-column elementor-element elementor-element-2ad3570e\" data-id=\"2ad3570e\" data-element_type=\"column\">\n\t\t\t<div class=\"elementor-widget-wrap elementor-element-populated\">\n\t\t\t\t\t\t\t\t<div class=\"elementor-element elementor-element-6b99d790 elementor-widget elementor-widget-heading\" data-id=\"6b99d790\" data-element_type=\"widget\" data-widget_type=\"heading.default\">\n\t\t\t\t<div class=\"elementor-widget-container\">\n\t\t\t<h2 class=\"elementor-heading-title elementor-size-default\">Festival Mondial de la Magie<\/h2>\t\t<\/div>\n\t\t\t\t<\/div>\n\t\t\t\t<div class=\"elementor-element elementor-element-5b5292e elementor-widget elementor-widget-text-editor\" data-id=\"5b5292e\" data-element_type=\"widget\" data-widget_type=\"text-editor.default\">\n\t\t\t\t<div class=\"elementor-widget-container\">\n\t\t\t\t\t\t\t<p><span style=\"font-style: inherit; font-weight: inherit; background-color: var(--ast-global-color-4); color: var(--ast-global-color-3);\">Ce spectacle est pr\u00e9sent partout en Europe et a d\u00e9j\u00e0 conquis plus de 300 000 spectateurs.\u00a0<\/span><\/p><p><span style=\"font-style: inherit; font-weight: inherit; background-color: var(--ast-global-color-4); color: var(--ast-global-color-3);\">C&rsquo;est une r\u00e9f\u00e9rence gr\u00e2ce \u00e0 sa programmation exigeante et de qualit\u00e9 compos\u00e9e d\u2019artistes magiciens mondialement prim\u00e9s et repr\u00e9sentants les diff\u00e9rents courants magiques. Le Festival Mondial de la Magie se fait un point d\u2019honneur \u00e0 rendre populaire ce spectacle en pr\u00e9sentant des num\u00e9ros pour toutes les g\u00e9n\u00e9rations. Plus de 2 heures de spectacle d\u00e9di\u00e9es \u00e0 tous ceux qui souhaitent s\u2019\u00e9merveiller et bien s\u00fbr\u2026ne rien comprendre. Tous les artistes s\u00e9lectionn\u00e9s ont \u00e9t\u00e9 r\u00e9compens\u00e9s \u00e0 de nombreuses reprises dans les plus prestigieux Festivals de Magie du Monde et se sont produits dans les \u00e9missions de t\u00e9l\u00e9vision les plus prestigieuses.<\/span><\/p>\t\t\t\t\t\t<\/div>\n\t\t\t\t<\/div>\n\t\t\t\t\t<\/div>\n\t\t<\/div>\n\t\t\t\t\t\t\t<\/div>\n\t\t<\/article>\n\t\t\t\t\t<\/div>\n\t\t<\/div>\n\t\t\t\t<aside class=\"elementor-column elementor-col-33 elementor-top-column elementor-element elementor-element-61676af2\" data-id=\"61676af2\" data-element_type=\"column\" data-settings=\"{&quot;background_background&quot;:&quot;classic&quot;}\">\n\t\t\t<div class=\"elementor-widget-wrap elementor-element-populated\">\n\t\t\t\t\t\t\t\t<section class=\"elementor-section elementor-inner-section elementor-element elementor-element-41f11e09 sidebar-is-sticky elementor-section-boxed elementor-section-height-default elementor-section-height-default\" data-id=\"41f11e09\" data-element_type=\"section\">\n\t\t\t\t\t\t<div class=\"elementor-container elementor-column-gap-default\">\n\t\t\t\t\t<div class=\"elementor-column elementor-col-100 elementor-inner-column elementor-element elementor-element-aa71de7\" data-id=\"aa71de7\" data-element_type=\"column\">\n\t\t\t<div class=\"elementor-widget-wrap elementor-element-populated\">\n\t\t\t\t\t\t\t\t<div class=\"elementor-element elementor-element-19376a41 elementor-widget elementor-widget-heading\" data-id=\"19376a41\" data-element_type=\"widget\" data-widget_type=\"heading.default\">\n\t\t\t\t<div class=\"elementor-widget-container\">\n\t\t\t<p class=\"elementor-heading-title elementor-size-default\">Informations pratiques<\/p>\t\t<\/div>\n\t\t\t\t<\/div>\n\t\t\t\t<div class=\"elementor-element elementor-element-5dd213bc elementor-align-left elementor-icon-list--layout-traditional elementor-list-item-link-full_width elementor-widget elementor-widget-icon-list\" data-id=\"5dd213bc\" data-element_type=\"widget\" data-widget_type=\"icon-list.default\">\n\t\t\t\t<div class=\"elementor-widget-container\">\n\t\t\t\t\t<ul class=\"elementor-icon-list-items\">\n\t\t\t\t\t\t\t<li class=\"elementor-icon-list-item\">\n\t\t\t\t\t\t\t\t\t\t\t<span class=\"elementor-icon-list-icon\">\n\t\t\t\t\t\t\t<i aria-hidden=\"true\" class=\"fas fa-magic\"><\/i>\t\t\t\t\t\t<\/span>\n\t\t\t\t\t\t\t\t\t\t<span class=\"elementor-icon-list-text\">Spectacle de Magie<\/span>\n\t\t\t\t\t\t\t\t\t<\/li>\n\t\t\t\t\t\t\t\t<li class=\"elementor-icon-list-item\">\n\t\t\t\t\t\t\t\t\t\t\t<a href=\"https:\/\/www.google.com\/maps\/place\/COCKPIT\/@45.7636327,4.8262908,17z\/data=!3m1!4b1!4m5!3m4!1s0x47f4ea4d80df57ed:0xdf8e4a63e25524be!8m2!3d45.7636327!4d4.8284795\">\n\n\t\t\t\t\t\t\t\t\t\t\t\t<span class=\"elementor-icon-list-icon\">\n\t\t\t\t\t\t\t<i aria-hidden=\"true\" class=\"fas fa-map-marker-alt\"><\/i>\t\t\t\t\t\t<\/span>\n\t\t\t\t\t\t\t\t\t\t<span class=\"elementor-icon-list-text\">Bourse du Travail, Lyon 3<\/span>\n\t\t\t\t\t\t\t\t\t\t\t<\/a>\n\t\t\t\t\t\t\t\t\t<\/li>\n\t\t\t\t\t\t\t\t<li class=\"elementor-icon-list-item\">\n\t\t\t\t\t\t\t\t\t\t\t<span class=\"elementor-icon-list-icon\">\n\t\t\t\t\t\t\t<i aria-hidden=\"true\" class=\"far fa-clock\"><\/i>\t\t\t\t\t\t<\/span>\n\t\t\t\t\t\t\t\t\t\t<span class=\"elementor-icon-list-text\">15h et 20h30 le<br>Samedi 18 et<br>15h le Dimanche 19 Novembre<\/span>\n\t\t\t\t\t\t\t\t\t<\/li>\n\t\t\t\t\t\t\t\t<li class=\"elementor-icon-list-item\">\n\t\t\t\t\t\t\t\t\t\t\t<a href=\"https:\/\/www.festivalmondialdelamagie.com\/page-creation\/\" target=\"_blank\" rel=\"nofollow\">\n\n\t\t\t\t\t\t\t\t\t\t\t\t<span class=\"elementor-icon-list-icon\">\n\t\t\t\t\t\t\t<i aria-hidden=\"true\" class=\"fas fa-globe-asia\"><\/i>\t\t\t\t\t\t<\/span>\n\t\t\t\t\t\t\t\t\t\t<span class=\"elementor-icon-list-text\">Festival de la Magie<\/span>\n\t\t\t\t\t\t\t\t\t\t\t<\/a>\n\t\t\t\t\t\t\t\t\t<\/li>\n\t\t\t\t\t\t\t\t<li class=\"elementor-icon-list-item\">\n\t\t\t\t\t\t\t\t\t\t\t<a href=\"tel:07%2082%2022%2008%2035\">\n\n\t\t\t\t\t\t\t\t\t\t\t\t<span class=\"elementor-icon-list-icon\">\n\t\t\t\t\t\t\t<i aria-hidden=\"true\" class=\"fas fa-phone-alt\"><\/i>\t\t\t\t\t\t<\/span>\n\t\t\t\t\t\t\t\t\t\t<span class=\"elementor-icon-list-text\">07 82 22 08 35<\/span>\n\t\t\t\t\t\t\t\t\t\t\t<\/a>\n\t\t\t\t\t\t\t\t\t<\/li>\n\t\t\t\t\t\t\t\t<li class=\"elementor-icon-list-item\">\n\t\t\t\t\t\t\t\t\t\t\t<span class=\"elementor-icon-list-icon\">\n\t\t\t\t\t\t\t<i aria-hidden=\"true\" class=\"far fa-money-bill-alt\"><\/i>\t\t\t\t\t\t<\/span>\n\t\t\t\t\t\t\t\t\t\t<span class=\"elementor-icon-list-text\">\u00e0 partir de 35\u20ac<\/span>\n\t\t\t\t\t\t\t\t\t<\/li>\n\t\t\t\t\t\t<\/ul>\n\t\t\t\t<\/div>\n\t\t\t\t<\/div>\n\t\t\t\t\t<\/div>\n\t\t<\/div>\n\t\t\t\t\t\t\t<\/div>\n\t\t<\/section>\n\t\t\t\t\t<\/div>\n\t\t<\/aside>\n\t\t\t\t\t\t\t<\/div>\n\t\t<\/section>\n\t\t\t\t<div class=\"elementor-section elementor-top-section elementor-element elementor-element-304b756c elementor-section-full_width elementor-section-height-default elementor-section-height-default\" data-id=\"304b756c\" data-element_type=\"section\">\n\t\t\t\t\t\t<div class=\"elementor-container elementor-column-gap-default\">\n\t\t\t\t\t<div class=\"elementor-column elementor-col-100 elementor-top-column elementor-element elementor-element-32125971\" data-id=\"32125971\" data-element_type=\"column\">\n\t\t\t<div class=\"elementor-widget-wrap elementor-element-populated\">\n\t\t\t\t\t\t\t\t<div class=\"elementor-element elementor-element-70eaa4e7 elementor-arrows-position-inside elementor-pagination-position-outside elementor-widget elementor-widget-image-carousel\" data-id=\"70eaa4e7\" data-element_type=\"widget\" data-settings=\"{&quot;slides_to_show&quot;:&quot;4&quot;,&quot;slides_to_show_tablet&quot;:&quot;3&quot;,&quot;navigation&quot;:&quot;both&quot;,&quot;autoplay&quot;:&quot;yes&quot;,&quot;pause_on_hover&quot;:&quot;yes&quot;,&quot;pause_on_interaction&quot;:&quot;yes&quot;,&quot;autoplay_speed&quot;:5000,&quot;infinite&quot;:&quot;yes&quot;,&quot;speed&quot;:500,&quot;image_spacing_custom&quot;:{&quot;unit&quot;:&quot;px&quot;,&quot;size&quot;:20,&quot;sizes&quot;:[]},&quot;image_spacing_custom_tablet&quot;:{&quot;unit&quot;:&quot;px&quot;,&quot;size&quot;:&quot;&quot;,&quot;sizes&quot;:[]},&quot;image_spacing_custom_mobile&quot;:{&quot;unit&quot;:&quot;px&quot;,&quot;size&quot;:&quot;&quot;,&quot;sizes&quot;:[]}}\" data-widget_type=\"image-carousel.default\">\n\t\t\t\t<div class=\"elementor-widget-container\">\n\t\t\t<style>\/*! elementor - v3.13.3 - 28-05-2023 *\/\n.elementor-widget-image-carousel .swiper,.elementor-widget-image-carousel .swiper-container{position:static}.elementor-widget-image-carousel .swiper-container .swiper-slide figure,.elementor-widget-image-carousel .swiper .swiper-slide figure{line-height:inherit}.elementor-widget-image-carousel .swiper-slide{text-align:center}.elementor-image-carousel-wrapper:not(.swiper-container-initialized):not(.swiper-initialized) .swiper-slide{max-width:calc(100% \/ var(--e-image-carousel-slides-to-show, 3))}<\/style>\t\t<div class=\"elementor-image-carousel-wrapper swiper-container\" dir=\"ltr\">\n\t\t\t<div class=\"elementor-image-carousel swiper-wrapper\">\n\t\t\t\t\t\t\t\t<div class=\"swiper-slide\"><a data-elementor-open-lightbox=\"yes\" data-elementor-lightbox-slideshow=\"70eaa4e7\" data-elementor-lightbox-title=\"Silk in Lyon, \u00e9v\u00e8nements de novembre\" data-e-action-hash=\"#elementor-action%3Aaction%3Dlightbox%26settings%3DeyJpZCI6MTMzOTcsInVybCI6Imh0dHBzOlwvXC9vdXNvcnRpcmZyYW5jZS5jb21cL2x5b25cL3dwLWNvbnRlbnRcL3VwbG9hZHNcL3NpdGVzXC84XC8yMDIzXC8xMFwvU2lsay1pbi1seW9uLmpwZyIsInNsaWRlc2hvdyI6IjcwZWFhNGU3In0%3D\" href=\"https:\/\/ousortirfrance.com\/lyon\/wp-content\/uploads\/sites\/8\/2023\/10\/Silk-in-lyon.jpg\"><figure class=\"swiper-slide-inner\"><img decoding=\"async\" class=\"swiper-slide-image\" src=\"https:\/\/ousortirfrance.com\/lyon\/wp-content\/uploads\/sites\/8\/2023\/10\/Silk-in-lyon-768x768.jpg\" alt=\"Silk in Lyon\" \/><\/figure><\/a><\/div><div class=\"swiper-slide\"><a data-elementor-open-lightbox=\"yes\" data-elementor-lightbox-slideshow=\"70eaa4e7\" data-elementor-lightbox-title=\"salon du chocolat\" data-e-action-hash=\"#elementor-action%3Aaction%3Dlightbox%26settings%3DeyJpZCI6MTMzOTAsInVybCI6Imh0dHBzOlwvXC9vdXNvcnRpcmZyYW5jZS5jb21cL2x5b25cL3dwLWNvbnRlbnRcL3VwbG9hZHNcL3NpdGVzXC84XC8yMDIzXC8xMFwvc2Fsb24tZHUtY2hvY29sYXQuanBnIiwic2xpZGVzaG93IjoiNzBlYWE0ZTcifQ%3D%3D\" href=\"https:\/\/ousortirfrance.com\/lyon\/wp-content\/uploads\/sites\/8\/2023\/10\/salon-du-chocolat.jpg\"><figure class=\"swiper-slide-inner\"><img decoding=\"async\" class=\"swiper-slide-image\" src=\"https:\/\/ousortirfrance.com\/lyon\/wp-content\/uploads\/sites\/8\/2023\/10\/salon-du-chocolat-768x768.jpg\" alt=\"salon du chocolat\" \/><\/figure><\/a><\/div><div class=\"swiper-slide\"><a data-elementor-open-lightbox=\"yes\" data-elementor-lightbox-slideshow=\"70eaa4e7\" data-elementor-lightbox-title=\"festival de la magie lyon\" data-e-action-hash=\"#elementor-action%3Aaction%3Dlightbox%26settings%3DeyJpZCI6MTMzODYsInVybCI6Imh0dHBzOlwvXC9vdXNvcnRpcmZyYW5jZS5jb21cL2x5b25cL3dwLWNvbnRlbnRcL3VwbG9hZHNcL3NpdGVzXC84XC8yMDIzXC8xMFwvZmVzdGl2YWwtZGUtbGFtYWdpZS1seW9uLmpwZyIsInNsaWRlc2hvdyI6IjcwZWFhNGU3In0%3D\" href=\"https:\/\/ousortirfrance.com\/lyon\/wp-content\/uploads\/sites\/8\/2023\/10\/festival-de-lamagie-lyon.jpg\"><figure class=\"swiper-slide-inner\"><img decoding=\"async\" class=\"swiper-slide-image\" src=\"https:\/\/ousortirfrance.com\/lyon\/wp-content\/uploads\/sites\/8\/2023\/10\/festival-de-lamagie-lyon.jpg\" alt=\"festival de la magie novembre \u00e0 Lyon\" \/><\/figure><\/a><\/div><div class=\"swiper-slide\"><a data-elementor-open-lightbox=\"yes\" data-elementor-lightbox-slideshow=\"70eaa4e7\" data-elementor-lightbox-title=\"salon vintage\" data-e-action-hash=\"#elementor-action%3Aaction%3Dlightbox%26settings%3DeyJpZCI6MTMzODIsInVybCI6Imh0dHBzOlwvXC9vdXNvcnRpcmZyYW5jZS5jb21cL2x5b25cL3dwLWNvbnRlbnRcL3VwbG9hZHNcL3NpdGVzXC84XC8yMDIzXC8xMFwvc2Fsb252aW50YWdlLnBuZyIsInNsaWRlc2hvdyI6IjcwZWFhNGU3In0%3D\" href=\"https:\/\/ousortirfrance.com\/lyon\/wp-content\/uploads\/sites\/8\/2023\/10\/salonvintage.png\"><figure class=\"swiper-slide-inner\"><img decoding=\"async\" class=\"swiper-slide-image\" src=\"https:\/\/ousortirfrance.com\/lyon\/wp-content\/uploads\/sites\/8\/2023\/10\/salonvintage.png\" alt=\"Salon du Vintage 2023, novembre \u00e0 Lyon\" \/><\/figure><\/a><\/div><div class=\"swiper-slide\"><a data-elementor-open-lightbox=\"yes\" data-elementor-lightbox-slideshow=\"70eaa4e7\" data-elementor-lightbox-title=\"Silk in Lyon int\u00e9rieur\" data-e-action-hash=\"#elementor-action%3Aaction%3Dlightbox%26settings%3DeyJpZCI6MTMzOTgsInVybCI6Imh0dHBzOlwvXC9vdXNvcnRpcmZyYW5jZS5jb21cL2x5b25cL3dwLWNvbnRlbnRcL3VwbG9hZHNcL3NpdGVzXC84XC8yMDIzXC8xMFwvU2lsay1pbi1MeW9uLWludGVyaWV1ci5wbmciLCJzbGlkZXNob3ciOiI3MGVhYTRlNyJ9\" href=\"https:\/\/ousortirfrance.com\/lyon\/wp-content\/uploads\/sites\/8\/2023\/10\/Silk-in-Lyon-interieur.png\"><figure class=\"swiper-slide-inner\"><img decoding=\"async\" class=\"swiper-slide-image\" src=\"https:\/\/ousortirfrance.com\/lyon\/wp-content\/uploads\/sites\/8\/2023\/10\/Silk-in-Lyon-interieur.png\" alt=\"Silk in Lyon int\u00e9rieur\" \/><\/figure><\/a><\/div><div class=\"swiper-slide\"><a data-elementor-open-lightbox=\"yes\" data-elementor-lightbox-slideshow=\"70eaa4e7\" data-elementor-lightbox-title=\"Beaujolais Nouveau Lyon\" data-e-action-hash=\"#elementor-action%3Aaction%3Dlightbox%26settings%3DeyJpZCI6MTM0MDUsInVybCI6Imh0dHBzOlwvXC9vdXNvcnRpcmZyYW5jZS5jb21cL2x5b25cL3dwLWNvbnRlbnRcL3VwbG9hZHNcL3NpdGVzXC84XC8yMDIzXC8xMFwvQmVhdWpvbGVuLXNjZW5lLmpwZyIsInNsaWRlc2hvdyI6IjcwZWFhNGU3In0%3D\" href=\"https:\/\/ousortirfrance.com\/lyon\/wp-content\/uploads\/sites\/8\/2023\/10\/Beaujolen-scene.jpg\"><figure class=\"swiper-slide-inner\"><img decoding=\"async\" class=\"swiper-slide-image\" src=\"https:\/\/ousortirfrance.com\/lyon\/wp-content\/uploads\/sites\/8\/2023\/10\/Beaujolen-scene-768x1086.jpg\" alt=\"Beaujolais Nouveau novembre \u00e0 Lyon\" \/><\/figure><\/a><\/div><div class=\"swiper-slide\"><a data-elementor-open-lightbox=\"yes\" data-elementor-lightbox-slideshow=\"70eaa4e7\" data-elementor-lightbox-title=\"i.D.DART Lyon 2023\" data-e-action-hash=\"#elementor-action%3Aaction%3Dlightbox%26settings%3DeyJpZCI6MTM0MDksInVybCI6Imh0dHBzOlwvXC9vdXNvcnRpcmZyYW5jZS5jb21cL2x5b25cL3dwLWNvbnRlbnRcL3VwbG9hZHNcL3NpdGVzXC84XC8yMDIzXC8xMFwvaS5ELkRBUlRfTHlvbl8yMDIzLmpwZyIsInNsaWRlc2hvdyI6IjcwZWFhNGU3In0%3D\" href=\"https:\/\/ousortirfrance.com\/lyon\/wp-content\/uploads\/sites\/8\/2023\/10\/i.D.DART_Lyon_2023.jpg\"><figure class=\"swiper-slide-inner\"><img decoding=\"async\" class=\"swiper-slide-image\" src=\"https:\/\/ousortirfrance.com\/lyon\/wp-content\/uploads\/sites\/8\/2023\/10\/i.D.DART_Lyon_2023.jpg\" alt=\"i.D.DART Lyon 2023\" \/><\/figure><\/a><\/div>\t\t\t<\/div>\n\t\t\t\t\t\t\t\t\t\t\t\t<div class=\"swiper-pagination\"><\/div>\n\t\t\t\t\t\t\t\t\t\t\t\t\t<div class=\"elementor-swiper-button elementor-swiper-button-prev\" role=\"button\" tabindex=\"0\">\n\t\t\t\t\t\t<i aria-hidden=\"true\" class=\"eicon-chevron-left\"><\/i>\t\t\t\t\t\t<span class=\"elementor-screen-only\">Previous image<\/span>\n\t\t\t\t\t<\/div>\n\t\t\t\t\t<div class=\"elementor-swiper-button elementor-swiper-button-next\" role=\"button\" tabindex=\"0\">\n\t\t\t\t\t\t<i aria-hidden=\"true\" class=\"eicon-chevron-right\"><\/i>\t\t\t\t\t\t<span class=\"elementor-screen-only\">Next image<\/span>\n\t\t\t\t\t<\/div>\n\t\t\t\t\t\t\t\t\t<\/div>\n\t\t\t\t<\/div>\n\t\t\t\t<\/div>\n\t\t\t\t\t<\/div>\n\t\t<\/div>\n\t\t\t\t\t\t\t<\/div>\n\t\t<\/div>\n\t\t\t\t<section class=\"elementor-section elementor-top-section elementor-element elementor-element-34943749 elementor-section-boxed elementor-section-height-default elementor-section-height-default\" data-id=\"34943749\" data-element_type=\"section\">\n\t\t\t\t\t\t<div class=\"elementor-container elementor-column-gap-default\">\n\t\t\t\t\t<div class=\"elementor-column elementor-col-100 elementor-top-column elementor-element elementor-element-4093392f\" data-id=\"4093392f\" data-element_type=\"column\">\n\t\t\t<div class=\"elementor-widget-wrap elementor-element-populated\">\n\t\t\t\t\t\t\t\t<div class=\"elementor-element elementor-element-40eab399 elementor-widget elementor-widget-heading\" data-id=\"40eab399\" data-element_type=\"widget\" data-widget_type=\"heading.default\">\n\t\t\t\t<div class=\"elementor-widget-container\">\n\t\t\t<h2 class=\"elementor-heading-title elementor-size-default\">Bien plus de 6 \u00e9v\u00e9nements en novembre \u00e0 Lyon !<\/h2>\t\t<\/div>\n\t\t\t\t<\/div>\n\t\t\t\t\t<\/div>\n\t\t<\/div>\n\t\t\t\t\t\t\t<\/div>\n\t\t<\/section>\n\t\t\t\t<section class=\"elementor-section elementor-top-section elementor-element elementor-element-7610d251 elementor-section-boxed elementor-section-height-default elementor-section-height-default\" data-id=\"7610d251\" data-element_type=\"section\">\n\t\t\t\t\t\t<div class=\"elementor-container elementor-column-gap-default\">\n\t\t\t\t\t<div class=\"elementor-column elementor-col-100 elementor-top-column elementor-element elementor-element-34b75fff\" data-id=\"34b75fff\" data-element_type=\"column\">\n\t\t\t<div class=\"elementor-widget-wrap elementor-element-populated\">\n\t\t\t\t\t\t\t\t<div class=\"elementor-element elementor-element-5bf83b06 elementor-widget elementor-widget-text-editor\" data-id=\"5bf83b06\" data-element_type=\"widget\" data-widget_type=\"text-editor.default\">\n\t\t\t\t<div class=\"elementor-widget-container\">\n\t\t\t\t\t\t\t<p>Il y a 30 jours en novembre, et croyez-nous, c&rsquo;est loin d&rsquo;\u00eatre les seules dates programm\u00e9es pour ce mois ! Pour suivre la programmation plus d\u00e9taill\u00e9e et compl\u00e8te, suivez l&rsquo;actualit\u00e9 sur notre compte <a href=\"https:\/\/www.instagram.com\/ousortirlyon\/\">Instagram @ousortirlyon<\/a> !<\/p>\t\t\t\t\t\t<\/div>\n\t\t\t\t<\/div>\n\t\t\t\t\t<\/div>\n\t\t<\/div>\n\t\t\t\t\t\t\t<\/div>\n\t\t<\/section>\n\t\t\t\t<section class=\"elementor-section elementor-top-section elementor-element elementor-element-4bbae031 elementor-section-boxed elementor-section-height-default elementor-section-height-default\" data-id=\"4bbae031\" data-element_type=\"section\">\n\t\t\t\t\t\t<div class=\"elementor-container elementor-column-gap-default\">\n\t\t\t\t\t<div class=\"elementor-column elementor-col-100 elementor-top-column elementor-element elementor-element-22e69a31\" data-id=\"22e69a31\" data-element_type=\"column\">\n\t\t\t<div class=\"elementor-widget-wrap elementor-element-populated\">\n\t\t\t\t\t\t\t\t<div class=\"elementor-element elementor-element-4e8d0f68 elementor-widget elementor-widget-heading\" data-id=\"4e8d0f68\" data-element_type=\"widget\" data-widget_type=\"heading.default\">\n\t\t\t\t<div class=\"elementor-widget-container\">\n\t\t\t<h2 class=\"elementor-heading-title elementor-size-default\">Articles que vous pourriez aimer<\/h2>\t\t<\/div>\n\t\t\t\t<\/div>\n\t\t\t\t<div class=\"elementor-element elementor-element-45098122 elementor-widget elementor-widget-cv_post_select\" data-id=\"45098122\" data-element_type=\"widget\" data-widget_type=\"cv_post_select.default\">\n\t\t\t\t<div class=\"elementor-widget-container\">\n\t\t\t<div class=\"cv-posts cv-post-select grid-img-bg col-3\"><article class=\"post-item\" data-category=\"activite\"><div class=\"post-img\"><div class=\"logo-society\"><img decoding=\"async\" src=\"https:\/\/ousortirfrance.com\/lyon\/wp-content\/uploads\/sites\/8\/2023\/09\/quiveutpister-lyon.jpg\" alt=\"Antonio et Marco\"><\/div><span class=\"elementor-background-overlay\"><\/span><img width=\"1152\" height=\"2560\" src=\"https:\/\/ousortirfrance.com\/lyon\/wp-content\/uploads\/sites\/8\/2023\/09\/IMG20230903155653-scaled.jpg\" class=\"attachment-blog size-blog wp-post-image\" alt=\"Traboule lors du parcours de Qui Veut Pister ?\" decoding=\"async\" loading=\"lazy\" itemprop=\"image\" srcset=\"https:\/\/ousortirfrance.com\/lyon\/wp-content\/uploads\/sites\/8\/2023\/09\/IMG20230903155653-scaled.jpg 1152w, https:\/\/ousortirfrance.com\/lyon\/wp-content\/uploads\/sites\/8\/2023\/09\/IMG20230903155653-135x300.jpg 135w, https:\/\/ousortirfrance.com\/lyon\/wp-content\/uploads\/sites\/8\/2023\/09\/IMG20230903155653-461x1024.jpg 461w, https:\/\/ousortirfrance.com\/lyon\/wp-content\/uploads\/sites\/8\/2023\/09\/IMG20230903155653-768x1707.jpg 768w, https:\/\/ousortirfrance.com\/lyon\/wp-content\/uploads\/sites\/8\/2023\/09\/IMG20230903155653-691x1536.jpg 691w, https:\/\/ousortirfrance.com\/lyon\/wp-content\/uploads\/sites\/8\/2023\/09\/IMG20230903155653-922x2048.jpg 922w\" sizes=\"(max-width: 1152px) 100vw, 1152px\" \/><\/div><div class=\"post-info\"><h3 class=\"title\">Qui Veut Pister ? Lyon<\/h3><\/div><a href=\"https:\/\/ousortirfrance.com\/lyon\/activities\/qui-veut-pister-lyon\/\" title=\"Qui Veut Pister ? Lyon\" class=\"post-link\"><\/a><\/article><article class=\"post-item\" data-category=\"activite\"><div class=\"post-img\"><span class=\"elementor-background-overlay\"><\/span><img width=\"1500\" height=\"1001\" src=\"https:\/\/ousortirfrance.com\/lyon\/wp-content\/uploads\/sites\/8\/2022\/05\/3279_Koezio2020_981be.jpg\" class=\"attachment-blog size-blog wp-post-image\" alt=\"Koezio saint priest lyon activit\u00e9s\" decoding=\"async\" loading=\"lazy\" itemprop=\"image\" srcset=\"https:\/\/ousortirfrance.com\/lyon\/wp-content\/uploads\/sites\/8\/2022\/05\/3279_Koezio2020_981be.jpg 1500w, https:\/\/ousortirfrance.com\/lyon\/wp-content\/uploads\/sites\/8\/2022\/05\/3279_Koezio2020_981be-300x200.jpg 300w, https:\/\/ousortirfrance.com\/lyon\/wp-content\/uploads\/sites\/8\/2022\/05\/3279_Koezio2020_981be-1024x683.jpg 1024w, https:\/\/ousortirfrance.com\/lyon\/wp-content\/uploads\/sites\/8\/2022\/05\/3279_Koezio2020_981be-768x513.jpg 768w\" sizes=\"(max-width: 1500px) 100vw, 1500px\" \/><\/div><div class=\"post-info\"><h3 class=\"title\">Koezio<\/h3><\/div><a href=\"https:\/\/ousortirfrance.com\/lyon\/activities\/koezio\/\" title=\"Koezio\" class=\"post-link\"><\/a><\/article><article class=\"post-item\" data-category=\"activite\"><div class=\"post-img\"><div class=\"logo-society\"><img decoding=\"async\" src=\"https:\/\/ousortirfrance.com\/lyon\/wp-content\/uploads\/sites\/8\/2023\/05\/FA_logo_carre_marron_vert_2017.png\" alt=\"Antonio et Marco\"><\/div><span class=\"elementor-background-overlay\"><\/span><img width=\"2560\" height=\"1707\" src=\"https:\/\/ousortirfrance.com\/lyon\/wp-content\/uploads\/sites\/8\/2023\/05\/FRANCE-AVENTURES-LYON_WEB_NDP6317-min-scaled.jpg\" class=\"attachment-blog size-blog wp-post-image\" alt=\"France Aventures Lyon : le parc\" decoding=\"async\" loading=\"lazy\" itemprop=\"image\" srcset=\"https:\/\/ousortirfrance.com\/lyon\/wp-content\/uploads\/sites\/8\/2023\/05\/FRANCE-AVENTURES-LYON_WEB_NDP6317-min-scaled.jpg 2560w, https:\/\/ousortirfrance.com\/lyon\/wp-content\/uploads\/sites\/8\/2023\/05\/FRANCE-AVENTURES-LYON_WEB_NDP6317-min-300x200.jpg 300w, https:\/\/ousortirfrance.com\/lyon\/wp-content\/uploads\/sites\/8\/2023\/05\/FRANCE-AVENTURES-LYON_WEB_NDP6317-min-1024x683.jpg 1024w, https:\/\/ousortirfrance.com\/lyon\/wp-content\/uploads\/sites\/8\/2023\/05\/FRANCE-AVENTURES-LYON_WEB_NDP6317-min-768x512.jpg 768w, https:\/\/ousortirfrance.com\/lyon\/wp-content\/uploads\/sites\/8\/2023\/05\/FRANCE-AVENTURES-LYON_WEB_NDP6317-min-1536x1024.jpg 1536w, https:\/\/ousortirfrance.com\/lyon\/wp-content\/uploads\/sites\/8\/2023\/05\/FRANCE-AVENTURES-LYON_WEB_NDP6317-min-2048x1365.jpg 2048w\" sizes=\"(max-width: 2560px) 100vw, 2560px\" \/><\/div><div class=\"post-info\"><h3 class=\"title\">France Aventures<\/h3><\/div><a href=\"https:\/\/ousortirfrance.com\/lyon\/activities\/france-aventures\/\" title=\"France Aventures\" class=\"post-link\"><\/a><\/article><\/div>\t\t<\/div>\n\t\t\t\t<\/div>\n\t\t\t\t\t<\/div>\n\t\t<\/div>\n\t\t\t\t\t\t\t<\/div>\n\t\t<\/section>\n\t\t\t\t<section class=\"elementor-section elementor-top-section elementor-element elementor-element-19889ad7 elementor-section-boxed elementor-section-height-default elementor-section-height-default\" data-id=\"19889ad7\" data-element_type=\"section\">\n\t\t\t\t\t\t<div class=\"elementor-container elementor-column-gap-default\">\n\t\t\t\t\t<div class=\"elementor-column elementor-col-100 elementor-top-column elementor-element elementor-element-4c322ab5\" data-id=\"4c322ab5\" data-element_type=\"column\">\n\t\t\t<div class=\"elementor-widget-wrap elementor-element-populated\">\n\t\t\t\t\t\t\t\t<div class=\"elementor-element elementor-element-52b600b8 elementor-fixed elementor-widget elementor-widget-elementskit-back-to-top\" data-id=\"52b600b8\" data-element_type=\"widget\" data-settings=\"{&quot;_position&quot;:&quot;fixed&quot;}\" data-widget_type=\"elementskit-back-to-top.default\">\n\t\t\t\t<div class=\"elementor-widget-container\">\n\t\t\t<div class=\"ekit-wid-con\" > <div class=\"ekit-back-to-top-container ekit-btt icon_only\" \n\t\t \t\tdata-settings=\"{&quot;offset_top&quot;:0,&quot;show_after&quot;:400,&quot;show_scroll&quot;:&quot;yes&quot;,&quot;style&quot;:&quot;icon_only&quot;,&quot;fg&quot;:null,&quot;bg&quot;:null}\"> \n\t\t\t\t<span class=\"ekit-btt__button yes\"> <i aria-hidden=\"true\" class=\"fas fa-arrow-up\"><\/i><\/span> <\/div> <\/div>\t\t<\/div>\n\t\t\t\t<\/div>\n\t\t\t\t\t<\/div>\n\t\t<\/div>\n\t\t\t\t\t\t\t<\/div>\n\t\t<\/section>\n\t\t\t\t\t\t\t<\/div>\n\t\t","protected":false},"excerpt":{"rendered":"<p>retour Et oui, c&rsquo;est une bonne question \u00e7a : on fait quoi de nos week-ends et soir\u00e9es en novembre ? Nous vous avons d\u00e9got\u00e9 quelques adresses et dates qui pourront r\u00e9sonner en vous et vous d\u00e9placer jusqu&rsquo;\u00e0 elles ! Salon du Chocolat On d\u00e9marre cette s\u00e9lection de choses \u00e0 faire en novembre \u00e0 Lyon par, &hellip;<\/p>\n<p class=\"read-more\"> <a class=\"\" href=\"https:\/\/ousortirfrance.com\/lyon\/resto\/antonio-et-marco\/\"> <span class=\"screen-reader-text\">Antonio et Marco<\/span> Lire la suite\u00a0\u00bb<\/a><\/p>\n","protected":false},"author":3,"featured_media":13430,"comment_status":"closed","ping_status":"closed","sticky":false,"template":"","format":"standard","meta":{"site-sidebar-layout":"default","site-content-layout":"default","ast-global-header-display":"","ast-banner-title-visibility":"","ast-main-header-display":"","ast-hfb-above-header-display":"","ast-hfb-below-header-display":"","ast-hfb-mobile-header-display":"","site-post-title":"","ast-breadcrumbs-content":"","ast-featured-img":"","footer-sml-layout":"","theme-transparent-header-meta":"","adv-header-id-meta":"","stick-header-meta":"","header-above-stick-meta":"","header-main-stick-meta":"","header-below-stick-meta":""},"categories":[1],"tags":[],"yoast_head":"<!-- This site is optimized with the Yoast SEO plugin v20.9 - https:\/\/yoast.com\/wordpress\/plugins\/seo\/ -->\n<title>Il se passe quoi en novembre \u00e0 Lyon ? | O\u00f9 Sortir ? Lyon<\/title>\n<meta name=\"description\" content=\"La p\u00e9riode des f\u00eates approche, en novembre Lyon regorge d&#039;\u00e9v\u00e9nements si \u00e9clectiques ! Allons jeter un \u0153il sur la progra !\" \/>\n<meta name=\"robots\" content=\"index, follow, max-snippet:-1, max-image-preview:large, max-video-preview:-1\" \/>\n<link rel=\"canonical\" href=\"https:\/\/ousortirfrance.com\/lyon\/2023\/10\/27\/novembre-a-lyon\/\" \/>\n<meta property=\"og:locale\" content=\"fr_FR\" \/>\n<meta property=\"og:type\" content=\"article\" \/>\n<meta property=\"og:title\" content=\"Il se passe quoi en novembre \u00e0 Lyon ? | O\u00f9 Sortir ? Lyon\" \/>\n<meta property=\"og:description\" content=\"La p\u00e9riode des f\u00eates approche, en novembre Lyon regorge d&#039;\u00e9v\u00e9nements si \u00e9clectiques ! Allons jeter un \u0153il sur la progra !\" \/>\n<meta property=\"og:url\" content=\"https:\/\/ousortirfrance.com\/lyon\/2023\/10\/27\/novembre-a-lyon\/\" \/>\n<meta property=\"og:site_name\" content=\"O\u00f9 Sortir ? Lyon\" \/>\n<meta property=\"article:published_time\" content=\"2023-10-27T13:50:56+00:00\" \/>\n<meta property=\"article:modified_time\" content=\"2023-10-27T14:10:18+00:00\" \/>\n<meta property=\"og:image\" content=\"https:\/\/ousortirfrance.com\/lyon\/wp-content\/uploads\/sites\/8\/2023\/10\/Novembre-2023.png\" \/>\n\t<meta property=\"og:image:width\" content=\"1080\" \/>\n\t<meta property=\"og:image:height\" content=\"1080\" \/>\n\t<meta property=\"og:image:type\" content=\"image\/png\" \/>\n<meta name=\"author\" content=\"ousortiradmin\" \/>\n<meta name=\"twitter:card\" content=\"summary_large_image\" \/>\n<meta name=\"twitter:label1\" content=\"\u00c9crit par\" \/>\n\t<meta name=\"twitter:data1\" content=\"ousortiradmin\" \/>\n\t<meta name=\"twitter:label2\" content=\"Dur\u00e9e de lecture estim\u00e9e\" \/>\n\t<meta name=\"twitter:data2\" content=\"9 minutes\" \/>\n<script type=\"application\/ld+json\" class=\"yoast-schema-graph\">{\"@context\":\"https:\/\/schema.org\",\"@graph\":[{\"@type\":\"Article\",\"@id\":\"https:\/\/ousortirfrance.com\/lyon\/2023\/10\/27\/novembre-a-lyon\/#article\",\"isPartOf\":{\"@id\":\"https:\/\/ousortirfrance.com\/lyon\/2023\/10\/27\/novembre-a-lyon\/\"},\"author\":{\"name\":\"ousortiradmin\",\"@id\":\"https:\/\/ousortirfrance.com\/lyon\/#\/schema\/person\/3c733adf4044cd78f0a41a72a4e15a3f\"},\"headline\":\"Il se passe quoi en novembre \u00e0 Lyon ?\",\"datePublished\":\"2023-10-27T13:50:56+00:00\",\"dateModified\":\"2023-10-27T14:10:18+00:00\",\"mainEntityOfPage\":{\"@id\":\"https:\/\/ousortirfrance.com\/lyon\/2023\/10\/27\/novembre-a-lyon\/\"},\"wordCount\":1079,\"publisher\":{\"@id\":\"https:\/\/ousortirfrance.com\/lyon\/#organization\"},\"articleSection\":[\"Actualit\u00e9\"],\"inLanguage\":\"fr-FR\"},{\"@type\":\"WebPage\",\"@id\":\"https:\/\/ousortirfrance.com\/lyon\/2023\/10\/27\/novembre-a-lyon\/\",\"url\":\"https:\/\/ousortirfrance.com\/lyon\/2023\/10\/27\/novembre-a-lyon\/\",\"name\":\"Il se passe quoi en novembre \u00e0 Lyon ? | O\u00f9 Sortir ? Lyon\",\"isPartOf\":{\"@id\":\"https:\/\/ousortirfrance.com\/lyon\/#website\"},\"datePublished\":\"2023-10-27T13:50:56+00:00\",\"dateModified\":\"2023-10-27T14:10:18+00:00\",\"description\":\"La p\u00e9riode des f\u00eates approche, en novembre Lyon regorge d'\u00e9v\u00e9nements si \u00e9clectiques ! Allons jeter un \u0153il sur la progra !\",\"breadcrumb\":{\"@id\":\"https:\/\/ousortirfrance.com\/lyon\/2023\/10\/27\/novembre-a-lyon\/#breadcrumb\"},\"inLanguage\":\"fr-FR\",\"potentialAction\":[{\"@type\":\"ReadAction\",\"target\":[\"https:\/\/ousortirfrance.com\/lyon\/2023\/10\/27\/novembre-a-lyon\/\"]}]},{\"@type\":\"BreadcrumbList\",\"@id\":\"https:\/\/ousortirfrance.com\/lyon\/2023\/10\/27\/novembre-a-lyon\/#breadcrumb\",\"itemListElement\":[{\"@type\":\"ListItem\",\"position\":1,\"name\":\"Accueil\",\"item\":\"https:\/\/ousortirfrance.com\/lyon\/\"},{\"@type\":\"ListItem\",\"position\":2,\"name\":\"Il se passe quoi en novembre \u00e0 Lyon ?\"}]},{\"@type\":\"WebSite\",\"@id\":\"https:\/\/ousortirfrance.com\/lyon\/#website\",\"url\":\"https:\/\/ousortirfrance.com\/lyon\/\",\"name\":\"O\u00f9 Sortir ? Lyon\",\"description\":\"Un site utilisant O\u00f9 Sortir ? France\",\"publisher\":{\"@id\":\"https:\/\/ousortirfrance.com\/lyon\/#organization\"},\"potentialAction\":[{\"@type\":\"SearchAction\",\"target\":{\"@type\":\"EntryPoint\",\"urlTemplate\":\"https:\/\/ousortirfrance.com\/lyon\/?s={search_term_string}\"},\"query-input\":\"required name=search_term_string\"}],\"inLanguage\":\"fr-FR\"},{\"@type\":\"Organization\",\"@id\":\"https:\/\/ousortirfrance.com\/lyon\/#organization\",\"name\":\"O\u00f9 Sortir ? Lyon\",\"url\":\"https:\/\/ousortirfrance.com\/lyon\/\",\"logo\":{\"@type\":\"ImageObject\",\"inLanguage\":\"fr-FR\",\"@id\":\"https:\/\/ousortirfrance.com\/lyon\/#\/schema\/logo\/image\/\",\"url\":\"https:\/\/ousortirfrance.com\/lyon\/wp-content\/uploads\/sites\/8\/2025\/05\/LYON-svg-blanc.svg\",\"contentUrl\":\"https:\/\/ousortirfrance.com\/lyon\/wp-content\/uploads\/sites\/8\/2025\/05\/LYON-svg-blanc.svg\",\"width\":1066,\"height\":585,\"caption\":\"O\u00f9 Sortir ? Lyon\"},\"image\":{\"@id\":\"https:\/\/ousortirfrance.com\/lyon\/#\/schema\/logo\/image\/\"}},{\"@type\":\"Person\",\"@id\":\"https:\/\/ousortirfrance.com\/lyon\/#\/schema\/person\/3c733adf4044cd78f0a41a72a4e15a3f\",\"name\":\"ousortiradmin\",\"image\":{\"@type\":\"ImageObject\",\"inLanguage\":\"fr-FR\",\"@id\":\"https:\/\/ousortirfrance.com\/lyon\/#\/schema\/person\/image\/\",\"url\":\"https:\/\/secure.gravatar.com\/avatar\/c1d9f80847945906653377be09895dab?s=96&d=mm&r=g\",\"contentUrl\":\"https:\/\/secure.gravatar.com\/avatar\/c1d9f80847945906653377be09895dab?s=96&d=mm&r=g\",\"caption\":\"ousortiradmin\"},\"url\":\"https:\/\/ousortirfrance.com\/lyon\/author\/ousortiradmin\/\"}]}<\/script>\n<!-- \/ Yoast SEO plugin. -->","yoast_head_json":{"title":"Il se passe quoi en novembre \u00e0 Lyon ? | O\u00f9 Sortir ? Lyon","description":"La p\u00e9riode des f\u00eates approche, en novembre Lyon regorge d'\u00e9v\u00e9nements si \u00e9clectiques ! Allons jeter un \u0153il sur la progra !","robots":{"index":"index","follow":"follow","max-snippet":"max-snippet:-1","max-image-preview":"max-image-preview:large","max-video-preview":"max-video-preview:-1"},"canonical":"https:\/\/ousortirfrance.com\/lyon\/2023\/10\/27\/novembre-a-lyon\/","og_locale":"fr_FR","og_type":"article","og_title":"Il se passe quoi en novembre \u00e0 Lyon ? | O\u00f9 Sortir ? Lyon","og_description":"La p\u00e9riode des f\u00eates approche, en novembre Lyon regorge d'\u00e9v\u00e9nements si \u00e9clectiques ! Allons jeter un \u0153il sur la progra !","og_url":"https:\/\/ousortirfrance.com\/lyon\/2023\/10\/27\/novembre-a-lyon\/","og_site_name":"O\u00f9 Sortir ? Lyon","article_published_time":"2023-10-27T13:50:56+00:00","article_modified_time":"2023-10-27T14:10:18+00:00","og_image":[{"width":1080,"height":1080,"url":"https:\/\/ousortirfrance.com\/lyon\/wp-content\/uploads\/sites\/8\/2023\/10\/Novembre-2023.png","type":"image\/png"}],"author":"ousortiradmin","twitter_card":"summary_large_image","twitter_misc":{"\u00c9crit par":"ousortiradmin","Dur\u00e9e de lecture estim\u00e9e":"9 minutes"},"schema":{"@context":"https:\/\/schema.org","@graph":[{"@type":"Article","@id":"https:\/\/ousortirfrance.com\/lyon\/2023\/10\/27\/novembre-a-lyon\/#article","isPartOf":{"@id":"https:\/\/ousortirfrance.com\/lyon\/2023\/10\/27\/novembre-a-lyon\/"},"author":{"name":"ousortiradmin","@id":"https:\/\/ousortirfrance.com\/lyon\/#\/schema\/person\/3c733adf4044cd78f0a41a72a4e15a3f"},"headline":"Il se passe quoi en novembre \u00e0 Lyon ?","datePublished":"2023-10-27T13:50:56+00:00","dateModified":"2023-10-27T14:10:18+00:00","mainEntityOfPage":{"@id":"https:\/\/ousortirfrance.com\/lyon\/2023\/10\/27\/novembre-a-lyon\/"},"wordCount":1079,"publisher":{"@id":"https:\/\/ousortirfrance.com\/lyon\/#organization"},"articleSection":["Actualit\u00e9"],"inLanguage":"fr-FR"},{"@type":"WebPage","@id":"https:\/\/ousortirfrance.com\/lyon\/2023\/10\/27\/novembre-a-lyon\/","url":"https:\/\/ousortirfrance.com\/lyon\/2023\/10\/27\/novembre-a-lyon\/","name":"Il se passe quoi en novembre \u00e0 Lyon ? | O\u00f9 Sortir ? Lyon","isPartOf":{"@id":"https:\/\/ousortirfrance.com\/lyon\/#website"},"datePublished":"2023-10-27T13:50:56+00:00","dateModified":"2023-10-27T14:10:18+00:00","description":"La p\u00e9riode des f\u00eates approche, en novembre Lyon regorge d'\u00e9v\u00e9nements si \u00e9clectiques ! Allons jeter un \u0153il sur la progra !","breadcrumb":{"@id":"https:\/\/ousortirfrance.com\/lyon\/2023\/10\/27\/novembre-a-lyon\/#breadcrumb"},"inLanguage":"fr-FR","potentialAction":[{"@type":"ReadAction","target":["https:\/\/ousortirfrance.com\/lyon\/2023\/10\/27\/novembre-a-lyon\/"]}]},{"@type":"BreadcrumbList","@id":"https:\/\/ousortirfrance.com\/lyon\/2023\/10\/27\/novembre-a-lyon\/#breadcrumb","itemListElement":[{"@type":"ListItem","position":1,"name":"Accueil","item":"https:\/\/ousortirfrance.com\/lyon\/"},{"@type":"ListItem","position":2,"name":"Il se passe quoi en novembre \u00e0 Lyon ?"}]},{"@type":"WebSite","@id":"https:\/\/ousortirfrance.com\/lyon\/#website","url":"https:\/\/ousortirfrance.com\/lyon\/","name":"O\u00f9 Sortir ? Lyon","description":"Un site utilisant O\u00f9 Sortir ? France","publisher":{"@id":"https:\/\/ousortirfrance.com\/lyon\/#organization"},"potentialAction":[{"@type":"SearchAction","target":{"@type":"EntryPoint","urlTemplate":"https:\/\/ousortirfrance.com\/lyon\/?s={search_term_string}"},"query-input":"required name=search_term_string"}],"inLanguage":"fr-FR"},{"@type":"Organization","@id":"https:\/\/ousortirfrance.com\/lyon\/#organization","name":"O\u00f9 Sortir ? Lyon","url":"https:\/\/ousortirfrance.com\/lyon\/","logo":{"@type":"ImageObject","inLanguage":"fr-FR","@id":"https:\/\/ousortirfrance.com\/lyon\/#\/schema\/logo\/image\/","url":"https:\/\/ousortirfrance.com\/lyon\/wp-content\/uploads\/sites\/8\/2025\/05\/LYON-svg-blanc.svg","contentUrl":"https:\/\/ousortirfrance.com\/lyon\/wp-content\/uploads\/sites\/8\/2025\/05\/LYON-svg-blanc.svg","width":1066,"height":585,"caption":"O\u00f9 Sortir ? Lyon"},"image":{"@id":"https:\/\/ousortirfrance.com\/lyon\/#\/schema\/logo\/image\/"}},{"@type":"Person","@id":"https:\/\/ousortirfrance.com\/lyon\/#\/schema\/person\/3c733adf4044cd78f0a41a72a4e15a3f","name":"ousortiradmin","image":{"@type":"ImageObject","inLanguage":"fr-FR","@id":"https:\/\/ousortirfrance.com\/lyon\/#\/schema\/person\/image\/","url":"https:\/\/secure.gravatar.com\/avatar\/c1d9f80847945906653377be09895dab?s=96&d=mm&r=g","contentUrl":"https:\/\/secure.gravatar.com\/avatar\/c1d9f80847945906653377be09895dab?s=96&d=mm&r=g","caption":"ousortiradmin"},"url":"https:\/\/ousortirfrance.com\/lyon\/author\/ousortiradmin\/"}]}},"_links":{"self":[{"href":"https:\/\/ousortirfrance.com\/lyon\/wp-json\/wp\/v2\/posts\/13380"}],"collection":[{"href":"https:\/\/ousortirfrance.com\/lyon\/wp-json\/wp\/v2\/posts"}],"about":[{"href":"https:\/\/ousortirfrance.com\/lyon\/wp-json\/wp\/v2\/types\/post"}],"author":[{"embeddable":true,"href":"https:\/\/ousortirfrance.com\/lyon\/wp-json\/wp\/v2\/users\/3"}],"replies":[{"embeddable":true,"href":"https:\/\/ousortirfrance.com\/lyon\/wp-json\/wp\/v2\/comments?post=13380"}],"version-history":[{"count":42,"href":"https:\/\/ousortirfrance.com\/lyon\/wp-json\/wp\/v2\/posts\/13380\/revisions"}],"predecessor-version":[{"id":13431,"href":"https:\/\/ousortirfrance.com\/lyon\/wp-json\/wp\/v2\/posts\/13380\/revisions\/13431"}],"wp:featuredmedia":[{"embeddable":true,"href":"https:\/\/ousortirfrance.com\/lyon\/wp-json\/wp\/v2\/media\/13430"}],"wp:attachment":[{"href":"https:\/\/ousortirfrance.com\/lyon\/wp-json\/wp\/v2\/media?parent=13380"}],"wp:term":[{"taxonomy":"category","embeddable":true,"href":"https:\/\/ousortirfrance.com\/lyon\/wp-json\/wp\/v2\/categories?post=13380"},{"taxonomy":"post_tag","embeddable":true,"href":"https:\/\/ousortirfrance.com\/lyon\/wp-json\/wp\/v2\/tags?post=13380"}],"curies":[{"name":"wp","href":"https:\/\/api.w.org\/{rel}","templated":true}]}}