{"id":13656,"date":"2024-04-10T21:00:26","date_gmt":"2024-04-10T19:00:26","guid":{"rendered":"https:\/\/ousortirfrance.com\/lyon\/?p=13656"},"modified":"2024-04-10T21:57:14","modified_gmt":"2024-04-10T19:57:14","slug":"mondor-festival","status":"publish","type":"post","link":"https:\/\/ousortirfrance.com\/lyon\/2024\/04\/10\/mondor-festival\/","title":{"rendered":"Mondor Festival"},"content":{"rendered":"\t\t<div data-elementor-type=\"wp-post\" data-elementor-id=\"13656\" class=\"elementor elementor-13656\">\n\t\t\t\t\t\t\t\t\t<section class=\"elementor-section elementor-top-section elementor-element elementor-element-51887c5f elementor-section-full_width elementor-section-stretched elementor-section-height-default elementor-section-height-default\" data-id=\"51887c5f\" data-element_type=\"section\" data-settings=\"{&quot;stretch_section&quot;:&quot;section-stretched&quot;}\">\n\t\t\t\t\t\t<div class=\"elementor-container elementor-column-gap-default\">\n\t\t\t\t\t<div class=\"elementor-column elementor-col-66 elementor-top-column elementor-element elementor-element-1e81aa1c\" data-id=\"1e81aa1c\" data-element_type=\"column\">\n\t\t\t<div class=\"elementor-widget-wrap elementor-element-populated\">\n\t\t\t\t\t\t\t\t<div class=\"elementor-element elementor-element-3ba32e4c elementor-widget elementor-widget-elementskit-button\" data-id=\"3ba32e4c\" data-element_type=\"widget\" data-widget_type=\"elementskit-button.default\">\n\t\t\t\t<div class=\"elementor-widget-container\">\n\t\t\t<div class=\"ekit-wid-con\" >\t\t<div class=\"ekit-btn-wraper\">\n\t\t\t\t\t\t\t<a href=\"https:\/\/ousortirfrance.com\/lyon\/actualites\/\" class=\"elementskit-btn  whitespace--normal\" >\n\t\t\t\t\t\n\t\t\t\t\t<i aria-hidden=\"true\" class=\"fas fa-arrow-circle-left\"><\/i>\n\t\t\t\t\tretour \t\t\t\t<\/a>\n\t\t\t\t\t\t<\/div>\n        <\/div>\t\t<\/div>\n\t\t\t\t<\/div>\n\t\t\t\t<div class=\"elementor-element elementor-element-464db6ea elementor-widget elementor-widget-text-editor\" data-id=\"464db6ea\" data-element_type=\"widget\" data-widget_type=\"text-editor.default\">\n\t\t\t\t<div class=\"elementor-widget-container\">\n\t\t\t<style>\/*! elementor - v3.13.3 - 28-05-2023 *\/\n.elementor-widget-text-editor.elementor-drop-cap-view-stacked .elementor-drop-cap{background-color:#69727d;color:#fff}.elementor-widget-text-editor.elementor-drop-cap-view-framed .elementor-drop-cap{color:#69727d;border:3px solid;background-color:transparent}.elementor-widget-text-editor:not(.elementor-drop-cap-view-default) .elementor-drop-cap{margin-top:8px}.elementor-widget-text-editor:not(.elementor-drop-cap-view-default) .elementor-drop-cap-letter{width:1em;height:1em}.elementor-widget-text-editor .elementor-drop-cap{float:left;text-align:center;line-height:1;font-size:50px}.elementor-widget-text-editor .elementor-drop-cap-letter{display:inline-block}<\/style>\t\t\t\t<p><span style=\"text-align: start;\">C&rsquo;est peut-\u00eatre la premi\u00e8re \u00e9dition du Mondor Festival, mais croyez nous,<br \/>il porte tellement de belles valeurs qu&rsquo;il est parti pour durer !<\/span><br style=\"text-align: start;\" \/><span style=\"text-align: start;\">On vous explique tout \u00e7a !<\/span><\/p>\t\t\t\t\t\t<\/div>\n\t\t\t\t<\/div>\n\t\t\t\t<article class=\"elementor-section elementor-inner-section elementor-element elementor-element-7da1597 elementor-section-content-middle elementor-reverse-tablet elementor-reverse-mobile elementor-section-full_width elementor-section-height-default elementor-section-height-default\" data-id=\"7da1597\" data-element_type=\"section\">\n\t\t\t\t\t\t<div class=\"elementor-container elementor-column-gap-default\">\n\t\t\t\t\t<div class=\"elementor-column elementor-col-50 elementor-inner-column elementor-element elementor-element-5232a51d\" data-id=\"5232a51d\" data-element_type=\"column\">\n\t\t\t<div class=\"elementor-widget-wrap elementor-element-populated\">\n\t\t\t\t\t\t\t\t<div class=\"elementor-element elementor-element-4b9f67af elementor-widget elementor-widget-image\" data-id=\"4b9f67af\" data-element_type=\"widget\" data-widget_type=\"image.default\">\n\t\t\t\t<div class=\"elementor-widget-container\">\n\t\t\t<style>\/*! elementor - v3.13.3 - 28-05-2023 *\/\n.elementor-widget-image{text-align:center}.elementor-widget-image a{display:inline-block}.elementor-widget-image a img[src$=\".svg\"]{width:48px}.elementor-widget-image img{vertical-align:middle;display:inline-block}<\/style>\t\t\t\t\t\t\t\t\t<figure class=\"wp-caption\">\n\t\t\t\t\t\t\t\t\t\t<img decoding=\"async\" width=\"683\" height=\"1024\" src=\"https:\/\/ousortirfrance.com\/lyon\/wp-content\/uploads\/sites\/8\/2024\/03\/Bannieres-pass-culture_Plan-de-travail-1-683x1024.png\" class=\"attachment-large size-large wp-image-13819\" alt=\"Mondor Festival 2024\" loading=\"lazy\" srcset=\"https:\/\/ousortirfrance.com\/lyon\/wp-content\/uploads\/sites\/8\/2024\/03\/Bannieres-pass-culture_Plan-de-travail-1-683x1024.png 683w, https:\/\/ousortirfrance.com\/lyon\/wp-content\/uploads\/sites\/8\/2024\/03\/Bannieres-pass-culture_Plan-de-travail-1-200x300.png 200w, https:\/\/ousortirfrance.com\/lyon\/wp-content\/uploads\/sites\/8\/2024\/03\/Bannieres-pass-culture_Plan-de-travail-1-768x1152.png 768w, https:\/\/ousortirfrance.com\/lyon\/wp-content\/uploads\/sites\/8\/2024\/03\/Bannieres-pass-culture_Plan-de-travail-1-1024x1536.png 1024w, https:\/\/ousortirfrance.com\/lyon\/wp-content\/uploads\/sites\/8\/2024\/03\/Bannieres-pass-culture_Plan-de-travail-1-1366x2048.png 1366w, https:\/\/ousortirfrance.com\/lyon\/wp-content\/uploads\/sites\/8\/2024\/03\/Bannieres-pass-culture_Plan-de-travail-1.png 1667w\" sizes=\"(max-width: 683px) 100vw, 683px\" \/>\t\t\t\t\t\t\t\t\t\t\t<figcaption class=\"widget-image-caption wp-caption-text\">\u00a9 Mondor Festival 2024<\/figcaption>\n\t\t\t\t\t\t\t\t\t\t<\/figure>\n\t\t\t\t\t\t\t\t\t<\/div>\n\t\t\t\t<\/div>\n\t\t\t\t\t<\/div>\n\t\t<\/div>\n\t\t\t\t<div class=\"elementor-column elementor-col-50 elementor-inner-column elementor-element elementor-element-a0b78ac\" data-id=\"a0b78ac\" data-element_type=\"column\">\n\t\t\t<div class=\"elementor-widget-wrap elementor-element-populated\">\n\t\t\t\t\t\t\t\t<div class=\"elementor-element elementor-element-2d7e537c elementor-widget elementor-widget-heading\" data-id=\"2d7e537c\" data-element_type=\"widget\" data-widget_type=\"heading.default\">\n\t\t\t\t<div class=\"elementor-widget-container\">\n\t\t\t<style>\/*! elementor - v3.13.3 - 28-05-2023 *\/\n.elementor-heading-title{padding:0;margin:0;line-height:1}.elementor-widget-heading .elementor-heading-title[class*=elementor-size-]>a{color:inherit;font-size:inherit;line-height:inherit}.elementor-widget-heading .elementor-heading-title.elementor-size-small{font-size:15px}.elementor-widget-heading .elementor-heading-title.elementor-size-medium{font-size:19px}.elementor-widget-heading .elementor-heading-title.elementor-size-large{font-size:29px}.elementor-widget-heading .elementor-heading-title.elementor-size-xl{font-size:39px}.elementor-widget-heading .elementor-heading-title.elementor-size-xxl{font-size:59px}<\/style><h2 class=\"elementor-heading-title elementor-size-default\">Mondor Festival<\/h2>\t\t<\/div>\n\t\t\t\t<\/div>\n\t\t\t\t<div class=\"elementor-element elementor-element-3ba9f302 elementor-widget elementor-widget-text-editor\" data-id=\"3ba9f302\" data-element_type=\"widget\" data-widget_type=\"text-editor.default\">\n\t\t\t\t<div class=\"elementor-widget-container\">\n\t\t\t\t\t\t\t<p><span style=\"font-style: inherit; font-weight: inherit; background-color: var(--ast-global-color-4); color: var(--ast-global-color-3);\">D\u00e9j\u00e0 pourquoi le Mondor Festival ? Mondor, car il prend lieu \u00e0 Saint-Germain-au-Mont-d&rsquo;Or. Je pense que l&rsquo;on ne peut faire plus simple pour vous parler de son origine, n&rsquo;est-ce pas ? Et festival, car sa programmation compte plus d&rsquo;artistes et d&rsquo;activit\u00e9s qu&rsquo;un simple concert ! Mais \u00e7a, on vous le d\u00e9taille dans les prochains paragraphes.<\/span><\/p><p>Et si vous avez jet\u00e9 un \u0153il \u00e0 l&rsquo;affiche du Festival, vous aurez remarqu\u00e9 un canard aux lunettes de soleil flamboyantes ? C&rsquo;est Germain, la mascotte de l&rsquo;<b>association<\/b> du Mondor Festival ! (Lui aussi tire son nom du lieu o\u00f9 se produira l&rsquo;\u00e9v\u00e9nement, mais vous l&rsquo;aviez devin\u00e9 !)<br \/>Et oui, cet \u00e9v\u00e9nement est port\u00e9 par une association locale, qui se voit attribuer le soutien de la Mairie de Saint Germain. Sachez qu&rsquo;une part des b\u00e9n\u00e9fices g\u00e9n\u00e9rez durant le festival, est r\u00e9serv\u00e9e au\u00a0<span style=\"background-color: var(--ast-global-color-4); color: var(--ast-global-color-3); font-size: 1rem;\">C.C.A.S (Centre Communal d&rsquo;Action Sociale)\u00a0<\/span><span style=\"font-style: inherit; font-weight: inherit; background-color: var(--ast-global-color-4); color: var(--ast-global-color-3);\">de la ville mais aussi \u00e0 la coop\u00e9rative de la transition du Val de Sa\u00f4ne. Ne vous a t-on pas dit plus haut que ce festival porte de belles valeurs ?\u00a0<\/span><\/p>\t\t\t\t\t\t<\/div>\n\t\t\t\t<\/div>\n\t\t\t\t\t<\/div>\n\t\t<\/div>\n\t\t\t\t\t\t\t<\/div>\n\t\t<\/article>\n\t\t\t\t<article class=\"elementor-section elementor-inner-section elementor-element elementor-element-5f9935d1 elementor-section-content-middle elementor-section-full_width elementor-section-height-default elementor-section-height-default\" data-id=\"5f9935d1\" data-element_type=\"section\">\n\t\t\t\t\t\t<div class=\"elementor-container elementor-column-gap-default\">\n\t\t\t\t\t<div class=\"elementor-column elementor-col-50 elementor-inner-column elementor-element elementor-element-3db56430\" data-id=\"3db56430\" data-element_type=\"column\">\n\t\t\t<div class=\"elementor-widget-wrap elementor-element-populated\">\n\t\t\t\t\t\t\t\t<div class=\"elementor-element elementor-element-76218fc5 elementor-widget elementor-widget-heading\" data-id=\"76218fc5\" data-element_type=\"widget\" data-widget_type=\"heading.default\">\n\t\t\t\t<div class=\"elementor-widget-container\">\n\t\t\t<h2 class=\"elementor-heading-title elementor-size-default\">Jour du Festival<\/h2>\t\t<\/div>\n\t\t\t\t<\/div>\n\t\t\t\t<div class=\"elementor-element elementor-element-59cfe28 elementor-widget elementor-widget-text-editor\" data-id=\"59cfe28\" data-element_type=\"widget\" data-widget_type=\"text-editor.default\">\n\t\t\t\t<div class=\"elementor-widget-container\">\n\t\t\t\t\t\t\t<p style=\"font-size: 15px; font-style: normal;\"><span style=\"font-weight: 400;\">La premi\u00e8re partie de la journ\u00e9e est totalement gratuite !<br \/>Oui oui, vous avez bien lu !<br \/>De 11h du matin \u00e0 18h30, venez en lieu s\u00fbr au <\/span><b>Village des Partenaires<\/b><span style=\"font-weight: 400;\"> profiter de plusieurs activit\u00e9s ludiques et sportives telles que :\u00a0<br \/>Des parties de <\/span><b>molkky<\/b> endiabl\u00e9es<br \/>Des parties de <b>p\u00e9tanque<\/b> \u00e0 d\u00e9couvrir qui de votre \u00e9quipe est le plus mauvais perdant<br \/>et encore bien d&rsquo;autres sports !<br \/>Des <b>activit\u00e9s manuelles<\/b> en tout genre.<\/p><p>Activit\u00e9s et programmation musicale, sont accessibles pour tout le monde, que vous soyez \u00e9tudiant, \u00e0 la retraite, parents ou enfant, venant de Toulouse ou habitant de Saint Germain ! Tout le monde est le et la bienvenue ici !<\/p><p>Le tout sera accompagn\u00e9 d&rsquo;une petite sc\u00e8ne o\u00f9 sera jou\u00e9 tout au long de la journ\u00e9e diff\u00e9rentes musiques par plusieurs artistes locaux pour agr\u00e9menter votre s\u00e9jour. La programmation sera \u00e0 d\u00e9couvrir tout au long d&rsquo;avril sur le compte Instagram du <a href=\"https:\/\/www.instagram.com\/p\/C5TsDGMII_8\/\">Mondor Festival<\/a> ainsi que sur leur <a href=\"https:\/\/mondorfestival.fr\/\">site internet<\/a> ! Vous pourrez vous d\u00e9lecter d&rsquo;un breuvage ou d&rsquo;une gourmandise au <b>bar<\/b> et au <b>foodtruck<\/b>. Tout deux locaux et responsables.<\/p><p>Une pause s&rsquo;impose ? La <b>zone de d\u00e9tente<\/b> est faite pour vous ! Avant de vous (re)donner \u00e0 fond pour la programmation du soir !<\/p>\t\t\t\t\t\t<\/div>\n\t\t\t\t<\/div>\n\t\t\t\t\t<\/div>\n\t\t<\/div>\n\t\t\t\t<div class=\"elementor-column elementor-col-50 elementor-inner-column elementor-element elementor-element-7c70df90\" data-id=\"7c70df90\" data-element_type=\"column\">\n\t\t\t<div class=\"elementor-widget-wrap elementor-element-populated\">\n\t\t\t\t\t\t\t\t<div class=\"elementor-element elementor-element-5c7dce7e elementor-widget elementor-widget-image\" data-id=\"5c7dce7e\" data-element_type=\"widget\" data-widget_type=\"image.default\">\n\t\t\t\t<div class=\"elementor-widget-container\">\n\t\t\t\t\t\t\t\t\t\t\t\t<figure class=\"wp-caption\">\n\t\t\t\t\t\t\t\t\t\t<img decoding=\"async\" width=\"576\" height=\"1024\" src=\"https:\/\/ousortirfrance.com\/lyon\/wp-content\/uploads\/sites\/8\/2024\/04\/Design-sans-titre-11-576x1024.png\" class=\"attachment-large size-large wp-image-13826\" alt=\"\" loading=\"lazy\" srcset=\"https:\/\/ousortirfrance.com\/lyon\/wp-content\/uploads\/sites\/8\/2024\/04\/Design-sans-titre-11-576x1024.png 576w, https:\/\/ousortirfrance.com\/lyon\/wp-content\/uploads\/sites\/8\/2024\/04\/Design-sans-titre-11-169x300.png 169w, https:\/\/ousortirfrance.com\/lyon\/wp-content\/uploads\/sites\/8\/2024\/04\/Design-sans-titre-11-768x1365.png 768w, https:\/\/ousortirfrance.com\/lyon\/wp-content\/uploads\/sites\/8\/2024\/04\/Design-sans-titre-11-864x1536.png 864w, https:\/\/ousortirfrance.com\/lyon\/wp-content\/uploads\/sites\/8\/2024\/04\/Design-sans-titre-11.png 1080w\" sizes=\"(max-width: 576px) 100vw, 576px\" \/>\t\t\t\t\t\t\t\t\t\t\t<figcaption class=\"widget-image-caption wp-caption-text\">\u00a9 Canva<\/figcaption>\n\t\t\t\t\t\t\t\t\t\t<\/figure>\n\t\t\t\t\t\t\t\t\t<\/div>\n\t\t\t\t<\/div>\n\t\t\t\t\t<\/div>\n\t\t<\/div>\n\t\t\t\t\t\t\t<\/div>\n\t\t<\/article>\n\t\t\t\t<article class=\"elementor-section elementor-inner-section elementor-element elementor-element-d82c971 elementor-section-content-middle elementor-section-full_width elementor-section-height-default elementor-section-height-default\" data-id=\"d82c971\" data-element_type=\"section\">\n\t\t\t\t\t\t<div class=\"elementor-container elementor-column-gap-default\">\n\t\t\t\t\t<div class=\"elementor-column elementor-col-50 elementor-inner-column elementor-element elementor-element-f21bc44\" data-id=\"f21bc44\" data-element_type=\"column\">\n\t\t\t<div class=\"elementor-widget-wrap elementor-element-populated\">\n\t\t\t\t\t\t\t\t<div class=\"elementor-element elementor-element-65a82c5 elementor-widget elementor-widget-image\" data-id=\"65a82c5\" data-element_type=\"widget\" data-widget_type=\"image.default\">\n\t\t\t\t<div class=\"elementor-widget-container\">\n\t\t\t\t\t\t\t\t\t\t\t\t<figure class=\"wp-caption\">\n\t\t\t\t\t\t\t\t\t\t<img decoding=\"async\" width=\"768\" height=\"1024\" src=\"https:\/\/ousortirfrance.com\/lyon\/wp-content\/uploads\/sites\/8\/2024\/04\/Programmation-scene-deuxieme-partie-Mondro-Festival-768x1024.jpg\" class=\"attachment-large size-large wp-image-13845\" alt=\"Programmation sc\u00e8ne deuxi\u00e8me partie Mondro Festival\" loading=\"lazy\" srcset=\"https:\/\/ousortirfrance.com\/lyon\/wp-content\/uploads\/sites\/8\/2024\/04\/Programmation-scene-deuxieme-partie-Mondro-Festival-768x1024.jpg 768w, https:\/\/ousortirfrance.com\/lyon\/wp-content\/uploads\/sites\/8\/2024\/04\/Programmation-scene-deuxieme-partie-Mondro-Festival-225x300.jpg 225w, https:\/\/ousortirfrance.com\/lyon\/wp-content\/uploads\/sites\/8\/2024\/04\/Programmation-scene-deuxieme-partie-Mondro-Festival-1152x1536.jpg 1152w, https:\/\/ousortirfrance.com\/lyon\/wp-content\/uploads\/sites\/8\/2024\/04\/Programmation-scene-deuxieme-partie-Mondro-Festival.jpg 1417w\" sizes=\"(max-width: 768px) 100vw, 768px\" \/>\t\t\t\t\t\t\t\t\t\t\t<figcaption class=\"widget-image-caption wp-caption-text\">\u00a9 Artistes pr\u00e9sents<\/figcaption>\n\t\t\t\t\t\t\t\t\t\t<\/figure>\n\t\t\t\t\t\t\t\t\t<\/div>\n\t\t\t\t<\/div>\n\t\t\t\t\t<\/div>\n\t\t<\/div>\n\t\t\t\t<div class=\"elementor-column elementor-col-50 elementor-inner-column elementor-element elementor-element-5f428f8\" data-id=\"5f428f8\" data-element_type=\"column\">\n\t\t\t<div class=\"elementor-widget-wrap elementor-element-populated\">\n\t\t\t\t\t\t\t\t<div class=\"elementor-element elementor-element-6f45ebd elementor-widget elementor-widget-heading\" data-id=\"6f45ebd\" data-element_type=\"widget\" data-widget_type=\"heading.default\">\n\t\t\t\t<div class=\"elementor-widget-container\">\n\t\t\t<h2 class=\"elementor-heading-title elementor-size-default\">Nuit du Festival<\/h2>\t\t<\/div>\n\t\t\t\t<\/div>\n\t\t\t\t<div class=\"elementor-element elementor-element-be409f1 elementor-widget elementor-widget-text-editor\" data-id=\"be409f1\" data-element_type=\"widget\" data-widget_type=\"text-editor.default\">\n\t\t\t\t<div class=\"elementor-widget-container\">\n\t\t\t\t\t\t\t<p style=\"font-size: 15px; font-style: normal; font-weight: 400;\">Le moment phare de ce rassemblement interg\u00e9n\u00e9rationnel se d\u00e9roule de 18h30 \u00e0 1h le lendemain.\u00a0<br \/>La soir\u00e9e id\u00e9ale pour les amoureux de musiques \u00e9lectroniques.\u00a0<br \/>Quatre artistes viendront \u00e0 tour de r\u00f4le vous mixer de la funk, de la disco, de la house et de la techno m\u00e9lodique !<\/p><p style=\"font-size: 15px; font-style: normal;\"><span style=\"font-weight: 400;\">Et sans plus tarder nous vous les pr\u00e9sentons :\u00a0<\/span><\/p><p><b>Funky District<\/b><span style=\"font-weight: 400;\">, un duo qui se d\u00e9crit comme de la Funk puissante mais bienveillante, \u00e0 d\u00e9couvrir\u00a0<a href=\"https:\/\/linktr.ee\/funkydistrict\">ici<\/a> de toute urgence !\u00a0<br \/><\/span><b>Double D\u00e9lice<\/b> pour 2x plus de funk, \u00e0 \u00e9couter <a style=\"font-weight: 400;\" href=\"https:\/\/www.instagram.com\/doubledelice\/\">par ici<\/a> !<br \/>Partez pour de la techno m\u00e9lodique avec le groupe <b>Abstraal<\/b>, \u00e0 d\u00e9couvrir <a style=\"font-weight: 400;\" href=\"https:\/\/beacons.ai\/abstraal\">juste ici<\/a>\u00a0et<br \/>Jusque l\u00e0 nous ne vous avons pr\u00e9sent\u00e9 que des artistes jouant en duo, le dernier artiste est en solo. Nous parlons de <b>Jas\/t<\/b>\u00a0! Il compose \u00e9galement de la techno m\u00e9lodique, \u00e0 venir d\u00e9couvrir <a style=\"font-weight: 400;\" href=\"https:\/\/fanlink.tv\/vsda\">par l\u00e0<\/a> !<br \/><br \/>Alors, quel va \u00eatre ton groupe pr\u00e9f\u00e9r\u00e9 ?<\/p><p>\u00a0<\/p>\t\t\t\t\t\t<\/div>\n\t\t\t\t<\/div>\n\t\t\t\t\t<\/div>\n\t\t<\/div>\n\t\t\t\t\t\t\t<\/div>\n\t\t<\/article>\n\t\t\t\t<article class=\"elementor-section elementor-inner-section elementor-element elementor-element-2bdf377 elementor-section-content-middle elementor-section-full_width elementor-section-height-default elementor-section-height-default\" data-id=\"2bdf377\" data-element_type=\"section\">\n\t\t\t\t\t\t<div class=\"elementor-container elementor-column-gap-default\">\n\t\t\t\t\t<div class=\"elementor-column elementor-col-50 elementor-inner-column elementor-element elementor-element-3a28987\" data-id=\"3a28987\" data-element_type=\"column\">\n\t\t\t<div class=\"elementor-widget-wrap elementor-element-populated\">\n\t\t\t\t\t\t\t\t<div class=\"elementor-element elementor-element-f903629 elementor-widget elementor-widget-heading\" data-id=\"f903629\" data-element_type=\"widget\" data-widget_type=\"heading.default\">\n\t\t\t\t<div class=\"elementor-widget-container\">\n\t\t\t<h2 class=\"elementor-heading-title elementor-size-default\">Un Festival engag\u00e9 !<\/h2>\t\t<\/div>\n\t\t\t\t<\/div>\n\t\t\t\t<div class=\"elementor-element elementor-element-e081384 elementor-widget elementor-widget-text-editor\" data-id=\"e081384\" data-element_type=\"widget\" data-widget_type=\"text-editor.default\">\n\t\t\t\t<div class=\"elementor-widget-container\">\n\t\t\t\t\t\t\t<p style=\"font-size: 15px; font-style: normal; font-weight: 400;\"><span style=\"font-style: inherit; font-weight: inherit; background-color: var(--ast-global-color-4); color: var(--ast-global-color-3);\">Cette premi\u00e8re \u00e9dition veut tendre \u00e0 la cr\u00e9ation d&rsquo;une tradition qui se veut festive et (\u00e9co)responsable !\u00a0<\/span><\/p><p style=\"font-size: 15px; font-style: normal;\"><span style=\"font-weight: inherit; font-style: inherit; background-color: var(--ast-global-color-4); color: var(--ast-global-color-3);\">\u00c9coresponsable pourquoi ? Pour toutes les valeurs pr\u00f4n\u00e9es, et mise en place lors de cette manifestation musicale.<br \/>Tout d&rsquo;abord, venez libre comme l&rsquo;air, les cheveux au vent depuis votre plus beau v\u00e9lo qui trouvera sa place dans le <\/span><span style=\"font-style: inherit; background-color: var(--ast-global-color-4); color: var(--ast-global-color-3);\"><b>parking sp\u00e9cial v\u00e9los<\/b><\/span><span style=\"font-weight: inherit; font-style: inherit; background-color: var(--ast-global-color-4); color: var(--ast-global-color-3);\"> ! Et oui, la mobilit\u00e9 douce a totalement sa place ici ! <br \/>Sinon, pr\u00e9f\u00e9rez venir en <\/span><span style=\"font-style: inherit; background-color: var(--ast-global-color-4); color: var(--ast-global-color-3);\"><b>autopartage<\/b><\/span><span style=\"font-weight: inherit; font-style: inherit; background-color: var(--ast-global-color-4); color: var(--ast-global-color-3);\"> ou en <\/span><span style=\"font-style: inherit; background-color: var(--ast-global-color-4); color: var(--ast-global-color-3);\"><b>covoiturage<\/b><\/span><span style=\"font-weight: inherit; font-style: inherit; background-color: var(--ast-global-color-4); color: var(--ast-global-color-3);\"> avec les partenaires engag\u00e9s, notamment avec Leo&amp;Go.<br \/>Vos d\u00e9chets et tous ceux r\u00e9alis\u00e9s lors du festival seront <\/span><span style=\"font-style: inherit; background-color: var(--ast-global-color-4); color: var(--ast-global-color-3);\"><b>collect\u00e9s<\/b><\/span><span style=\"font-weight: inherit; font-style: inherit; background-color: var(--ast-global-color-4); color: var(--ast-global-color-3);\"> et <\/span><span style=\"font-style: inherit; background-color: var(--ast-global-color-4); color: var(--ast-global-color-3);\"><b>recycl\u00e9s<\/b><\/span><span style=\"font-weight: inherit; font-style: inherit; background-color: var(--ast-global-color-4); color: var(--ast-global-color-3);\">. Pour minimiser l&rsquo;impact \u00e9cologique au maximum ! Une fois la musique coup\u00e9e, plus une trace d&rsquo;aucun passage ne demeurera ainsi.<br \/>Et comme pour beaucoup de festivals, mais il est toujours important de le souligner, une consommation d&rsquo;\u00e9nergie limit\u00e9e gr\u00e2ce aux <\/span><span style=\"font-style: inherit; background-color: var(--ast-global-color-4); color: var(--ast-global-color-3);\"><b>toilettes s\u00e8ches<\/b><\/span><span style=\"font-weight: inherit; font-style: inherit; background-color: var(--ast-global-color-4); color: var(--ast-global-color-3);\">. De ces derni\u00e8res, les d\u00e9chets organiques se verront valoris\u00e9s.\u00a0<br \/><br \/>Alors si ces valeurs s&rsquo;accordent avec les tiennes, nous pensons qu&rsquo;il est plus qu&rsquo;urgent de prendre ta place et de bloquer le 22 juin dans ton agenda pour aller profiter de toute cette dynamique !<\/span><\/p>\t\t\t\t\t\t<\/div>\n\t\t\t\t<\/div>\n\t\t\t\t\t<\/div>\n\t\t<\/div>\n\t\t\t\t<div class=\"elementor-column elementor-col-50 elementor-inner-column elementor-element elementor-element-8d62e69\" data-id=\"8d62e69\" data-element_type=\"column\">\n\t\t\t<div class=\"elementor-widget-wrap elementor-element-populated\">\n\t\t\t\t\t\t\t\t<div class=\"elementor-element elementor-element-8ee05c5 elementor-widget elementor-widget-image\" data-id=\"8ee05c5\" data-element_type=\"widget\" data-widget_type=\"image.default\">\n\t\t\t\t<div class=\"elementor-widget-container\">\n\t\t\t\t\t\t\t\t\t\t\t\t<figure class=\"wp-caption\">\n\t\t\t\t\t\t\t\t\t\t<img decoding=\"async\" width=\"576\" height=\"1024\" src=\"https:\/\/ousortirfrance.com\/lyon\/wp-content\/uploads\/sites\/8\/2024\/04\/Design-sans-titre-12-576x1024.png\" class=\"attachment-large size-large wp-image-13849\" alt=\"\" loading=\"lazy\" srcset=\"https:\/\/ousortirfrance.com\/lyon\/wp-content\/uploads\/sites\/8\/2024\/04\/Design-sans-titre-12-576x1024.png 576w, https:\/\/ousortirfrance.com\/lyon\/wp-content\/uploads\/sites\/8\/2024\/04\/Design-sans-titre-12-169x300.png 169w, https:\/\/ousortirfrance.com\/lyon\/wp-content\/uploads\/sites\/8\/2024\/04\/Design-sans-titre-12-768x1365.png 768w, https:\/\/ousortirfrance.com\/lyon\/wp-content\/uploads\/sites\/8\/2024\/04\/Design-sans-titre-12-864x1536.png 864w, https:\/\/ousortirfrance.com\/lyon\/wp-content\/uploads\/sites\/8\/2024\/04\/Design-sans-titre-12.png 1080w\" sizes=\"(max-width: 576px) 100vw, 576px\" \/>\t\t\t\t\t\t\t\t\t\t\t<figcaption class=\"widget-image-caption wp-caption-text\">\u00a9 Canva<\/figcaption>\n\t\t\t\t\t\t\t\t\t\t<\/figure>\n\t\t\t\t\t\t\t\t\t<\/div>\n\t\t\t\t<\/div>\n\t\t\t\t\t<\/div>\n\t\t<\/div>\n\t\t\t\t\t\t\t<\/div>\n\t\t<\/article>\n\t\t\t\t\t<\/div>\n\t\t<\/div>\n\t\t\t\t<aside class=\"elementor-column elementor-col-33 elementor-top-column elementor-element elementor-element-3cfb8bad\" data-id=\"3cfb8bad\" data-element_type=\"column\" data-settings=\"{&quot;background_background&quot;:&quot;classic&quot;}\">\n\t\t\t<div class=\"elementor-widget-wrap elementor-element-populated\">\n\t\t\t\t\t\t\t\t<section class=\"elementor-section elementor-inner-section elementor-element elementor-element-2dbee8d3 sidebar-is-sticky elementor-section-boxed elementor-section-height-default elementor-section-height-default\" data-id=\"2dbee8d3\" data-element_type=\"section\">\n\t\t\t\t\t\t<div class=\"elementor-container elementor-column-gap-default\">\n\t\t\t\t\t<div class=\"elementor-column elementor-col-100 elementor-inner-column elementor-element elementor-element-73b16697\" data-id=\"73b16697\" data-element_type=\"column\">\n\t\t\t<div class=\"elementor-widget-wrap elementor-element-populated\">\n\t\t\t\t\t\t\t\t<div class=\"elementor-element elementor-element-4d8c7c66 elementor-widget elementor-widget-heading\" data-id=\"4d8c7c66\" data-element_type=\"widget\" data-widget_type=\"heading.default\">\n\t\t\t\t<div class=\"elementor-widget-container\">\n\t\t\t<p class=\"elementor-heading-title elementor-size-default\">Informations pratiques<\/p>\t\t<\/div>\n\t\t\t\t<\/div>\n\t\t\t\t<div class=\"elementor-element elementor-element-7a418892 elementor-align-left elementor-icon-list--layout-traditional elementor-list-item-link-full_width elementor-widget elementor-widget-icon-list\" data-id=\"7a418892\" data-element_type=\"widget\" data-widget_type=\"icon-list.default\">\n\t\t\t\t<div class=\"elementor-widget-container\">\n\t\t\t<link rel=\"stylesheet\" href=\"https:\/\/ousortirfrance.com\/lyon\/wp-content\/plugins\/elementor\/assets\/css\/widget-icon-list.min.css\">\t\t<ul class=\"elementor-icon-list-items\">\n\t\t\t\t\t\t\t<li class=\"elementor-icon-list-item\">\n\t\t\t\t\t\t\t\t\t\t\t<span class=\"elementor-icon-list-icon\">\n\t\t\t\t\t\t\t<i aria-hidden=\"true\" class=\"fas fa-music\"><\/i>\t\t\t\t\t\t<\/span>\n\t\t\t\t\t\t\t\t\t\t<span class=\"elementor-icon-list-text\">Festival de musique \u00e9lectronique<\/span>\n\t\t\t\t\t\t\t\t\t<\/li>\n\t\t\t\t\t\t\t\t<li class=\"elementor-icon-list-item\">\n\t\t\t\t\t\t\t\t\t\t\t<span class=\"elementor-icon-list-icon\">\n\t\t\t\t\t\t\t<i aria-hidden=\"true\" class=\"fas fa-map-marker-alt\"><\/i>\t\t\t\t\t\t<\/span>\n\t\t\t\t\t\t\t\t\t\t<span class=\"elementor-icon-list-text\">Saint Germain au Mont d'Or 69650<\/span>\n\t\t\t\t\t\t\t\t\t<\/li>\n\t\t\t\t\t\t\t\t<li class=\"elementor-icon-list-item\">\n\t\t\t\t\t\t\t\t\t\t\t<span class=\"elementor-icon-list-icon\">\n\t\t\t\t\t\t\t<i aria-hidden=\"true\" class=\"far fa-clock\"><\/i>\t\t\t\t\t\t<\/span>\n\t\t\t\t\t\t\t\t\t\t<span class=\"elementor-icon-list-text\">Samedi 22 juin 2024<\/span>\n\t\t\t\t\t\t\t\t\t<\/li>\n\t\t\t\t\t\t\t\t<li class=\"elementor-icon-list-item\">\n\t\t\t\t\t\t\t\t\t\t\t<a href=\"https:\/\/www.instagram.com\/mondorfestival\/\" target=\"_blank\" rel=\"nofollow\">\n\n\t\t\t\t\t\t\t\t\t\t\t\t<span class=\"elementor-icon-list-icon\">\n\t\t\t\t\t\t\t<i aria-hidden=\"true\" class=\"fab fa-instagram\"><\/i>\t\t\t\t\t\t<\/span>\n\t\t\t\t\t\t\t\t\t\t<span class=\"elementor-icon-list-text\">Le Mondor Festival<\/span>\n\t\t\t\t\t\t\t\t\t\t\t<\/a>\n\t\t\t\t\t\t\t\t\t<\/li>\n\t\t\t\t\t\t\t\t<li class=\"elementor-icon-list-item\">\n\t\t\t\t\t\t\t\t\t\t\t<a href=\"https:\/\/shotgun.live\/fr\/festivals\/mondor-festival?fbclid=IwAR2vvnPev53D4qNxezwtcTtpRzAiNwGTL8TlBvdo5AU4DvCaRzD2CtFaY2s\">\n\n\t\t\t\t\t\t\t\t\t\t\t\t<span class=\"elementor-icon-list-icon\">\n\t\t\t\t\t\t\t<i aria-hidden=\"true\" class=\"fas fa-ticket-alt\"><\/i>\t\t\t\t\t\t<\/span>\n\t\t\t\t\t\t\t\t\t\t<span class=\"elementor-icon-list-text\">Prends ton billet<\/span>\n\t\t\t\t\t\t\t\t\t\t\t<\/a>\n\t\t\t\t\t\t\t\t\t<\/li>\n\t\t\t\t\t\t\t\t<li class=\"elementor-icon-list-item\">\n\t\t\t\t\t\t\t\t\t\t\t<a href=\"tel:06%2077%2095%2035%2041\">\n\n\t\t\t\t\t\t\t\t\t\t\t\t<span class=\"elementor-icon-list-icon\">\n\t\t\t\t\t\t\t<i aria-hidden=\"true\" class=\"fas fa-phone-alt\"><\/i>\t\t\t\t\t\t<\/span>\n\t\t\t\t\t\t\t\t\t\t<span class=\"elementor-icon-list-text\">06 77 95 35 41<\/span>\n\t\t\t\t\t\t\t\t\t\t\t<\/a>\n\t\t\t\t\t\t\t\t\t<\/li>\n\t\t\t\t\t\t<\/ul>\n\t\t\t\t<\/div>\n\t\t\t\t<\/div>\n\t\t\t\t<div class=\"elementor-element elementor-element-1152f06f elementor-widget elementor-widget-elementskit-social-share\" data-id=\"1152f06f\" data-element_type=\"widget\" data-widget_type=\"elementskit-social-share.default\">\n\t\t\t\t<div class=\"elementor-widget-container\">\n\t\t\t<div class=\"ekit-wid-con\" >\t\t<ul class=\"ekit_socialshare\">\n                            <li class=\"elementor-repeater-item-89ec49b\" data-social=\"facebook\">\n                    <a class=\"facebook\">\n                        \n                        <i aria-hidden=\"true\" class=\"icon icon-facebook\"><\/i>                        \n                                                                                            <\/a>\n                <\/li>\n                                            <li class=\"elementor-repeater-item-76141a0\" data-social=\"twitter\">\n                    <a class=\"twitter\">\n                        \n                        <i aria-hidden=\"true\" class=\"icon icon-twitter\"><\/i>                        \n                                                                                            <\/a>\n                <\/li>\n                                            <li class=\"elementor-repeater-item-17a119d\" data-social=\"linkedin\">\n                    <a class=\"linkedin\">\n                        \n                        <i aria-hidden=\"true\" class=\"icon icon-linkedin\"><\/i>                        \n                                                                                            <\/a>\n                <\/li>\n                                            <li class=\"elementor-repeater-item-72d4042\" data-social=\"snapchat\">\n                    <a class=\"snapchat\">\n                        \n                        <i aria-hidden=\"true\" class=\"fab fa-snapchat-ghost\"><\/i>                        \n                                                                                            <\/a>\n                <\/li>\n                                    <\/ul>\n        <\/div>\t\t<\/div>\n\t\t\t\t<\/div>\n\t\t\t\t\t<\/div>\n\t\t<\/div>\n\t\t\t\t\t\t\t<\/div>\n\t\t<\/section>\n\t\t\t\t\t<\/div>\n\t\t<\/aside>\n\t\t\t\t\t\t\t<\/div>\n\t\t<\/section>\n\t\t\t\t<section class=\"elementor-section elementor-top-section elementor-element elementor-element-13c689a5 elementor-section-boxed elementor-section-height-default elementor-section-height-default\" data-id=\"13c689a5\" data-element_type=\"section\">\n\t\t\t\t\t\t<div class=\"elementor-container elementor-column-gap-default\">\n\t\t\t\t\t<div class=\"elementor-column elementor-col-100 elementor-top-column elementor-element elementor-element-3fb21cf7\" data-id=\"3fb21cf7\" data-element_type=\"column\">\n\t\t\t<div class=\"elementor-widget-wrap\">\n\t\t\t\t\t\t\t\t\t<\/div>\n\t\t<\/div>\n\t\t\t\t\t\t\t<\/div>\n\t\t<\/section>\n\t\t\t\t<div class=\"elementor-section elementor-top-section elementor-element elementor-element-4f319b27 elementor-section-full_width elementor-section-height-default elementor-section-height-default\" data-id=\"4f319b27\" data-element_type=\"section\">\n\t\t\t\t\t\t<div class=\"elementor-container elementor-column-gap-default\">\n\t\t\t\t\t<div class=\"elementor-column elementor-col-100 elementor-top-column elementor-element elementor-element-1eba63fe\" data-id=\"1eba63fe\" data-element_type=\"column\">\n\t\t\t<div class=\"elementor-widget-wrap elementor-element-populated\">\n\t\t\t\t\t\t\t\t<div class=\"elementor-element elementor-element-29e6d32 elementor-arrows-position-inside elementor-pagination-position-outside elementor-widget elementor-widget-image-carousel\" data-id=\"29e6d32\" data-element_type=\"widget\" data-settings=\"{&quot;slides_to_show&quot;:&quot;4&quot;,&quot;slides_to_show_tablet&quot;:&quot;3&quot;,&quot;navigation&quot;:&quot;both&quot;,&quot;autoplay&quot;:&quot;yes&quot;,&quot;pause_on_hover&quot;:&quot;yes&quot;,&quot;pause_on_interaction&quot;:&quot;yes&quot;,&quot;autoplay_speed&quot;:5000,&quot;infinite&quot;:&quot;yes&quot;,&quot;speed&quot;:500,&quot;image_spacing_custom&quot;:{&quot;unit&quot;:&quot;px&quot;,&quot;size&quot;:20,&quot;sizes&quot;:[]},&quot;image_spacing_custom_tablet&quot;:{&quot;unit&quot;:&quot;px&quot;,&quot;size&quot;:&quot;&quot;,&quot;sizes&quot;:[]},&quot;image_spacing_custom_mobile&quot;:{&quot;unit&quot;:&quot;px&quot;,&quot;size&quot;:&quot;&quot;,&quot;sizes&quot;:[]}}\" data-widget_type=\"image-carousel.default\">\n\t\t\t\t<div class=\"elementor-widget-container\">\n\t\t\t<style>\/*! elementor - v3.13.3 - 28-05-2023 *\/\n.elementor-widget-image-carousel .swiper,.elementor-widget-image-carousel .swiper-container{position:static}.elementor-widget-image-carousel .swiper-container .swiper-slide figure,.elementor-widget-image-carousel .swiper .swiper-slide figure{line-height:inherit}.elementor-widget-image-carousel .swiper-slide{text-align:center}.elementor-image-carousel-wrapper:not(.swiper-container-initialized):not(.swiper-initialized) .swiper-slide{max-width:calc(100% \/ var(--e-image-carousel-slides-to-show, 3))}<\/style>\t\t<div class=\"elementor-image-carousel-wrapper swiper-container\" dir=\"ltr\">\n\t\t\t<div class=\"elementor-image-carousel swiper-wrapper\">\n\t\t\t\t\t\t\t\t<div class=\"swiper-slide\"><a data-elementor-open-lightbox=\"yes\" data-elementor-lightbox-slideshow=\"29e6d32\" data-elementor-lightbox-title=\"JAS\/T\" data-e-action-hash=\"#elementor-action%3Aaction%3Dlightbox%26settings%3DeyJpZCI6MTM4NTAsInVybCI6Imh0dHBzOlwvXC9vdXNvcnRpcmZyYW5jZS5jb21cL2x5b25cL3dwLWNvbnRlbnRcL3VwbG9hZHNcL3NpdGVzXC84XC8yMDI0XC8wNFwvWW91ci1zaWxob3VldHRlLWluLW15LXNpZ2h0LmpwZyIsInNsaWRlc2hvdyI6IjI5ZTZkMzIifQ%3D%3D\" href=\"https:\/\/ousortirfrance.com\/lyon\/wp-content\/uploads\/sites\/8\/2024\/04\/Your-silhouette-in-my-sight.jpg\"><figure class=\"swiper-slide-inner\"><img decoding=\"async\" class=\"swiper-slide-image\" src=\"https:\/\/ousortirfrance.com\/lyon\/wp-content\/uploads\/sites\/8\/2024\/04\/Your-silhouette-in-my-sight-768x960.jpg\" alt=\"Un des artistes de la programmation\" \/><\/figure><\/a><\/div><div class=\"swiper-slide\"><a data-elementor-open-lightbox=\"yes\" data-elementor-lightbox-slideshow=\"29e6d32\" data-elementor-lightbox-title=\"Double D\u00e9lice\" data-e-action-hash=\"#elementor-action%3Aaction%3Dlightbox%26settings%3DeyJpZCI6MTM4NTEsInVybCI6Imh0dHBzOlwvXC9vdXNvcnRpcmZyYW5jZS5jb21cL2x5b25cL3dwLWNvbnRlbnRcL3VwbG9hZHNcL3NpdGVzXC84XC8yMDI0XC8wNFwvRG91YmxlLURlbGljZS5qcGciLCJzbGlkZXNob3ciOiIyOWU2ZDMyIn0%3D\" href=\"https:\/\/ousortirfrance.com\/lyon\/wp-content\/uploads\/sites\/8\/2024\/04\/Double-Delice.jpg\"><figure class=\"swiper-slide-inner\"><img decoding=\"async\" class=\"swiper-slide-image\" src=\"https:\/\/ousortirfrance.com\/lyon\/wp-content\/uploads\/sites\/8\/2024\/04\/Double-Delice-768x960.jpg\" alt=\"Double D\u00e9lice\" \/><\/figure><\/a><\/div><div class=\"swiper-slide\"><a data-elementor-open-lightbox=\"yes\" data-elementor-lightbox-slideshow=\"29e6d32\" data-elementor-lightbox-title=\"abstraal\" data-e-action-hash=\"#elementor-action%3Aaction%3Dlightbox%26settings%3DeyJpZCI6MTM4NTIsInVybCI6Imh0dHBzOlwvXC9vdXNvcnRpcmZyYW5jZS5jb21cL2x5b25cL3dwLWNvbnRlbnRcL3VwbG9hZHNcL3NpdGVzXC84XC8yMDI0XC8wNFwvYWJzdHJhYWwuanBnIiwic2xpZGVzaG93IjoiMjllNmQzMiJ9\" href=\"https:\/\/ousortirfrance.com\/lyon\/wp-content\/uploads\/sites\/8\/2024\/04\/abstraal.jpg\"><figure class=\"swiper-slide-inner\"><img decoding=\"async\" class=\"swiper-slide-image\" src=\"https:\/\/ousortirfrance.com\/lyon\/wp-content\/uploads\/sites\/8\/2024\/04\/abstraal-768x512.jpg\" alt=\"abstraal au Mondor Festival\" \/><\/figure><\/a><\/div><div class=\"swiper-slide\"><a data-elementor-open-lightbox=\"yes\" data-elementor-lightbox-slideshow=\"29e6d32\" data-elementor-lightbox-title=\"funky district\" data-e-action-hash=\"#elementor-action%3Aaction%3Dlightbox%26settings%3DeyJpZCI6MTM4NTMsInVybCI6Imh0dHBzOlwvXC9vdXNvcnRpcmZyYW5jZS5jb21cL2x5b25cL3dwLWNvbnRlbnRcL3VwbG9hZHNcL3NpdGVzXC84XC8yMDI0XC8wNFwvZnVua3ktZGlzdHJpY3QuanBnIiwic2xpZGVzaG93IjoiMjllNmQzMiJ9\" href=\"https:\/\/ousortirfrance.com\/lyon\/wp-content\/uploads\/sites\/8\/2024\/04\/funky-district.jpg\"><figure class=\"swiper-slide-inner\"><img decoding=\"async\" class=\"swiper-slide-image\" src=\"https:\/\/ousortirfrance.com\/lyon\/wp-content\/uploads\/sites\/8\/2024\/04\/funky-district-768x512.jpg\" alt=\"funky district\" \/><\/figure><\/a><\/div><div class=\"swiper-slide\"><a data-elementor-open-lightbox=\"yes\" data-elementor-lightbox-slideshow=\"29e6d32\" data-elementor-lightbox-title=\"Mondor Festival 2024\" data-e-action-hash=\"#elementor-action%3Aaction%3Dlightbox%26settings%3DeyJpZCI6MTM4MTksInVybCI6Imh0dHBzOlwvXC9vdXNvcnRpcmZyYW5jZS5jb21cL2x5b25cL3dwLWNvbnRlbnRcL3VwbG9hZHNcL3NpdGVzXC84XC8yMDI0XC8wM1wvQmFubmllcmVzLXBhc3MtY3VsdHVyZV9QbGFuLWRlLXRyYXZhaWwtMS5wbmciLCJzbGlkZXNob3ciOiIyOWU2ZDMyIn0%3D\" href=\"https:\/\/ousortirfrance.com\/lyon\/wp-content\/uploads\/sites\/8\/2024\/03\/Bannieres-pass-culture_Plan-de-travail-1.png\"><figure class=\"swiper-slide-inner\"><img decoding=\"async\" class=\"swiper-slide-image\" src=\"https:\/\/ousortirfrance.com\/lyon\/wp-content\/uploads\/sites\/8\/2024\/03\/Bannieres-pass-culture_Plan-de-travail-1-768x1152.png\" alt=\"Mondor Festival 2024\" \/><\/figure><\/a><\/div><div class=\"swiper-slide\"><a data-elementor-open-lightbox=\"yes\" data-elementor-lightbox-slideshow=\"29e6d32\" data-elementor-lightbox-title=\"Mondor Festival 2024, grande sc\u00e8ne\" data-e-action-hash=\"#elementor-action%3Aaction%3Dlightbox%26settings%3DeyJpZCI6MTM4NzEsInVybCI6Imh0dHBzOlwvXC9vdXNvcnRpcmZyYW5jZS5jb21cL2x5b25cL3dwLWNvbnRlbnRcL3VwbG9hZHNcL3NpdGVzXC84XC8yMDI0XC8wNFwvTURSRkVTVF9QT1NUUFJPR3YyLTEucG5nIiwic2xpZGVzaG93IjoiMjllNmQzMiJ9\" href=\"https:\/\/ousortirfrance.com\/lyon\/wp-content\/uploads\/sites\/8\/2024\/04\/MDRFEST_POSTPROGv2-1.png\"><figure class=\"swiper-slide-inner\"><img decoding=\"async\" class=\"swiper-slide-image\" src=\"https:\/\/ousortirfrance.com\/lyon\/wp-content\/uploads\/sites\/8\/2024\/04\/MDRFEST_POSTPROGv2-1-768x960.png\" alt=\"Mondor Festival 2024, grande sc\u00e8ne\" \/><\/figure><\/a><\/div>\t\t\t<\/div>\n\t\t\t\t\t\t\t\t\t\t\t\t<div class=\"swiper-pagination\"><\/div>\n\t\t\t\t\t\t\t\t\t\t\t\t\t<div class=\"elementor-swiper-button elementor-swiper-button-prev\" role=\"button\" tabindex=\"0\">\n\t\t\t\t\t\t<i aria-hidden=\"true\" class=\"eicon-chevron-left\"><\/i>\t\t\t\t\t\t<span class=\"elementor-screen-only\">Previous image<\/span>\n\t\t\t\t\t<\/div>\n\t\t\t\t\t<div class=\"elementor-swiper-button elementor-swiper-button-next\" role=\"button\" tabindex=\"0\">\n\t\t\t\t\t\t<i aria-hidden=\"true\" class=\"eicon-chevron-right\"><\/i>\t\t\t\t\t\t<span class=\"elementor-screen-only\">Next image<\/span>\n\t\t\t\t\t<\/div>\n\t\t\t\t\t\t\t\t\t<\/div>\n\t\t\t\t<\/div>\n\t\t\t\t<\/div>\n\t\t\t\t\t<\/div>\n\t\t<\/div>\n\t\t\t\t\t\t\t<\/div>\n\t\t<\/div>\n\t\t\t\t<article class=\"elementor-section elementor-top-section elementor-element elementor-element-c19c6f8 elementor-section-boxed elementor-section-height-default elementor-section-height-default\" data-id=\"c19c6f8\" data-element_type=\"section\">\n\t\t\t\t\t\t<div class=\"elementor-container elementor-column-gap-default\">\n\t\t\t\t\t<div class=\"elementor-column elementor-col-100 elementor-top-column elementor-element elementor-element-5cb52a2b\" data-id=\"5cb52a2b\" data-element_type=\"column\">\n\t\t\t<div class=\"elementor-widget-wrap elementor-element-populated\">\n\t\t\t\t\t\t\t\t<div class=\"elementor-element elementor-element-1a87620e elementor-widget elementor-widget-heading\" data-id=\"1a87620e\" data-element_type=\"widget\" data-widget_type=\"heading.default\">\n\t\t\t\t<div class=\"elementor-widget-container\">\n\t\t\t<h2 class=\"elementor-heading-title elementor-size-default\">Le Mondor Festival en quelques mots ?<\/h2>\t\t<\/div>\n\t\t\t\t<\/div>\n\t\t\t\t<div class=\"elementor-element elementor-element-3248bf78 elementor-widget elementor-widget-text-editor\" data-id=\"3248bf78\" data-element_type=\"widget\" data-widget_type=\"text-editor.default\">\n\t\t\t\t<div class=\"elementor-widget-container\">\n\t\t\t\t\t\t\t<p style=\"font-size: 15px; font-style: normal; font-weight: 400; text-align: start;\">Vous l&rsquo;aurez compris, ce festival a pour vocation de rassembler les gens autour de la culture associative et des initiatives locales. En les termes utilis\u00e9s par l&rsquo;association, il vise \u00e0\u00a0<span style=\"background-color: var(--ast-global-color-4); color: var(--ast-global-color-3);\">\u00ab\u00a0Rassembler et cr\u00e9er ensemble un nouvel \u00e9v\u00e9nement culturel sur un territoire dynamique\u00a0\u00bb.<\/span><\/p><p style=\"font-size: 15px; font-style: normal; font-weight: 400; text-align: start;\">Une programmation aux petits oignons, des valeurs fortes, une partie gratuite sur le temps journ\u00e9e, de quoi manger, venir \u00e0 v\u00e9lo, jouer, s&rsquo;amuser, s&rsquo;ambiancer mais aussi se d\u00e9tendre. Nous ne pouvons que vous conseiller d&rsquo;assister \u00e0 cette premi\u00e8re \u00e9dition du Mondor Festival !<\/p><p>\u00a0<\/p><p style=\"font-size: 15px; font-style: normal; font-weight: 400; text-align: start;\">\u00a0<\/p>\t\t\t\t\t\t<\/div>\n\t\t\t\t<\/div>\n\t\t\t\t\t<\/div>\n\t\t<\/div>\n\t\t\t\t\t\t\t<\/div>\n\t\t<\/article>\n\t\t\t\t<section class=\"elementor-section elementor-top-section elementor-element elementor-element-113dacae elementor-section-boxed elementor-section-height-default elementor-section-height-default\" data-id=\"113dacae\" data-element_type=\"section\">\n\t\t\t\t\t\t<div class=\"elementor-container elementor-column-gap-default\">\n\t\t\t\t\t<div class=\"elementor-column elementor-col-100 elementor-top-column elementor-element elementor-element-590de94b\" data-id=\"590de94b\" data-element_type=\"column\">\n\t\t\t<div class=\"elementor-widget-wrap elementor-element-populated\">\n\t\t\t\t\t\t\t\t<div class=\"elementor-element elementor-element-5b5c5948 elementor-widget elementor-widget-heading\" data-id=\"5b5c5948\" data-element_type=\"widget\" data-widget_type=\"heading.default\">\n\t\t\t\t<div class=\"elementor-widget-container\">\n\t\t\t<h2 class=\"elementor-heading-title elementor-size-default\">Articles que vous pourriez aimer<\/h2>\t\t<\/div>\n\t\t\t\t<\/div>\n\t\t\t\t<div class=\"elementor-element elementor-element-77f341b0 elementor-widget elementor-widget-cv_post_select\" data-id=\"77f341b0\" data-element_type=\"widget\" data-widget_type=\"cv_post_select.default\">\n\t\t\t\t<div class=\"elementor-widget-container\">\n\t\t\t<div class=\"cv-posts cv-post-select grid-img-bg col-3\"><article class=\"post-item\" data-category=\"balades\"><div class=\"post-img\"><span class=\"elementor-background-overlay\"><\/span><img width=\"1389\" height=\"924\" src=\"https:\/\/ousortirfrance.com\/lyon\/wp-content\/uploads\/sites\/8\/2021\/10\/ou-se-baigner-pres-de-lyon-miribel-jonage.png\" class=\"attachment-blog size-blog wp-post-image\" alt=\"Se Baigner pr\u00e8s de Lyon Miribel Jonage\" decoding=\"async\" loading=\"lazy\" itemprop=\"image\" srcset=\"https:\/\/ousortirfrance.com\/lyon\/wp-content\/uploads\/sites\/8\/2021\/10\/ou-se-baigner-pres-de-lyon-miribel-jonage.png 1389w, https:\/\/ousortirfrance.com\/lyon\/wp-content\/uploads\/sites\/8\/2021\/10\/ou-se-baigner-pres-de-lyon-miribel-jonage-300x200.png 300w, https:\/\/ousortirfrance.com\/lyon\/wp-content\/uploads\/sites\/8\/2021\/10\/ou-se-baigner-pres-de-lyon-miribel-jonage-1024x681.png 1024w, https:\/\/ousortirfrance.com\/lyon\/wp-content\/uploads\/sites\/8\/2021\/10\/ou-se-baigner-pres-de-lyon-miribel-jonage-768x511.png 768w\" sizes=\"(max-width: 1389px) 100vw, 1389px\" \/><\/div><div class=\"post-info\"><h3 class=\"title\">Grand Parc Miribel<\/h3><\/div><a href=\"https:\/\/ousortirfrance.com\/lyon\/balade\/grand-parc-miribel\/\" title=\"Grand Parc Miribel\" class=\"post-link\"><\/a><\/article><article class=\"post-item\" data-category=\"actualite\"><div class=\"post-img\"><span class=\"elementor-background-overlay\"><\/span><img width=\"1920\" height=\"1080\" src=\"https:\/\/ousortirfrance.com\/lyon\/wp-content\/uploads\/sites\/8\/2024\/04\/images-inspi-jolies.jpg\" class=\"attachment-blog size-blog wp-post-image\" alt=\"\" decoding=\"async\" loading=\"lazy\" itemprop=\"image\" srcset=\"https:\/\/ousortirfrance.com\/lyon\/wp-content\/uploads\/sites\/8\/2024\/04\/images-inspi-jolies.jpg 1920w, https:\/\/ousortirfrance.com\/lyon\/wp-content\/uploads\/sites\/8\/2024\/04\/images-inspi-jolies-300x169.jpg 300w, https:\/\/ousortirfrance.com\/lyon\/wp-content\/uploads\/sites\/8\/2024\/04\/images-inspi-jolies-1024x576.jpg 1024w, https:\/\/ousortirfrance.com\/lyon\/wp-content\/uploads\/sites\/8\/2024\/04\/images-inspi-jolies-768x432.jpg 768w, https:\/\/ousortirfrance.com\/lyon\/wp-content\/uploads\/sites\/8\/2024\/04\/images-inspi-jolies-1536x864.jpg 1536w\" sizes=\"(max-width: 1920px) 100vw, 1920px\" \/><\/div><div class=\"post-info\"><h3 class=\"title\">Que fait-on en avril \u00e0 Lyon ?<\/h3><\/div><a href=\"https:\/\/ousortirfrance.com\/lyon\/2024\/04\/01\/avril-a-lyon\/\" title=\"Que fait-on en avril \u00e0 Lyon ?\" class=\"post-link\"><\/a><\/article><article class=\"post-item\" data-category=\"actualite\"><div class=\"post-img\"><span class=\"elementor-background-overlay\"><\/span><img width=\"2560\" height=\"1707\" src=\"https:\/\/ousortirfrance.com\/lyon\/wp-content\/uploads\/sites\/8\/2023\/03\/aleksandr-popov-2GNBoMgKYEo-unsplash-scaled.jpg\" class=\"attachment-blog size-blog wp-post-image\" alt=\"bars festifs de lyon\" decoding=\"async\" loading=\"lazy\" itemprop=\"image\" srcset=\"https:\/\/ousortirfrance.com\/lyon\/wp-content\/uploads\/sites\/8\/2023\/03\/aleksandr-popov-2GNBoMgKYEo-unsplash-scaled.jpg 2560w, https:\/\/ousortirfrance.com\/lyon\/wp-content\/uploads\/sites\/8\/2023\/03\/aleksandr-popov-2GNBoMgKYEo-unsplash-300x200.jpg 300w, https:\/\/ousortirfrance.com\/lyon\/wp-content\/uploads\/sites\/8\/2023\/03\/aleksandr-popov-2GNBoMgKYEo-unsplash-1024x683.jpg 1024w, https:\/\/ousortirfrance.com\/lyon\/wp-content\/uploads\/sites\/8\/2023\/03\/aleksandr-popov-2GNBoMgKYEo-unsplash-768x512.jpg 768w, https:\/\/ousortirfrance.com\/lyon\/wp-content\/uploads\/sites\/8\/2023\/03\/aleksandr-popov-2GNBoMgKYEo-unsplash-1536x1024.jpg 1536w, https:\/\/ousortirfrance.com\/lyon\/wp-content\/uploads\/sites\/8\/2023\/03\/aleksandr-popov-2GNBoMgKYEo-unsplash-2048x1365.jpg 2048w\" sizes=\"(max-width: 2560px) 100vw, 2560px\" \/><\/div><div class=\"post-info\"><h3 class=\"title\">Les bars festifs \u00e0 Lyon #2<\/h3><\/div><a href=\"https:\/\/ousortirfrance.com\/lyon\/2023\/03\/23\/bars-festifs-2\/\" title=\"Les bars festifs \u00e0 Lyon #2\" class=\"post-link\"><\/a><\/article><\/div>\t\t<\/div>\n\t\t\t\t<\/div>\n\t\t\t\t\t<\/div>\n\t\t<\/div>\n\t\t\t\t\t\t\t<\/div>\n\t\t<\/section>\n\t\t\t\t<section class=\"elementor-section elementor-top-section elementor-element elementor-element-f831ce7 elementor-section-boxed elementor-section-height-default elementor-section-height-default\" data-id=\"f831ce7\" data-element_type=\"section\">\n\t\t\t\t\t\t<div class=\"elementor-container elementor-column-gap-default\">\n\t\t\t\t\t<div class=\"elementor-column elementor-col-100 elementor-top-column elementor-element elementor-element-1eacd278\" data-id=\"1eacd278\" data-element_type=\"column\">\n\t\t\t<div class=\"elementor-widget-wrap elementor-element-populated\">\n\t\t\t\t\t\t\t\t<div class=\"elementor-element elementor-element-4a08f2d elementor-fixed elementor-widget elementor-widget-elementskit-back-to-top\" data-id=\"4a08f2d\" data-element_type=\"widget\" data-settings=\"{&quot;_position&quot;:&quot;fixed&quot;}\" data-widget_type=\"elementskit-back-to-top.default\">\n\t\t\t\t<div class=\"elementor-widget-container\">\n\t\t\t<div class=\"ekit-wid-con\" > <div class=\"ekit-back-to-top-container ekit-btt icon_only\" \n\t\t \t\tdata-settings=\"{&quot;offset_top&quot;:0,&quot;show_after&quot;:400,&quot;show_scroll&quot;:&quot;yes&quot;,&quot;style&quot;:&quot;icon_only&quot;,&quot;fg&quot;:null,&quot;bg&quot;:null}\"> \n\t\t\t\t<span class=\"ekit-btt__button yes\"> <i aria-hidden=\"true\" class=\"fas fa-arrow-up\"><\/i><\/span> <\/div> <\/div>\t\t<\/div>\n\t\t\t\t<\/div>\n\t\t\t\t\t<\/div>\n\t\t<\/div>\n\t\t\t\t\t\t\t<\/div>\n\t\t<\/section>\n\t\t\t\t\t\t\t<\/div>\n\t\t","protected":false},"excerpt":{"rendered":"<p>retour C&rsquo;est peut-\u00eatre la premi\u00e8re \u00e9dition du Mondor Festival, mais croyez nous,il porte tellement de belles valeurs qu&rsquo;il est parti pour durer !On vous explique tout \u00e7a ! \u00a9 Mondor Festival 2024 Mondor Festival D\u00e9j\u00e0 pourquoi le Mondor Festival ? Mondor, car il prend lieu \u00e0 Saint-Germain-au-Mont-d&rsquo;Or. Je pense que l&rsquo;on ne peut faire plus &hellip;<\/p>\n<p class=\"read-more\"> <a class=\"\" href=\"https:\/\/ousortirfrance.com\/lyon\/resto\/antonio-et-marco\/\"> <span class=\"screen-reader-text\">Antonio et Marco<\/span> Lire la suite\u00a0\u00bb<\/a><\/p>\n","protected":false},"author":3,"featured_media":13658,"comment_status":"closed","ping_status":"closed","sticky":false,"template":"","format":"standard","meta":{"site-sidebar-layout":"default","site-content-layout":"default","ast-global-header-display":"","ast-banner-title-visibility":"","ast-main-header-display":"","ast-hfb-above-header-display":"","ast-hfb-below-header-display":"","ast-hfb-mobile-header-display":"","site-post-title":"","ast-breadcrumbs-content":"","ast-featured-img":"","footer-sml-layout":"","theme-transparent-header-meta":"","adv-header-id-meta":"","stick-header-meta":"","header-above-stick-meta":"","header-main-stick-meta":"","header-below-stick-meta":""},"categories":[1],"tags":[],"yoast_head":"<!-- This site is optimized with the Yoast SEO plugin v20.9 - https:\/\/yoast.com\/wordpress\/plugins\/seo\/ -->\n<title>Mondor Festival | O\u00f9 Sortir ? Lyon<\/title>\n<meta name=\"description\" content=\"R\u00e9servez votre samedi 22 juin pour assister \u00e0 la premi\u00e8re \u00e9dition du Mondor Festival ! Et d\u00e9couvrez ce qu&#039;il contient dans notre article !\" \/>\n<meta name=\"robots\" content=\"index, follow, max-snippet:-1, max-image-preview:large, max-video-preview:-1\" \/>\n<link rel=\"canonical\" href=\"https:\/\/ousortirfrance.com\/lyon\/2024\/04\/10\/mondor-festival\/\" \/>\n<meta property=\"og:locale\" content=\"fr_FR\" \/>\n<meta property=\"og:type\" content=\"article\" \/>\n<meta property=\"og:title\" content=\"Mondor Festival | O\u00f9 Sortir ? Lyon\" \/>\n<meta property=\"og:description\" content=\"R\u00e9servez votre samedi 22 juin pour assister \u00e0 la premi\u00e8re \u00e9dition du Mondor Festival ! Et d\u00e9couvrez ce qu&#039;il contient dans notre article !\" \/>\n<meta property=\"og:url\" content=\"https:\/\/ousortirfrance.com\/lyon\/2024\/04\/10\/mondor-festival\/\" \/>\n<meta property=\"og:site_name\" content=\"O\u00f9 Sortir ? Lyon\" \/>\n<meta property=\"article:published_time\" content=\"2024-04-10T19:00:26+00:00\" \/>\n<meta property=\"article:modified_time\" content=\"2024-04-10T19:57:14+00:00\" \/>\n<meta property=\"og:image\" content=\"https:\/\/ousortirfrance.com\/lyon\/wp-content\/uploads\/sites\/8\/2024\/02\/LOGO-MONDOR-BLEU.png\" \/>\n\t<meta property=\"og:image:width\" content=\"1080\" \/>\n\t<meta property=\"og:image:height\" content=\"1080\" \/>\n\t<meta property=\"og:image:type\" content=\"image\/png\" \/>\n<meta name=\"author\" content=\"ousortiradmin\" \/>\n<meta name=\"twitter:card\" content=\"summary_large_image\" \/>\n<meta name=\"twitter:label1\" content=\"\u00c9crit par\" \/>\n\t<meta name=\"twitter:data1\" content=\"ousortiradmin\" \/>\n\t<meta name=\"twitter:label2\" content=\"Dur\u00e9e de lecture estim\u00e9e\" \/>\n\t<meta name=\"twitter:data2\" content=\"9 minutes\" \/>\n<script type=\"application\/ld+json\" class=\"yoast-schema-graph\">{\"@context\":\"https:\/\/schema.org\",\"@graph\":[{\"@type\":\"Article\",\"@id\":\"https:\/\/ousortirfrance.com\/lyon\/2024\/04\/10\/mondor-festival\/#article\",\"isPartOf\":{\"@id\":\"https:\/\/ousortirfrance.com\/lyon\/2024\/04\/10\/mondor-festival\/\"},\"author\":{\"name\":\"ousortiradmin\",\"@id\":\"https:\/\/ousortirfrance.com\/lyon\/#\/schema\/person\/3c733adf4044cd78f0a41a72a4e15a3f\"},\"headline\":\"Mondor Festival\",\"datePublished\":\"2024-04-10T19:00:26+00:00\",\"dateModified\":\"2024-04-10T19:57:14+00:00\",\"mainEntityOfPage\":{\"@id\":\"https:\/\/ousortirfrance.com\/lyon\/2024\/04\/10\/mondor-festival\/\"},\"wordCount\":961,\"publisher\":{\"@id\":\"https:\/\/ousortirfrance.com\/lyon\/#organization\"},\"articleSection\":[\"Actualit\u00e9\"],\"inLanguage\":\"fr-FR\"},{\"@type\":\"WebPage\",\"@id\":\"https:\/\/ousortirfrance.com\/lyon\/2024\/04\/10\/mondor-festival\/\",\"url\":\"https:\/\/ousortirfrance.com\/lyon\/2024\/04\/10\/mondor-festival\/\",\"name\":\"Mondor Festival | O\u00f9 Sortir ? Lyon\",\"isPartOf\":{\"@id\":\"https:\/\/ousortirfrance.com\/lyon\/#website\"},\"datePublished\":\"2024-04-10T19:00:26+00:00\",\"dateModified\":\"2024-04-10T19:57:14+00:00\",\"description\":\"R\u00e9servez votre samedi 22 juin pour assister \u00e0 la premi\u00e8re \u00e9dition du Mondor Festival ! Et d\u00e9couvrez ce qu'il contient dans notre article !\",\"breadcrumb\":{\"@id\":\"https:\/\/ousortirfrance.com\/lyon\/2024\/04\/10\/mondor-festival\/#breadcrumb\"},\"inLanguage\":\"fr-FR\",\"potentialAction\":[{\"@type\":\"ReadAction\",\"target\":[\"https:\/\/ousortirfrance.com\/lyon\/2024\/04\/10\/mondor-festival\/\"]}]},{\"@type\":\"BreadcrumbList\",\"@id\":\"https:\/\/ousortirfrance.com\/lyon\/2024\/04\/10\/mondor-festival\/#breadcrumb\",\"itemListElement\":[{\"@type\":\"ListItem\",\"position\":1,\"name\":\"Accueil\",\"item\":\"https:\/\/ousortirfrance.com\/lyon\/\"},{\"@type\":\"ListItem\",\"position\":2,\"name\":\"Mondor Festival\"}]},{\"@type\":\"WebSite\",\"@id\":\"https:\/\/ousortirfrance.com\/lyon\/#website\",\"url\":\"https:\/\/ousortirfrance.com\/lyon\/\",\"name\":\"O\u00f9 Sortir ? Lyon\",\"description\":\"Un site utilisant O\u00f9 Sortir ? France\",\"publisher\":{\"@id\":\"https:\/\/ousortirfrance.com\/lyon\/#organization\"},\"potentialAction\":[{\"@type\":\"SearchAction\",\"target\":{\"@type\":\"EntryPoint\",\"urlTemplate\":\"https:\/\/ousortirfrance.com\/lyon\/?s={search_term_string}\"},\"query-input\":\"required name=search_term_string\"}],\"inLanguage\":\"fr-FR\"},{\"@type\":\"Organization\",\"@id\":\"https:\/\/ousortirfrance.com\/lyon\/#organization\",\"name\":\"O\u00f9 Sortir ? Lyon\",\"url\":\"https:\/\/ousortirfrance.com\/lyon\/\",\"logo\":{\"@type\":\"ImageObject\",\"inLanguage\":\"fr-FR\",\"@id\":\"https:\/\/ousortirfrance.com\/lyon\/#\/schema\/logo\/image\/\",\"url\":\"https:\/\/ousortirfrance.com\/lyon\/wp-content\/uploads\/sites\/8\/2025\/05\/LYON-svg-blanc.svg\",\"contentUrl\":\"https:\/\/ousortirfrance.com\/lyon\/wp-content\/uploads\/sites\/8\/2025\/05\/LYON-svg-blanc.svg\",\"width\":1066,\"height\":585,\"caption\":\"O\u00f9 Sortir ? Lyon\"},\"image\":{\"@id\":\"https:\/\/ousortirfrance.com\/lyon\/#\/schema\/logo\/image\/\"}},{\"@type\":\"Person\",\"@id\":\"https:\/\/ousortirfrance.com\/lyon\/#\/schema\/person\/3c733adf4044cd78f0a41a72a4e15a3f\",\"name\":\"ousortiradmin\",\"image\":{\"@type\":\"ImageObject\",\"inLanguage\":\"fr-FR\",\"@id\":\"https:\/\/ousortirfrance.com\/lyon\/#\/schema\/person\/image\/\",\"url\":\"https:\/\/secure.gravatar.com\/avatar\/c1d9f80847945906653377be09895dab?s=96&d=mm&r=g\",\"contentUrl\":\"https:\/\/secure.gravatar.com\/avatar\/c1d9f80847945906653377be09895dab?s=96&d=mm&r=g\",\"caption\":\"ousortiradmin\"},\"url\":\"https:\/\/ousortirfrance.com\/lyon\/author\/ousortiradmin\/\"}]}<\/script>\n<!-- \/ Yoast SEO plugin. -->","yoast_head_json":{"title":"Mondor Festival | O\u00f9 Sortir ? Lyon","description":"R\u00e9servez votre samedi 22 juin pour assister \u00e0 la premi\u00e8re \u00e9dition du Mondor Festival ! Et d\u00e9couvrez ce qu'il contient dans notre article !","robots":{"index":"index","follow":"follow","max-snippet":"max-snippet:-1","max-image-preview":"max-image-preview:large","max-video-preview":"max-video-preview:-1"},"canonical":"https:\/\/ousortirfrance.com\/lyon\/2024\/04\/10\/mondor-festival\/","og_locale":"fr_FR","og_type":"article","og_title":"Mondor Festival | O\u00f9 Sortir ? Lyon","og_description":"R\u00e9servez votre samedi 22 juin pour assister \u00e0 la premi\u00e8re \u00e9dition du Mondor Festival ! Et d\u00e9couvrez ce qu'il contient dans notre article !","og_url":"https:\/\/ousortirfrance.com\/lyon\/2024\/04\/10\/mondor-festival\/","og_site_name":"O\u00f9 Sortir ? Lyon","article_published_time":"2024-04-10T19:00:26+00:00","article_modified_time":"2024-04-10T19:57:14+00:00","og_image":[{"width":1080,"height":1080,"url":"https:\/\/ousortirfrance.com\/lyon\/wp-content\/uploads\/sites\/8\/2024\/02\/LOGO-MONDOR-BLEU.png","type":"image\/png"}],"author":"ousortiradmin","twitter_card":"summary_large_image","twitter_misc":{"\u00c9crit par":"ousortiradmin","Dur\u00e9e de lecture estim\u00e9e":"9 minutes"},"schema":{"@context":"https:\/\/schema.org","@graph":[{"@type":"Article","@id":"https:\/\/ousortirfrance.com\/lyon\/2024\/04\/10\/mondor-festival\/#article","isPartOf":{"@id":"https:\/\/ousortirfrance.com\/lyon\/2024\/04\/10\/mondor-festival\/"},"author":{"name":"ousortiradmin","@id":"https:\/\/ousortirfrance.com\/lyon\/#\/schema\/person\/3c733adf4044cd78f0a41a72a4e15a3f"},"headline":"Mondor Festival","datePublished":"2024-04-10T19:00:26+00:00","dateModified":"2024-04-10T19:57:14+00:00","mainEntityOfPage":{"@id":"https:\/\/ousortirfrance.com\/lyon\/2024\/04\/10\/mondor-festival\/"},"wordCount":961,"publisher":{"@id":"https:\/\/ousortirfrance.com\/lyon\/#organization"},"articleSection":["Actualit\u00e9"],"inLanguage":"fr-FR"},{"@type":"WebPage","@id":"https:\/\/ousortirfrance.com\/lyon\/2024\/04\/10\/mondor-festival\/","url":"https:\/\/ousortirfrance.com\/lyon\/2024\/04\/10\/mondor-festival\/","name":"Mondor Festival | O\u00f9 Sortir ? Lyon","isPartOf":{"@id":"https:\/\/ousortirfrance.com\/lyon\/#website"},"datePublished":"2024-04-10T19:00:26+00:00","dateModified":"2024-04-10T19:57:14+00:00","description":"R\u00e9servez votre samedi 22 juin pour assister \u00e0 la premi\u00e8re \u00e9dition du Mondor Festival ! Et d\u00e9couvrez ce qu'il contient dans notre article !","breadcrumb":{"@id":"https:\/\/ousortirfrance.com\/lyon\/2024\/04\/10\/mondor-festival\/#breadcrumb"},"inLanguage":"fr-FR","potentialAction":[{"@type":"ReadAction","target":["https:\/\/ousortirfrance.com\/lyon\/2024\/04\/10\/mondor-festival\/"]}]},{"@type":"BreadcrumbList","@id":"https:\/\/ousortirfrance.com\/lyon\/2024\/04\/10\/mondor-festival\/#breadcrumb","itemListElement":[{"@type":"ListItem","position":1,"name":"Accueil","item":"https:\/\/ousortirfrance.com\/lyon\/"},{"@type":"ListItem","position":2,"name":"Mondor Festival"}]},{"@type":"WebSite","@id":"https:\/\/ousortirfrance.com\/lyon\/#website","url":"https:\/\/ousortirfrance.com\/lyon\/","name":"O\u00f9 Sortir ? Lyon","description":"Un site utilisant O\u00f9 Sortir ? France","publisher":{"@id":"https:\/\/ousortirfrance.com\/lyon\/#organization"},"potentialAction":[{"@type":"SearchAction","target":{"@type":"EntryPoint","urlTemplate":"https:\/\/ousortirfrance.com\/lyon\/?s={search_term_string}"},"query-input":"required name=search_term_string"}],"inLanguage":"fr-FR"},{"@type":"Organization","@id":"https:\/\/ousortirfrance.com\/lyon\/#organization","name":"O\u00f9 Sortir ? Lyon","url":"https:\/\/ousortirfrance.com\/lyon\/","logo":{"@type":"ImageObject","inLanguage":"fr-FR","@id":"https:\/\/ousortirfrance.com\/lyon\/#\/schema\/logo\/image\/","url":"https:\/\/ousortirfrance.com\/lyon\/wp-content\/uploads\/sites\/8\/2025\/05\/LYON-svg-blanc.svg","contentUrl":"https:\/\/ousortirfrance.com\/lyon\/wp-content\/uploads\/sites\/8\/2025\/05\/LYON-svg-blanc.svg","width":1066,"height":585,"caption":"O\u00f9 Sortir ? Lyon"},"image":{"@id":"https:\/\/ousortirfrance.com\/lyon\/#\/schema\/logo\/image\/"}},{"@type":"Person","@id":"https:\/\/ousortirfrance.com\/lyon\/#\/schema\/person\/3c733adf4044cd78f0a41a72a4e15a3f","name":"ousortiradmin","image":{"@type":"ImageObject","inLanguage":"fr-FR","@id":"https:\/\/ousortirfrance.com\/lyon\/#\/schema\/person\/image\/","url":"https:\/\/secure.gravatar.com\/avatar\/c1d9f80847945906653377be09895dab?s=96&d=mm&r=g","contentUrl":"https:\/\/secure.gravatar.com\/avatar\/c1d9f80847945906653377be09895dab?s=96&d=mm&r=g","caption":"ousortiradmin"},"url":"https:\/\/ousortirfrance.com\/lyon\/author\/ousortiradmin\/"}]}},"_links":{"self":[{"href":"https:\/\/ousortirfrance.com\/lyon\/wp-json\/wp\/v2\/posts\/13656"}],"collection":[{"href":"https:\/\/ousortirfrance.com\/lyon\/wp-json\/wp\/v2\/posts"}],"about":[{"href":"https:\/\/ousortirfrance.com\/lyon\/wp-json\/wp\/v2\/types\/post"}],"author":[{"embeddable":true,"href":"https:\/\/ousortirfrance.com\/lyon\/wp-json\/wp\/v2\/users\/3"}],"replies":[{"embeddable":true,"href":"https:\/\/ousortirfrance.com\/lyon\/wp-json\/wp\/v2\/comments?post=13656"}],"version-history":[{"count":65,"href":"https:\/\/ousortirfrance.com\/lyon\/wp-json\/wp\/v2\/posts\/13656\/revisions"}],"predecessor-version":[{"id":13877,"href":"https:\/\/ousortirfrance.com\/lyon\/wp-json\/wp\/v2\/posts\/13656\/revisions\/13877"}],"wp:featuredmedia":[{"embeddable":true,"href":"https:\/\/ousortirfrance.com\/lyon\/wp-json\/wp\/v2\/media\/13658"}],"wp:attachment":[{"href":"https:\/\/ousortirfrance.com\/lyon\/wp-json\/wp\/v2\/media?parent=13656"}],"wp:term":[{"taxonomy":"category","embeddable":true,"href":"https:\/\/ousortirfrance.com\/lyon\/wp-json\/wp\/v2\/categories?post=13656"},{"taxonomy":"post_tag","embeddable":true,"href":"https:\/\/ousortirfrance.com\/lyon\/wp-json\/wp\/v2\/tags?post=13656"}],"curies":[{"name":"wp","href":"https:\/\/api.w.org\/{rel}","templated":true}]}}