{"id":9077,"date":"2022-07-03T08:00:36","date_gmt":"2022-07-03T06:00:36","guid":{"rendered":"https:\/\/ousortirfrance.com\/lyon\/?p=9077"},"modified":"2022-07-20T15:57:21","modified_gmt":"2022-07-20T13:57:21","slug":"ou-prendre-des-photos","status":"publish","type":"post","link":"https:\/\/ousortirfrance.com\/lyon\/2022\/07\/03\/ou-prendre-des-photos\/","title":{"rendered":"O\u00f9 prendre des photos \u00e0 Lyon ?"},"content":{"rendered":"\t\t<div data-elementor-type=\"wp-post\" data-elementor-id=\"9077\" class=\"elementor elementor-9077\">\n\t\t\t\t\t\t\t\t\t<section class=\"elementor-section elementor-top-section elementor-element elementor-element-35af0dc0 elementor-section-full_width elementor-section-stretched elementor-section-height-default elementor-section-height-default\" data-id=\"35af0dc0\" data-element_type=\"section\" data-settings=\"{&quot;stretch_section&quot;:&quot;section-stretched&quot;}\">\n\t\t\t\t\t\t<div class=\"elementor-container elementor-column-gap-default\">\n\t\t\t\t\t<div class=\"elementor-column elementor-col-100 elementor-top-column elementor-element elementor-element-346310e7\" data-id=\"346310e7\" data-element_type=\"column\">\n\t\t\t<div class=\"elementor-widget-wrap elementor-element-populated\">\n\t\t\t\t\t\t\t\t<div class=\"elementor-element elementor-element-6a629d02 elementor-widget elementor-widget-elementskit-button\" data-id=\"6a629d02\" data-element_type=\"widget\" data-widget_type=\"elementskit-button.default\">\n\t\t\t\t<div class=\"elementor-widget-container\">\n\t\t\t<div class=\"ekit-wid-con\" >\t\t<div class=\"ekit-btn-wraper\">\n\t\t\t\t\t\t\t<a href=\"https:\/\/ousortirfrance.com\/lyon\/actualites\/\" class=\"elementskit-btn  whitespace--normal\" >\n\t\t\t\t\t\n\t\t\t\t\t<i aria-hidden=\"true\" class=\"fas fa-arrow-circle-left\"><\/i>\n\t\t\t\t\tretour \t\t\t\t<\/a>\n\t\t\t\t\t\t<\/div>\n        <\/div>\t\t<\/div>\n\t\t\t\t<\/div>\n\t\t\t\t<div class=\"elementor-element elementor-element-1e4adea2 elementor-widget elementor-widget-text-editor\" data-id=\"1e4adea2\" data-element_type=\"widget\" data-widget_type=\"text-editor.default\">\n\t\t\t\t<div class=\"elementor-widget-container\">\n\t\t\t<style>\/*! elementor - v3.13.3 - 28-05-2023 *\/\n.elementor-widget-text-editor.elementor-drop-cap-view-stacked .elementor-drop-cap{background-color:#69727d;color:#fff}.elementor-widget-text-editor.elementor-drop-cap-view-framed .elementor-drop-cap{color:#69727d;border:3px solid;background-color:transparent}.elementor-widget-text-editor:not(.elementor-drop-cap-view-default) .elementor-drop-cap{margin-top:8px}.elementor-widget-text-editor:not(.elementor-drop-cap-view-default) .elementor-drop-cap-letter{width:1em;height:1em}.elementor-widget-text-editor .elementor-drop-cap{float:left;text-align:center;line-height:1;font-size:50px}.elementor-widget-text-editor .elementor-drop-cap-letter{display:inline-block}<\/style>\t\t\t\t<p>Que ce soit pour nourrir votre feed Instagram ou simplement pour le plaisir,<br>Lyon regorge de lieux embl\u00e9matiques et originaux o\u00f9 prendre des photos !<\/p>\n<p>Voici un top 7 des meilleurs spots !<\/p>\n<p><\/p>\t\t\t\t\t\t<\/div>\n\t\t\t\t<\/div>\n\t\t\t\t\t<\/div>\n\t\t<\/div>\n\t\t\t\t\t\t\t<\/div>\n\t\t<\/section>\n\t\t\t\t<section class=\"elementor-section elementor-top-section elementor-element elementor-element-6453d36 elementor-section-full_width elementor-section-stretched elementor-section-height-default elementor-section-height-default\" data-id=\"6453d36\" data-element_type=\"section\" data-settings=\"{&quot;stretch_section&quot;:&quot;section-stretched&quot;}\">\n\t\t\t\t\t\t<div class=\"elementor-container elementor-column-gap-default\">\n\t\t\t\t\t<div class=\"elementor-column elementor-col-66 elementor-top-column elementor-element elementor-element-506cf249\" data-id=\"506cf249\" data-element_type=\"column\">\n\t\t\t<div class=\"elementor-widget-wrap elementor-element-populated\">\n\t\t\t\t\t\t\t\t<article class=\"elementor-section elementor-inner-section elementor-element elementor-element-1c3743ae elementor-section-content-middle elementor-section-full_width elementor-section-height-default elementor-section-height-default\" data-id=\"1c3743ae\" data-element_type=\"section\">\n\t\t\t\t\t\t<div class=\"elementor-container elementor-column-gap-default\">\n\t\t\t\t\t<div class=\"elementor-column elementor-col-50 elementor-inner-column elementor-element elementor-element-1395eb64\" data-id=\"1395eb64\" data-element_type=\"column\">\n\t\t\t<div class=\"elementor-widget-wrap elementor-element-populated\">\n\t\t\t\t\t\t\t\t<div class=\"elementor-element elementor-element-1ad09a4 elementor-widget elementor-widget-heading\" data-id=\"1ad09a4\" data-element_type=\"widget\" data-widget_type=\"heading.default\">\n\t\t\t\t<div class=\"elementor-widget-container\">\n\t\t\t<style>\/*! elementor - v3.13.3 - 28-05-2023 *\/\n.elementor-heading-title{padding:0;margin:0;line-height:1}.elementor-widget-heading .elementor-heading-title[class*=elementor-size-]>a{color:inherit;font-size:inherit;line-height:inherit}.elementor-widget-heading .elementor-heading-title.elementor-size-small{font-size:15px}.elementor-widget-heading .elementor-heading-title.elementor-size-medium{font-size:19px}.elementor-widget-heading .elementor-heading-title.elementor-size-large{font-size:29px}.elementor-widget-heading .elementor-heading-title.elementor-size-xl{font-size:39px}.elementor-widget-heading .elementor-heading-title.elementor-size-xxl{font-size:59px}<\/style><h2 class=\"elementor-heading-title elementor-size-default\">L'escalier Mermet<\/h2>\t\t<\/div>\n\t\t\t\t<\/div>\n\t\t\t\t<div class=\"elementor-element elementor-element-7aa1b6df elementor-widget elementor-widget-text-editor\" data-id=\"7aa1b6df\" data-element_type=\"widget\" data-widget_type=\"text-editor.default\">\n\t\t\t\t<div class=\"elementor-widget-container\">\n\t\t\t\t\t\t\t<p>Commen\u00e7ons ce top en force avec l&rsquo;escalier Mermet ! Les habitants du 1er arrondissement accompagn\u00e9s du street artist Wenc ont r\u00e9alis\u00e9 sur ces 80 marches une fresque bleue, blanche et jaune !<\/p><p>Le r\u00e9sultat : un superbe d\u00e9calage entre les b\u00e2timents anciens et cette fresque moderne aux couleurs vives !<\/p><p>Vous pouvez y prendre des photos les yeux ferm\u00e9s : le r\u00e9sultat sera g\u00e9nial !<\/p>\t\t\t\t\t\t<\/div>\n\t\t\t\t<\/div>\n\t\t\t\t\t<\/div>\n\t\t<\/div>\n\t\t\t\t<div class=\"elementor-column elementor-col-50 elementor-inner-column elementor-element elementor-element-6c802453\" data-id=\"6c802453\" data-element_type=\"column\">\n\t\t\t<div class=\"elementor-widget-wrap elementor-element-populated\">\n\t\t\t\t\t\t\t\t<div class=\"elementor-element elementor-element-19030cde elementor-widget elementor-widget-image\" data-id=\"19030cde\" data-element_type=\"widget\" data-widget_type=\"image.default\">\n\t\t\t\t<div class=\"elementor-widget-container\">\n\t\t\t<style>\/*! elementor - v3.13.3 - 28-05-2023 *\/\n.elementor-widget-image{text-align:center}.elementor-widget-image a{display:inline-block}.elementor-widget-image a img[src$=\".svg\"]{width:48px}.elementor-widget-image img{vertical-align:middle;display:inline-block}<\/style>\t\t\t\t\t\t\t\t\t<figure class=\"wp-caption\">\n\t\t\t\t\t\t\t\t\t\t<img decoding=\"async\" width=\"729\" height=\"1023\" src=\"https:\/\/ousortirfrance.com\/lyon\/wp-content\/uploads\/sites\/8\/2022\/05\/Escalier-Mermet.jpg\" class=\"attachment-large size-large wp-image-9079\" alt=\"Escalier Mermet \u00e0 Lyon \u00a9 Laetitia.p_lyon\" loading=\"lazy\" srcset=\"https:\/\/ousortirfrance.com\/lyon\/wp-content\/uploads\/sites\/8\/2022\/05\/Escalier-Mermet.jpg 729w, https:\/\/ousortirfrance.com\/lyon\/wp-content\/uploads\/sites\/8\/2022\/05\/Escalier-Mermet-214x300.jpg 214w\" sizes=\"(max-width: 729px) 100vw, 729px\" \/>\t\t\t\t\t\t\t\t\t\t\t<figcaption class=\"widget-image-caption wp-caption-text\">Escalier Mermet \u00e0 Lyon \u00a9 Laetitia.p_lyon<\/figcaption>\n\t\t\t\t\t\t\t\t\t\t<\/figure>\n\t\t\t\t\t\t\t\t\t<\/div>\n\t\t\t\t<\/div>\n\t\t\t\t\t<\/div>\n\t\t<\/div>\n\t\t\t\t\t\t\t<\/div>\n\t\t<\/article>\n\t\t\t\t\t<\/div>\n\t\t<\/div>\n\t\t\t\t<aside class=\"elementor-column elementor-col-33 elementor-top-column elementor-element elementor-element-1bf331a1\" data-id=\"1bf331a1\" data-element_type=\"column\" data-settings=\"{&quot;background_background&quot;:&quot;classic&quot;}\">\n\t\t\t<div class=\"elementor-widget-wrap elementor-element-populated\">\n\t\t\t\t\t\t\t\t<section class=\"elementor-section elementor-inner-section elementor-element elementor-element-5d3e0be6 sidebar-is-sticky elementor-section-boxed elementor-section-height-default elementor-section-height-default\" data-id=\"5d3e0be6\" data-element_type=\"section\">\n\t\t\t\t\t\t<div class=\"elementor-container elementor-column-gap-default\">\n\t\t\t\t\t<div class=\"elementor-column elementor-col-100 elementor-inner-column elementor-element elementor-element-609ab4bd\" data-id=\"609ab4bd\" data-element_type=\"column\">\n\t\t\t<div class=\"elementor-widget-wrap elementor-element-populated\">\n\t\t\t\t\t\t\t\t<div class=\"elementor-element elementor-element-32b3d2e9 elementor-widget elementor-widget-heading\" data-id=\"32b3d2e9\" data-element_type=\"widget\" data-widget_type=\"heading.default\">\n\t\t\t\t<div class=\"elementor-widget-container\">\n\t\t\t<p class=\"elementor-heading-title elementor-size-default\">Informations pratiques<\/p>\t\t<\/div>\n\t\t\t\t<\/div>\n\t\t\t\t<div class=\"elementor-element elementor-element-114a0b61 elementor-align-left elementor-icon-list--layout-traditional elementor-list-item-link-full_width elementor-widget elementor-widget-icon-list\" data-id=\"114a0b61\" data-element_type=\"widget\" data-widget_type=\"icon-list.default\">\n\t\t\t\t<div class=\"elementor-widget-container\">\n\t\t\t<link rel=\"stylesheet\" href=\"https:\/\/ousortirfrance.com\/lyon\/wp-content\/plugins\/elementor\/assets\/css\/widget-icon-list.min.css\">\t\t<ul class=\"elementor-icon-list-items\">\n\t\t\t\t\t\t\t<li class=\"elementor-icon-list-item\">\n\t\t\t\t\t\t\t\t\t\t\t<span class=\"elementor-icon-list-icon\">\n\t\t\t\t\t\t\t<i aria-hidden=\"true\" class=\"fas fa-camera\"><\/i>\t\t\t\t\t\t<\/span>\n\t\t\t\t\t\t\t\t\t\t<span class=\"elementor-icon-list-text\">Photo<\/span>\n\t\t\t\t\t\t\t\t\t<\/li>\n\t\t\t\t\t\t\t\t<li class=\"elementor-icon-list-item\">\n\t\t\t\t\t\t\t\t\t\t\t<a href=\"https:\/\/www.google.com\/maps\/place\/Escalier+Mermet\/@45.7702608,4.8317426,17z\/data=!3m1!4b1!4m5!3m4!1s0x47f4ebf795c3260f:0x9192e68cb5027c5c!8m2!3d45.7699786!4d4.8340147\">\n\n\t\t\t\t\t\t\t\t\t\t\t\t<span class=\"elementor-icon-list-icon\">\n\t\t\t\t\t\t\t<i aria-hidden=\"true\" class=\"fas fa-map-marker-alt\"><\/i>\t\t\t\t\t\t<\/span>\n\t\t\t\t\t\t\t\t\t\t<span class=\"elementor-icon-list-text\">25 Rue Ren\u00e9 Leynaud <br>Lyon 1<\/span>\n\t\t\t\t\t\t\t\t\t\t\t<\/a>\n\t\t\t\t\t\t\t\t\t<\/li>\n\t\t\t\t\t\t<\/ul>\n\t\t\t\t<\/div>\n\t\t\t\t<\/div>\n\t\t\t\t\t<\/div>\n\t\t<\/div>\n\t\t\t\t\t\t\t<\/div>\n\t\t<\/section>\n\t\t\t\t\t<\/div>\n\t\t<\/aside>\n\t\t\t\t\t\t\t<\/div>\n\t\t<\/section>\n\t\t\t\t<section class=\"elementor-section elementor-top-section elementor-element elementor-element-78e26723 elementor-section-full_width elementor-section-stretched elementor-section-height-default elementor-section-height-default\" data-id=\"78e26723\" data-element_type=\"section\" data-settings=\"{&quot;stretch_section&quot;:&quot;section-stretched&quot;}\">\n\t\t\t\t\t\t<div class=\"elementor-container elementor-column-gap-default\">\n\t\t\t\t\t<div class=\"elementor-column elementor-col-66 elementor-top-column elementor-element elementor-element-16b1ccfa\" data-id=\"16b1ccfa\" data-element_type=\"column\">\n\t\t\t<div class=\"elementor-widget-wrap elementor-element-populated\">\n\t\t\t\t\t\t\t\t<article class=\"elementor-section elementor-inner-section elementor-element elementor-element-750a5cb0 elementor-section-content-middle elementor-section-full_width elementor-section-height-default elementor-section-height-default\" data-id=\"750a5cb0\" data-element_type=\"section\">\n\t\t\t\t\t\t<div class=\"elementor-container elementor-column-gap-default\">\n\t\t\t\t\t<div class=\"elementor-column elementor-col-50 elementor-inner-column elementor-element elementor-element-f58d5ba\" data-id=\"f58d5ba\" data-element_type=\"column\">\n\t\t\t<div class=\"elementor-widget-wrap elementor-element-populated\">\n\t\t\t\t\t\t\t\t<div class=\"elementor-element elementor-element-6b97cac elementor-widget elementor-widget-image\" data-id=\"6b97cac\" data-element_type=\"widget\" data-widget_type=\"image.default\">\n\t\t\t\t<div class=\"elementor-widget-container\">\n\t\t\t\t\t\t\t\t\t\t\t\t<figure class=\"wp-caption\">\n\t\t\t\t\t\t\t\t\t\t<img decoding=\"async\" width=\"1024\" height=\"1010\" src=\"https:\/\/ousortirfrance.com\/lyon\/wp-content\/uploads\/sites\/8\/2022\/05\/Escalier-Prunelle-1024x1010.jpg\" class=\"attachment-large size-large wp-image-9080\" alt=\"Escalier Prunelle \u00e0 Lyon\" loading=\"lazy\" srcset=\"https:\/\/ousortirfrance.com\/lyon\/wp-content\/uploads\/sites\/8\/2022\/05\/Escalier-Prunelle-1024x1010.jpg 1024w, https:\/\/ousortirfrance.com\/lyon\/wp-content\/uploads\/sites\/8\/2022\/05\/Escalier-Prunelle-300x296.jpg 300w, https:\/\/ousortirfrance.com\/lyon\/wp-content\/uploads\/sites\/8\/2022\/05\/Escalier-Prunelle-768x757.jpg 768w, https:\/\/ousortirfrance.com\/lyon\/wp-content\/uploads\/sites\/8\/2022\/05\/Escalier-Prunelle.jpg 1150w\" sizes=\"(max-width: 1024px) 100vw, 1024px\" \/>\t\t\t\t\t\t\t\t\t\t\t<figcaption class=\"widget-image-caption wp-caption-text\">Escalier Prunelle \u00e0 Lyon<\/figcaption>\n\t\t\t\t\t\t\t\t\t\t<\/figure>\n\t\t\t\t\t\t\t\t\t<\/div>\n\t\t\t\t<\/div>\n\t\t\t\t\t<\/div>\n\t\t<\/div>\n\t\t\t\t<div class=\"elementor-column elementor-col-50 elementor-inner-column elementor-element elementor-element-6297cbe7\" data-id=\"6297cbe7\" data-element_type=\"column\">\n\t\t\t<div class=\"elementor-widget-wrap elementor-element-populated\">\n\t\t\t\t\t\t\t\t<div class=\"elementor-element elementor-element-583adc7a elementor-widget elementor-widget-heading\" data-id=\"583adc7a\" data-element_type=\"widget\" data-widget_type=\"heading.default\">\n\t\t\t\t<div class=\"elementor-widget-container\">\n\t\t\t<h2 class=\"elementor-heading-title elementor-size-default\">L'escalier Prunelle<\/h2>\t\t<\/div>\n\t\t\t\t<\/div>\n\t\t\t\t<div class=\"elementor-element elementor-element-4e915b74 elementor-widget elementor-widget-text-editor\" data-id=\"4e915b74\" data-element_type=\"widget\" data-widget_type=\"text-editor.default\">\n\t\t\t\t<div class=\"elementor-widget-container\">\n\t\t\t\t\t\t\t<p>Restons dans le domaine des escaliers avec celui de Prunelle !<\/p><p>L&rsquo;artiste Genaro Lopez nous fait voyager en Am\u00e9rique du sud, avec des motifs et des couleurs typiques !<\/p><p>Le d\u00e9cor est parfait pour colorer votre feed !<\/p>\t\t\t\t\t\t<\/div>\n\t\t\t\t<\/div>\n\t\t\t\t\t<\/div>\n\t\t<\/div>\n\t\t\t\t\t\t\t<\/div>\n\t\t<\/article>\n\t\t\t\t\t<\/div>\n\t\t<\/div>\n\t\t\t\t<aside class=\"elementor-column elementor-col-33 elementor-top-column elementor-element elementor-element-28d90290\" data-id=\"28d90290\" data-element_type=\"column\" data-settings=\"{&quot;background_background&quot;:&quot;classic&quot;}\">\n\t\t\t<div class=\"elementor-widget-wrap elementor-element-populated\">\n\t\t\t\t\t\t\t\t<section class=\"elementor-section elementor-inner-section elementor-element elementor-element-60057b2e sidebar-is-sticky elementor-section-boxed elementor-section-height-default elementor-section-height-default\" data-id=\"60057b2e\" data-element_type=\"section\">\n\t\t\t\t\t\t<div class=\"elementor-container elementor-column-gap-default\">\n\t\t\t\t\t<div class=\"elementor-column elementor-col-100 elementor-inner-column elementor-element elementor-element-10b25fc2\" data-id=\"10b25fc2\" data-element_type=\"column\">\n\t\t\t<div class=\"elementor-widget-wrap elementor-element-populated\">\n\t\t\t\t\t\t\t\t<div class=\"elementor-element elementor-element-dc765e7 elementor-widget elementor-widget-heading\" data-id=\"dc765e7\" data-element_type=\"widget\" data-widget_type=\"heading.default\">\n\t\t\t\t<div class=\"elementor-widget-container\">\n\t\t\t<p class=\"elementor-heading-title elementor-size-default\">Informations pratiques<\/p>\t\t<\/div>\n\t\t\t\t<\/div>\n\t\t\t\t<div class=\"elementor-element elementor-element-10ac77e9 elementor-align-left elementor-icon-list--layout-traditional elementor-list-item-link-full_width elementor-widget elementor-widget-icon-list\" data-id=\"10ac77e9\" data-element_type=\"widget\" data-widget_type=\"icon-list.default\">\n\t\t\t\t<div class=\"elementor-widget-container\">\n\t\t\t\t\t<ul class=\"elementor-icon-list-items\">\n\t\t\t\t\t\t\t<li class=\"elementor-icon-list-item\">\n\t\t\t\t\t\t\t\t\t\t\t<span class=\"elementor-icon-list-icon\">\n\t\t\t\t\t\t\t<i aria-hidden=\"true\" class=\"fas fa-camera\"><\/i>\t\t\t\t\t\t<\/span>\n\t\t\t\t\t\t\t\t\t\t<span class=\"elementor-icon-list-text\">Photo<\/span>\n\t\t\t\t\t\t\t\t\t<\/li>\n\t\t\t\t\t\t\t\t<li class=\"elementor-icon-list-item\">\n\t\t\t\t\t\t\t\t\t\t\t<a href=\"https:\/\/www.google.com\/maps\/place\/Escaliers+Prunelle\/@45.7701365,4.8235315,17z\/data=!3m1!4b1!4m5!3m4!1s0x47f4eb03f248d275:0x35e08dcce66843e8!8m2!3d45.7701365!4d4.8257202\">\n\n\t\t\t\t\t\t\t\t\t\t\t\t<span class=\"elementor-icon-list-icon\">\n\t\t\t\t\t\t\t<i aria-hidden=\"true\" class=\"fas fa-map-marker-alt\"><\/i>\t\t\t\t\t\t<\/span>\n\t\t\t\t\t\t\t\t\t\t<span class=\"elementor-icon-list-text\">2 Rue Prunelle<br>Lyon 1<\/span>\n\t\t\t\t\t\t\t\t\t\t\t<\/a>\n\t\t\t\t\t\t\t\t\t<\/li>\n\t\t\t\t\t\t<\/ul>\n\t\t\t\t<\/div>\n\t\t\t\t<\/div>\n\t\t\t\t\t<\/div>\n\t\t<\/div>\n\t\t\t\t\t\t\t<\/div>\n\t\t<\/section>\n\t\t\t\t\t<\/div>\n\t\t<\/aside>\n\t\t\t\t\t\t\t<\/div>\n\t\t<\/section>\n\t\t\t\t<section class=\"elementor-section elementor-top-section elementor-element elementor-element-7d4b7edd elementor-section-full_width elementor-section-stretched elementor-section-height-default elementor-section-height-default\" data-id=\"7d4b7edd\" data-element_type=\"section\" data-settings=\"{&quot;stretch_section&quot;:&quot;section-stretched&quot;}\">\n\t\t\t\t\t\t<div class=\"elementor-container elementor-column-gap-default\">\n\t\t\t\t\t<div class=\"elementor-column elementor-col-66 elementor-top-column elementor-element elementor-element-262be661\" data-id=\"262be661\" data-element_type=\"column\">\n\t\t\t<div class=\"elementor-widget-wrap elementor-element-populated\">\n\t\t\t\t\t\t\t\t<article class=\"elementor-section elementor-inner-section elementor-element elementor-element-7b87463a elementor-section-content-middle elementor-section-full_width elementor-section-height-default elementor-section-height-default\" data-id=\"7b87463a\" data-element_type=\"section\">\n\t\t\t\t\t\t<div class=\"elementor-container elementor-column-gap-default\">\n\t\t\t\t\t<div class=\"elementor-column elementor-col-50 elementor-inner-column elementor-element elementor-element-44d7ea28\" data-id=\"44d7ea28\" data-element_type=\"column\">\n\t\t\t<div class=\"elementor-widget-wrap elementor-element-populated\">\n\t\t\t\t\t\t\t\t<div class=\"elementor-element elementor-element-24f8a0 elementor-widget elementor-widget-heading\" data-id=\"24f8a0\" data-element_type=\"widget\" data-widget_type=\"heading.default\">\n\t\t\t\t<div class=\"elementor-widget-container\">\n\t\t\t<h2 class=\"elementor-heading-title elementor-size-default\">Le jardin Rosa Mir<\/h2>\t\t<\/div>\n\t\t\t\t<\/div>\n\t\t\t\t<div class=\"elementor-element elementor-element-259205ee elementor-widget elementor-widget-text-editor\" data-id=\"259205ee\" data-element_type=\"widget\" data-widget_type=\"text-editor.default\">\n\t\t\t\t<div class=\"elementor-widget-container\">\n\t\t\t\t\t\t\t<p>Ce jardin est une petite p\u00e9pite nich\u00e9e dans la grand rue de la Croix-Rousse.<\/p><p>Jules Senis, ma\u00e7on, a accumul\u00e9 d\u00e8s 1958, des coquillages et des cailloux pour faire de cet endroit un lieu fantastique.<\/p><p>Le jardin s&rsquo;inspire de l&rsquo;architecture que l&rsquo;on peut contempler en Espagne, le pays d&rsquo;origine de M.Senis.<\/p><p>R\u00e9sultat : un endroit grandiose et d\u00e9paysant incontournable pour prendre des photos \u00e0 Lyon.<\/p><p>Le lieu n&rsquo;est pas sans rappeler le style du <a href=\"https:\/\/ousortirfrance.com\/lyon\/2022\/04\/28\/le-palais-ideal-du-facteur-cheval\/\">Palais Id\u00e9al du Facteur Cheval<\/a> (on vous joint l&rsquo;article \u00e0 ce sujet !).<\/p>\t\t\t\t\t\t<\/div>\n\t\t\t\t<\/div>\n\t\t\t\t\t<\/div>\n\t\t<\/div>\n\t\t\t\t<div class=\"elementor-column elementor-col-50 elementor-inner-column elementor-element elementor-element-71622784\" data-id=\"71622784\" data-element_type=\"column\">\n\t\t\t<div class=\"elementor-widget-wrap elementor-element-populated\">\n\t\t\t\t\t\t\t\t<div class=\"elementor-element elementor-element-771db855 elementor-widget elementor-widget-image\" data-id=\"771db855\" data-element_type=\"widget\" data-widget_type=\"image.default\">\n\t\t\t\t<div class=\"elementor-widget-container\">\n\t\t\t\t\t\t\t\t\t\t\t\t<figure class=\"wp-caption\">\n\t\t\t\t\t\t\t\t\t\t<img decoding=\"async\" width=\"1024\" height=\"708\" src=\"https:\/\/ousortirfrance.com\/lyon\/wp-content\/uploads\/sites\/8\/2022\/05\/Jardin-Rosa-Mir-1024x708.jpg\" class=\"attachment-large size-large wp-image-9081\" alt=\"Jardin Rosa Mir \u00e0 Lyon \u00a9 Petitpaume.com\" loading=\"lazy\" srcset=\"https:\/\/ousortirfrance.com\/lyon\/wp-content\/uploads\/sites\/8\/2022\/05\/Jardin-Rosa-Mir-1024x708.jpg 1024w, https:\/\/ousortirfrance.com\/lyon\/wp-content\/uploads\/sites\/8\/2022\/05\/Jardin-Rosa-Mir-300x207.jpg 300w, https:\/\/ousortirfrance.com\/lyon\/wp-content\/uploads\/sites\/8\/2022\/05\/Jardin-Rosa-Mir-768x531.jpg 768w, https:\/\/ousortirfrance.com\/lyon\/wp-content\/uploads\/sites\/8\/2022\/05\/Jardin-Rosa-Mir-1536x1062.jpg 1536w, https:\/\/ousortirfrance.com\/lyon\/wp-content\/uploads\/sites\/8\/2022\/05\/Jardin-Rosa-Mir.jpg 1598w\" sizes=\"(max-width: 1024px) 100vw, 1024px\" \/>\t\t\t\t\t\t\t\t\t\t\t<figcaption class=\"widget-image-caption wp-caption-text\">Jardin Rosa Mir \u00a9 Petitpaume.com<\/figcaption>\n\t\t\t\t\t\t\t\t\t\t<\/figure>\n\t\t\t\t\t\t\t\t\t<\/div>\n\t\t\t\t<\/div>\n\t\t\t\t\t<\/div>\n\t\t<\/div>\n\t\t\t\t\t\t\t<\/div>\n\t\t<\/article>\n\t\t\t\t\t<\/div>\n\t\t<\/div>\n\t\t\t\t<aside class=\"elementor-column elementor-col-33 elementor-top-column elementor-element elementor-element-12281551\" data-id=\"12281551\" data-element_type=\"column\" data-settings=\"{&quot;background_background&quot;:&quot;classic&quot;}\">\n\t\t\t<div class=\"elementor-widget-wrap elementor-element-populated\">\n\t\t\t\t\t\t\t\t<section class=\"elementor-section elementor-inner-section elementor-element elementor-element-3c47148 sidebar-is-sticky elementor-section-boxed elementor-section-height-default elementor-section-height-default\" data-id=\"3c47148\" data-element_type=\"section\">\n\t\t\t\t\t\t<div class=\"elementor-container elementor-column-gap-default\">\n\t\t\t\t\t<div class=\"elementor-column elementor-col-100 elementor-inner-column elementor-element elementor-element-225a7d7\" data-id=\"225a7d7\" data-element_type=\"column\">\n\t\t\t<div class=\"elementor-widget-wrap elementor-element-populated\">\n\t\t\t\t\t\t\t\t<div class=\"elementor-element elementor-element-446b79dc elementor-widget elementor-widget-heading\" data-id=\"446b79dc\" data-element_type=\"widget\" data-widget_type=\"heading.default\">\n\t\t\t\t<div class=\"elementor-widget-container\">\n\t\t\t<p class=\"elementor-heading-title elementor-size-default\">Informations pratiques<\/p>\t\t<\/div>\n\t\t\t\t<\/div>\n\t\t\t\t<div class=\"elementor-element elementor-element-25074379 elementor-align-left elementor-icon-list--layout-traditional elementor-list-item-link-full_width elementor-widget elementor-widget-icon-list\" data-id=\"25074379\" data-element_type=\"widget\" data-widget_type=\"icon-list.default\">\n\t\t\t\t<div class=\"elementor-widget-container\">\n\t\t\t\t\t<ul class=\"elementor-icon-list-items\">\n\t\t\t\t\t\t\t<li class=\"elementor-icon-list-item\">\n\t\t\t\t\t\t\t\t\t\t\t<span class=\"elementor-icon-list-icon\">\n\t\t\t\t\t\t\t<i aria-hidden=\"true\" class=\"fas fa-camera\"><\/i>\t\t\t\t\t\t<\/span>\n\t\t\t\t\t\t\t\t\t\t<span class=\"elementor-icon-list-text\">Photo<\/span>\n\t\t\t\t\t\t\t\t\t<\/li>\n\t\t\t\t\t\t\t\t<li class=\"elementor-icon-list-item\">\n\t\t\t\t\t\t\t\t\t\t\t<a href=\"https:\/\/www.google.com\/maps\/place\/Jardin+Rosa+Mir\/@45.7807612,4.8302109,17z\/data=!3m1!4b1!4m5!3m4!1s0x47f4eae02af7a7ff:0x2943e5cf33e2720e!8m2!3d45.7807612!4d4.8323996\">\n\n\t\t\t\t\t\t\t\t\t\t\t\t<span class=\"elementor-icon-list-icon\">\n\t\t\t\t\t\t\t<i aria-hidden=\"true\" class=\"fas fa-map-marker-alt\"><\/i>\t\t\t\t\t\t<\/span>\n\t\t\t\t\t\t\t\t\t\t<span class=\"elementor-icon-list-text\">87 Gd Rue de la Croix-Rousse , <br>Lyon 4<\/span>\n\t\t\t\t\t\t\t\t\t\t\t<\/a>\n\t\t\t\t\t\t\t\t\t<\/li>\n\t\t\t\t\t\t<\/ul>\n\t\t\t\t<\/div>\n\t\t\t\t<\/div>\n\t\t\t\t\t<\/div>\n\t\t<\/div>\n\t\t\t\t\t\t\t<\/div>\n\t\t<\/section>\n\t\t\t\t\t<\/div>\n\t\t<\/aside>\n\t\t\t\t\t\t\t<\/div>\n\t\t<\/section>\n\t\t\t\t<section class=\"elementor-section elementor-top-section elementor-element elementor-element-40acc07f elementor-section-full_width elementor-section-stretched elementor-section-height-default elementor-section-height-default\" data-id=\"40acc07f\" data-element_type=\"section\" data-settings=\"{&quot;stretch_section&quot;:&quot;section-stretched&quot;}\">\n\t\t\t\t\t\t<div class=\"elementor-container elementor-column-gap-default\">\n\t\t\t\t\t<div class=\"elementor-column elementor-col-66 elementor-top-column elementor-element elementor-element-78d4bc10\" data-id=\"78d4bc10\" data-element_type=\"column\">\n\t\t\t<div class=\"elementor-widget-wrap elementor-element-populated\">\n\t\t\t\t\t\t\t\t<article class=\"elementor-section elementor-inner-section elementor-element elementor-element-50b854bc elementor-section-content-middle elementor-section-full_width elementor-section-height-default elementor-section-height-default\" data-id=\"50b854bc\" data-element_type=\"section\">\n\t\t\t\t\t\t<div class=\"elementor-container elementor-column-gap-default\">\n\t\t\t\t\t<div class=\"elementor-column elementor-col-50 elementor-inner-column elementor-element elementor-element-2cdf1b2f\" data-id=\"2cdf1b2f\" data-element_type=\"column\">\n\t\t\t<div class=\"elementor-widget-wrap elementor-element-populated\">\n\t\t\t\t\t\t\t\t<div class=\"elementor-element elementor-element-4f1d43f elementor-widget elementor-widget-image\" data-id=\"4f1d43f\" data-element_type=\"widget\" data-widget_type=\"image.default\">\n\t\t\t\t<div class=\"elementor-widget-container\">\n\t\t\t\t\t\t\t\t\t\t\t\t<figure class=\"wp-caption\">\n\t\t\t\t\t\t\t\t\t\t<img decoding=\"async\" width=\"1024\" height=\"682\" src=\"https:\/\/ousortirfrance.com\/lyon\/wp-content\/uploads\/sites\/8\/2022\/05\/Tour-rose-1024x682.jpeg\" class=\"attachment-large size-large wp-image-9082\" alt=\"Cour de la Tour rose Lyon \u00a9Anne Bouaziz \/ Actu Lyon\" loading=\"lazy\" srcset=\"https:\/\/ousortirfrance.com\/lyon\/wp-content\/uploads\/sites\/8\/2022\/05\/Tour-rose-1024x682.jpeg 1024w, https:\/\/ousortirfrance.com\/lyon\/wp-content\/uploads\/sites\/8\/2022\/05\/Tour-rose-300x200.jpeg 300w, https:\/\/ousortirfrance.com\/lyon\/wp-content\/uploads\/sites\/8\/2022\/05\/Tour-rose-768x512.jpeg 768w, https:\/\/ousortirfrance.com\/lyon\/wp-content\/uploads\/sites\/8\/2022\/05\/Tour-rose.jpeg 1280w\" sizes=\"(max-width: 1024px) 100vw, 1024px\" \/>\t\t\t\t\t\t\t\t\t\t\t<figcaption class=\"widget-image-caption wp-caption-text\">Cour de la Tour rose \u00a9Anne Bouaziz \/ Actu Lyon<\/figcaption>\n\t\t\t\t\t\t\t\t\t\t<\/figure>\n\t\t\t\t\t\t\t\t\t<\/div>\n\t\t\t\t<\/div>\n\t\t\t\t\t<\/div>\n\t\t<\/div>\n\t\t\t\t<div class=\"elementor-column elementor-col-50 elementor-inner-column elementor-element elementor-element-9d0ad2\" data-id=\"9d0ad2\" data-element_type=\"column\">\n\t\t\t<div class=\"elementor-widget-wrap elementor-element-populated\">\n\t\t\t\t\t\t\t\t<div class=\"elementor-element elementor-element-3fc986c9 elementor-widget elementor-widget-heading\" data-id=\"3fc986c9\" data-element_type=\"widget\" data-widget_type=\"heading.default\">\n\t\t\t\t<div class=\"elementor-widget-container\">\n\t\t\t<h2 class=\"elementor-heading-title elementor-size-default\">La cour de la Tour Rose<\/h2>\t\t<\/div>\n\t\t\t\t<\/div>\n\t\t\t\t<div class=\"elementor-element elementor-element-3d428ed6 elementor-widget elementor-widget-text-editor\" data-id=\"3d428ed6\" data-element_type=\"widget\" data-widget_type=\"text-editor.default\">\n\t\t\t\t<div class=\"elementor-widget-container\">\n\t\t\t\t\t\t\t<p>Totalement invisible depuis l&rsquo;ext\u00e9rieur, la Tour Rose se trouve au c\u0153ur de l&rsquo;une des plus belles traboules de Lyon.<\/p><p>Son nom est \u00e9videmment d\u00fb \u00e0 la magnifique couleur de son cr\u00e9pis.<\/p><p>Un endroit isol\u00e9, id\u00e9al pour prendre des photos !<\/p>\t\t\t\t\t\t<\/div>\n\t\t\t\t<\/div>\n\t\t\t\t\t<\/div>\n\t\t<\/div>\n\t\t\t\t\t\t\t<\/div>\n\t\t<\/article>\n\t\t\t\t\t<\/div>\n\t\t<\/div>\n\t\t\t\t<aside class=\"elementor-column elementor-col-33 elementor-top-column elementor-element elementor-element-3d9cb2c2\" data-id=\"3d9cb2c2\" data-element_type=\"column\" data-settings=\"{&quot;background_background&quot;:&quot;classic&quot;}\">\n\t\t\t<div class=\"elementor-widget-wrap elementor-element-populated\">\n\t\t\t\t\t\t\t\t<section class=\"elementor-section elementor-inner-section elementor-element elementor-element-14d2e024 sidebar-is-sticky elementor-section-boxed elementor-section-height-default elementor-section-height-default\" data-id=\"14d2e024\" data-element_type=\"section\">\n\t\t\t\t\t\t<div class=\"elementor-container elementor-column-gap-default\">\n\t\t\t\t\t<div class=\"elementor-column elementor-col-100 elementor-inner-column elementor-element elementor-element-5b31194a\" data-id=\"5b31194a\" data-element_type=\"column\">\n\t\t\t<div class=\"elementor-widget-wrap elementor-element-populated\">\n\t\t\t\t\t\t\t\t<div class=\"elementor-element elementor-element-46ec48de elementor-widget elementor-widget-heading\" data-id=\"46ec48de\" data-element_type=\"widget\" data-widget_type=\"heading.default\">\n\t\t\t\t<div class=\"elementor-widget-container\">\n\t\t\t<p class=\"elementor-heading-title elementor-size-default\">Informations pratiques<\/p>\t\t<\/div>\n\t\t\t\t<\/div>\n\t\t\t\t<div class=\"elementor-element elementor-element-7fd4e66f elementor-align-left elementor-icon-list--layout-traditional elementor-list-item-link-full_width elementor-widget elementor-widget-icon-list\" data-id=\"7fd4e66f\" data-element_type=\"widget\" data-widget_type=\"icon-list.default\">\n\t\t\t\t<div class=\"elementor-widget-container\">\n\t\t\t\t\t<ul class=\"elementor-icon-list-items\">\n\t\t\t\t\t\t\t<li class=\"elementor-icon-list-item\">\n\t\t\t\t\t\t\t\t\t\t\t<span class=\"elementor-icon-list-icon\">\n\t\t\t\t\t\t\t<i aria-hidden=\"true\" class=\"fas fa-camera\"><\/i>\t\t\t\t\t\t<\/span>\n\t\t\t\t\t\t\t\t\t\t<span class=\"elementor-icon-list-text\">Photo<\/span>\n\t\t\t\t\t\t\t\t\t<\/li>\n\t\t\t\t\t\t\t\t<li class=\"elementor-icon-list-item\">\n\t\t\t\t\t\t\t\t\t\t\t<a href=\"https:\/\/www.google.com\/maps\/search\/cour+de+la+tour+rose+lyon\/@45.7628637,4.8182682,15z\/data=!3m1!4b1\">\n\n\t\t\t\t\t\t\t\t\t\t\t\t<span class=\"elementor-icon-list-icon\">\n\t\t\t\t\t\t\t<i aria-hidden=\"true\" class=\"fas fa-map-marker-alt\"><\/i>\t\t\t\t\t\t<\/span>\n\t\t\t\t\t\t\t\t\t\t<span class=\"elementor-icon-list-text\">22 Rue du B\u0153uf<br>Lyon 5<\/span>\n\t\t\t\t\t\t\t\t\t\t\t<\/a>\n\t\t\t\t\t\t\t\t\t<\/li>\n\t\t\t\t\t\t<\/ul>\n\t\t\t\t<\/div>\n\t\t\t\t<\/div>\n\t\t\t\t\t<\/div>\n\t\t<\/div>\n\t\t\t\t\t\t\t<\/div>\n\t\t<\/section>\n\t\t\t\t\t<\/div>\n\t\t<\/aside>\n\t\t\t\t\t\t\t<\/div>\n\t\t<\/section>\n\t\t\t\t<section class=\"elementor-section elementor-top-section elementor-element elementor-element-31e1cb77 elementor-section-full_width elementor-section-stretched elementor-section-height-default elementor-section-height-default\" data-id=\"31e1cb77\" data-element_type=\"section\" data-settings=\"{&quot;stretch_section&quot;:&quot;section-stretched&quot;}\">\n\t\t\t\t\t\t<div class=\"elementor-container elementor-column-gap-default\">\n\t\t\t\t\t<div class=\"elementor-column elementor-col-66 elementor-top-column elementor-element elementor-element-50d4807d\" data-id=\"50d4807d\" data-element_type=\"column\">\n\t\t\t<div class=\"elementor-widget-wrap elementor-element-populated\">\n\t\t\t\t\t\t\t\t<article class=\"elementor-section elementor-inner-section elementor-element elementor-element-1576ec65 elementor-section-content-middle elementor-section-full_width elementor-section-height-default elementor-section-height-default\" data-id=\"1576ec65\" data-element_type=\"section\">\n\t\t\t\t\t\t<div class=\"elementor-container elementor-column-gap-default\">\n\t\t\t\t\t<div class=\"elementor-column elementor-col-50 elementor-inner-column elementor-element elementor-element-2ce29f35\" data-id=\"2ce29f35\" data-element_type=\"column\">\n\t\t\t<div class=\"elementor-widget-wrap elementor-element-populated\">\n\t\t\t\t\t\t\t\t<div class=\"elementor-element elementor-element-b4c743 elementor-widget elementor-widget-heading\" data-id=\"b4c743\" data-element_type=\"widget\" data-widget_type=\"heading.default\">\n\t\t\t\t<div class=\"elementor-widget-container\">\n\t\t\t<h2 class=\"elementor-heading-title elementor-size-default\">Le parking des halles Bocuse<\/h2>\t\t<\/div>\n\t\t\t\t<\/div>\n\t\t\t\t<div class=\"elementor-element elementor-element-1d1868c7 elementor-widget elementor-widget-text-editor\" data-id=\"1d1868c7\" data-element_type=\"widget\" data-widget_type=\"text-editor.default\">\n\t\t\t\t<div class=\"elementor-widget-container\">\n\t\t\t\t\t\t\t<p>Le rooftop du parking des halles Paul Bocuse est un endroit am\u00e9nag\u00e9 et color\u00e9 o\u00f9 prendre des photos originales !<\/p><p>Entre 2 shootings, profitez-en pour faire un tour \u00e0 la buvette healthy et vous posez aux coins reposants du lieu.<\/p>\t\t\t\t\t\t<\/div>\n\t\t\t\t<\/div>\n\t\t\t\t\t<\/div>\n\t\t<\/div>\n\t\t\t\t<div class=\"elementor-column elementor-col-50 elementor-inner-column elementor-element elementor-element-41ce0c03\" data-id=\"41ce0c03\" data-element_type=\"column\">\n\t\t\t<div class=\"elementor-widget-wrap elementor-element-populated\">\n\t\t\t\t\t\t\t\t<div class=\"elementor-element elementor-element-5b140058 elementor-widget elementor-widget-image\" data-id=\"5b140058\" data-element_type=\"widget\" data-widget_type=\"image.default\">\n\t\t\t\t<div class=\"elementor-widget-container\">\n\t\t\t\t\t\t\t\t\t\t\t\t<figure class=\"wp-caption\">\n\t\t\t\t\t\t\t\t\t\t<img decoding=\"async\" width=\"599\" height=\"400\" src=\"https:\/\/ousortirfrance.com\/lyon\/wp-content\/uploads\/sites\/8\/2022\/05\/Parking-des-halles-Paul-Bocuse.jpg\" class=\"attachment-large size-large wp-image-9083\" alt=\"Parking des halles Paul Bocuse Lyon \u00a9JCDubief\" loading=\"lazy\" srcset=\"https:\/\/ousortirfrance.com\/lyon\/wp-content\/uploads\/sites\/8\/2022\/05\/Parking-des-halles-Paul-Bocuse.jpg 599w, https:\/\/ousortirfrance.com\/lyon\/wp-content\/uploads\/sites\/8\/2022\/05\/Parking-des-halles-Paul-Bocuse-300x200.jpg 300w\" sizes=\"(max-width: 599px) 100vw, 599px\" \/>\t\t\t\t\t\t\t\t\t\t\t<figcaption class=\"widget-image-caption wp-caption-text\">Parking des halles Paul Bocuse \u00a9JCDubief<\/figcaption>\n\t\t\t\t\t\t\t\t\t\t<\/figure>\n\t\t\t\t\t\t\t\t\t<\/div>\n\t\t\t\t<\/div>\n\t\t\t\t\t<\/div>\n\t\t<\/div>\n\t\t\t\t\t\t\t<\/div>\n\t\t<\/article>\n\t\t\t\t\t<\/div>\n\t\t<\/div>\n\t\t\t\t<aside class=\"elementor-column elementor-col-33 elementor-top-column elementor-element elementor-element-4d67b48b\" data-id=\"4d67b48b\" data-element_type=\"column\" data-settings=\"{&quot;background_background&quot;:&quot;classic&quot;}\">\n\t\t\t<div class=\"elementor-widget-wrap elementor-element-populated\">\n\t\t\t\t\t\t\t\t<section class=\"elementor-section elementor-inner-section elementor-element elementor-element-48cc40ad sidebar-is-sticky elementor-section-boxed elementor-section-height-default elementor-section-height-default\" data-id=\"48cc40ad\" data-element_type=\"section\">\n\t\t\t\t\t\t<div class=\"elementor-container elementor-column-gap-default\">\n\t\t\t\t\t<div class=\"elementor-column elementor-col-100 elementor-inner-column elementor-element elementor-element-474ee749\" data-id=\"474ee749\" data-element_type=\"column\">\n\t\t\t<div class=\"elementor-widget-wrap elementor-element-populated\">\n\t\t\t\t\t\t\t\t<div class=\"elementor-element elementor-element-712fc044 elementor-widget elementor-widget-heading\" data-id=\"712fc044\" data-element_type=\"widget\" data-widget_type=\"heading.default\">\n\t\t\t\t<div class=\"elementor-widget-container\">\n\t\t\t<p class=\"elementor-heading-title elementor-size-default\">Informations pratiques<\/p>\t\t<\/div>\n\t\t\t\t<\/div>\n\t\t\t\t<div class=\"elementor-element elementor-element-c0ffff2 elementor-align-left elementor-icon-list--layout-traditional elementor-list-item-link-full_width elementor-widget elementor-widget-icon-list\" data-id=\"c0ffff2\" data-element_type=\"widget\" data-widget_type=\"icon-list.default\">\n\t\t\t\t<div class=\"elementor-widget-container\">\n\t\t\t\t\t<ul class=\"elementor-icon-list-items\">\n\t\t\t\t\t\t\t<li class=\"elementor-icon-list-item\">\n\t\t\t\t\t\t\t\t\t\t\t<span class=\"elementor-icon-list-icon\">\n\t\t\t\t\t\t\t<i aria-hidden=\"true\" class=\"fas fa-camera\"><\/i>\t\t\t\t\t\t<\/span>\n\t\t\t\t\t\t\t\t\t\t<span class=\"elementor-icon-list-text\">Photo<\/span>\n\t\t\t\t\t\t\t\t\t<\/li>\n\t\t\t\t\t\t\t\t<li class=\"elementor-icon-list-item\">\n\t\t\t\t\t\t\t\t\t\t\t<a href=\"https:\/\/www.google.com\/maps\/place\/Parking+LPA+-+Les+Halles\/@45.7626196,4.8490992,17z\/data=!3m1!4b1!4m5!3m4!1s0x47f4ea600fe5035d:0xaac521f653060ab0!8m2!3d45.7626196!4d4.8512879\">\n\n\t\t\t\t\t\t\t\t\t\t\t\t<span class=\"elementor-icon-list-icon\">\n\t\t\t\t\t\t\t<i aria-hidden=\"true\" class=\"fas fa-map-marker-alt\"><\/i>\t\t\t\t\t\t<\/span>\n\t\t\t\t\t\t\t\t\t\t<span class=\"elementor-icon-list-text\">156 Rue Garibaldi Lyon 3<\/span>\n\t\t\t\t\t\t\t\t\t\t\t<\/a>\n\t\t\t\t\t\t\t\t\t<\/li>\n\t\t\t\t\t\t<\/ul>\n\t\t\t\t<\/div>\n\t\t\t\t<\/div>\n\t\t\t\t\t<\/div>\n\t\t<\/div>\n\t\t\t\t\t\t\t<\/div>\n\t\t<\/section>\n\t\t\t\t\t<\/div>\n\t\t<\/aside>\n\t\t\t\t\t\t\t<\/div>\n\t\t<\/section>\n\t\t\t\t<section class=\"elementor-section elementor-top-section elementor-element elementor-element-5e4a2851 elementor-section-full_width elementor-section-stretched elementor-section-height-default elementor-section-height-default\" data-id=\"5e4a2851\" data-element_type=\"section\" data-settings=\"{&quot;stretch_section&quot;:&quot;section-stretched&quot;}\">\n\t\t\t\t\t\t<div class=\"elementor-container elementor-column-gap-default\">\n\t\t\t\t\t<div class=\"elementor-column elementor-col-66 elementor-top-column elementor-element elementor-element-1f2bc48d\" data-id=\"1f2bc48d\" data-element_type=\"column\">\n\t\t\t<div class=\"elementor-widget-wrap elementor-element-populated\">\n\t\t\t\t\t\t\t\t<article class=\"elementor-section elementor-inner-section elementor-element elementor-element-7d6fb88a elementor-section-content-middle elementor-section-full_width elementor-section-height-default elementor-section-height-default\" data-id=\"7d6fb88a\" data-element_type=\"section\">\n\t\t\t\t\t\t<div class=\"elementor-container elementor-column-gap-default\">\n\t\t\t\t\t<div class=\"elementor-column elementor-col-50 elementor-inner-column elementor-element elementor-element-21b58179\" data-id=\"21b58179\" data-element_type=\"column\">\n\t\t\t<div class=\"elementor-widget-wrap elementor-element-populated\">\n\t\t\t\t\t\t\t\t<div class=\"elementor-element elementor-element-786c1fad elementor-widget elementor-widget-image\" data-id=\"786c1fad\" data-element_type=\"widget\" data-widget_type=\"image.default\">\n\t\t\t\t<div class=\"elementor-widget-container\">\n\t\t\t\t\t\t\t\t\t\t\t\t<figure class=\"wp-caption\">\n\t\t\t\t\t\t\t\t\t\t<img decoding=\"async\" width=\"700\" height=\"394\" src=\"https:\/\/ousortirfrance.com\/lyon\/wp-content\/uploads\/sites\/8\/2022\/05\/Parc-Blandan.jpg\" class=\"attachment-large size-large wp-image-9084\" alt=\"Parc Blandan Lyon \u00a9BASE\" loading=\"lazy\" srcset=\"https:\/\/ousortirfrance.com\/lyon\/wp-content\/uploads\/sites\/8\/2022\/05\/Parc-Blandan.jpg 700w, https:\/\/ousortirfrance.com\/lyon\/wp-content\/uploads\/sites\/8\/2022\/05\/Parc-Blandan-300x169.jpg 300w\" sizes=\"(max-width: 700px) 100vw, 700px\" \/>\t\t\t\t\t\t\t\t\t\t\t<figcaption class=\"widget-image-caption wp-caption-text\">Parc Blandan \u00a9BASE<\/figcaption>\n\t\t\t\t\t\t\t\t\t\t<\/figure>\n\t\t\t\t\t\t\t\t\t<\/div>\n\t\t\t\t<\/div>\n\t\t\t\t\t<\/div>\n\t\t<\/div>\n\t\t\t\t<div class=\"elementor-column elementor-col-50 elementor-inner-column elementor-element elementor-element-52a5a031\" data-id=\"52a5a031\" data-element_type=\"column\">\n\t\t\t<div class=\"elementor-widget-wrap elementor-element-populated\">\n\t\t\t\t\t\t\t\t<div class=\"elementor-element elementor-element-35b11a28 elementor-widget elementor-widget-heading\" data-id=\"35b11a28\" data-element_type=\"widget\" data-widget_type=\"heading.default\">\n\t\t\t\t<div class=\"elementor-widget-container\">\n\t\t\t<h2 class=\"elementor-heading-title elementor-size-default\">Le parc Blandan<\/h2>\t\t<\/div>\n\t\t\t\t<\/div>\n\t\t\t\t<div class=\"elementor-element elementor-element-6237c590 elementor-widget elementor-widget-text-editor\" data-id=\"6237c590\" data-element_type=\"widget\" data-widget_type=\"text-editor.default\">\n\t\t\t\t<div class=\"elementor-widget-container\">\n\t\t\t\t\t\t\t<p>Ce parc se situe dans un ancien bastion militaire, au c\u0153ur du 7\u00e8me arrondissement.<\/p><p>Aujourd&rsquo;hui, on s&rsquo;y prom\u00e8ne, on y fait du sport, mais on peut \u00e9galement se servir de ses espaces vari\u00e9s pour prendre quelques photos urbaines !<\/p>\t\t\t\t\t\t<\/div>\n\t\t\t\t<\/div>\n\t\t\t\t\t<\/div>\n\t\t<\/div>\n\t\t\t\t\t\t\t<\/div>\n\t\t<\/article>\n\t\t\t\t\t<\/div>\n\t\t<\/div>\n\t\t\t\t<aside class=\"elementor-column elementor-col-33 elementor-top-column elementor-element elementor-element-3acaa028\" data-id=\"3acaa028\" data-element_type=\"column\" data-settings=\"{&quot;background_background&quot;:&quot;classic&quot;}\">\n\t\t\t<div class=\"elementor-widget-wrap elementor-element-populated\">\n\t\t\t\t\t\t\t\t<section class=\"elementor-section elementor-inner-section elementor-element elementor-element-e755780 sidebar-is-sticky elementor-section-boxed elementor-section-height-default elementor-section-height-default\" data-id=\"e755780\" data-element_type=\"section\">\n\t\t\t\t\t\t<div class=\"elementor-container elementor-column-gap-default\">\n\t\t\t\t\t<div class=\"elementor-column elementor-col-100 elementor-inner-column elementor-element elementor-element-3c27c104\" data-id=\"3c27c104\" data-element_type=\"column\">\n\t\t\t<div class=\"elementor-widget-wrap elementor-element-populated\">\n\t\t\t\t\t\t\t\t<div class=\"elementor-element elementor-element-36ef3499 elementor-widget elementor-widget-heading\" data-id=\"36ef3499\" data-element_type=\"widget\" data-widget_type=\"heading.default\">\n\t\t\t\t<div class=\"elementor-widget-container\">\n\t\t\t<p class=\"elementor-heading-title elementor-size-default\">Informations pratiques<\/p>\t\t<\/div>\n\t\t\t\t<\/div>\n\t\t\t\t<div class=\"elementor-element elementor-element-176add28 elementor-align-left elementor-icon-list--layout-traditional elementor-list-item-link-full_width elementor-widget elementor-widget-icon-list\" data-id=\"176add28\" data-element_type=\"widget\" data-widget_type=\"icon-list.default\">\n\t\t\t\t<div class=\"elementor-widget-container\">\n\t\t\t\t\t<ul class=\"elementor-icon-list-items\">\n\t\t\t\t\t\t\t<li class=\"elementor-icon-list-item\">\n\t\t\t\t\t\t\t\t\t\t\t<span class=\"elementor-icon-list-icon\">\n\t\t\t\t\t\t\t<i aria-hidden=\"true\" class=\"fas fa-camera\"><\/i>\t\t\t\t\t\t<\/span>\n\t\t\t\t\t\t\t\t\t\t<span class=\"elementor-icon-list-text\">Photo<\/span>\n\t\t\t\t\t\t\t\t\t<\/li>\n\t\t\t\t\t\t\t\t<li class=\"elementor-icon-list-item\">\n\t\t\t\t\t\t\t\t\t\t\t<a href=\"https:\/\/www.google.com\/maps\/place\/Parc+Sergent+Blandan\/@45.7456368,4.852227,17z\/data=!3m1!4b1!4m5!3m4!1s0x47f4ea6cf2ad6993:0xad51050ce983b37c!8m2!3d45.7456368!4d4.8544157\">\n\n\t\t\t\t\t\t\t\t\t\t\t\t<span class=\"elementor-icon-list-icon\">\n\t\t\t\t\t\t\t<i aria-hidden=\"true\" class=\"fas fa-map-marker-alt\"><\/i>\t\t\t\t\t\t<\/span>\n\t\t\t\t\t\t\t\t\t\t<span class=\"elementor-icon-list-text\">37 Rue du Repos Lyon 7<\/span>\n\t\t\t\t\t\t\t\t\t\t\t<\/a>\n\t\t\t\t\t\t\t\t\t<\/li>\n\t\t\t\t\t\t<\/ul>\n\t\t\t\t<\/div>\n\t\t\t\t<\/div>\n\t\t\t\t\t<\/div>\n\t\t<\/div>\n\t\t\t\t\t\t\t<\/div>\n\t\t<\/section>\n\t\t\t\t\t<\/div>\n\t\t<\/aside>\n\t\t\t\t\t\t\t<\/div>\n\t\t<\/section>\n\t\t\t\t<section class=\"elementor-section elementor-top-section elementor-element elementor-element-2650a1c2 elementor-section-full_width elementor-section-stretched elementor-section-height-default elementor-section-height-default\" data-id=\"2650a1c2\" data-element_type=\"section\" data-settings=\"{&quot;stretch_section&quot;:&quot;section-stretched&quot;}\">\n\t\t\t\t\t\t<div class=\"elementor-container elementor-column-gap-default\">\n\t\t\t\t\t<div class=\"elementor-column elementor-col-66 elementor-top-column elementor-element elementor-element-354c8fb5\" data-id=\"354c8fb5\" data-element_type=\"column\">\n\t\t\t<div class=\"elementor-widget-wrap elementor-element-populated\">\n\t\t\t\t\t\t\t\t<article class=\"elementor-section elementor-inner-section elementor-element elementor-element-636ee145 elementor-section-content-middle elementor-section-full_width elementor-section-height-default elementor-section-height-default\" data-id=\"636ee145\" data-element_type=\"section\">\n\t\t\t\t\t\t<div class=\"elementor-container elementor-column-gap-default\">\n\t\t\t\t\t<div class=\"elementor-column elementor-col-50 elementor-inner-column elementor-element elementor-element-b5a9cb1\" data-id=\"b5a9cb1\" data-element_type=\"column\">\n\t\t\t<div class=\"elementor-widget-wrap elementor-element-populated\">\n\t\t\t\t\t\t\t\t<div class=\"elementor-element elementor-element-5208e825 elementor-widget elementor-widget-heading\" data-id=\"5208e825\" data-element_type=\"widget\" data-widget_type=\"heading.default\">\n\t\t\t\t<div class=\"elementor-widget-container\">\n\t\t\t<h2 class=\"elementor-heading-title elementor-size-default\">L'esplanade de Fourvi\u00e8re<\/h2>\t\t<\/div>\n\t\t\t\t<\/div>\n\t\t\t\t<div class=\"elementor-element elementor-element-5408153c elementor-widget elementor-widget-text-editor\" data-id=\"5408153c\" data-element_type=\"widget\" data-widget_type=\"text-editor.default\">\n\t\t\t\t<div class=\"elementor-widget-container\">\n\t\t\t\t\t\t\t<p>\u00c0 c\u00f4t\u00e9 de la basilique de Fourvi\u00e8re se trouve une esplanade perch\u00e9e \u00e0 pr\u00e8s de 300m d&rsquo;altitude qui domine toute la ville.<\/p><p>Comme vous l&rsquo;imaginez, la vue y est exceptionnelle, notamment pendant un lev\u00e9 de soleil !<\/p><p>Vous pourrez alors r\u00e9aliser des clich\u00e9s exceptionnels gr\u00e2ce \u00e0 ce panorama : par beau temps, vous distinguerez m\u00eame \u00e0 l&rsquo;horizon les Alpes et le Mont-Blanc !<\/p>\t\t\t\t\t\t<\/div>\n\t\t\t\t<\/div>\n\t\t\t\t\t<\/div>\n\t\t<\/div>\n\t\t\t\t<div class=\"elementor-column elementor-col-50 elementor-inner-column elementor-element elementor-element-579cee2e\" data-id=\"579cee2e\" data-element_type=\"column\">\n\t\t\t<div class=\"elementor-widget-wrap elementor-element-populated\">\n\t\t\t\t\t\t\t\t<div class=\"elementor-element elementor-element-7b5acd39 elementor-widget elementor-widget-image\" data-id=\"7b5acd39\" data-element_type=\"widget\" data-widget_type=\"image.default\">\n\t\t\t\t<div class=\"elementor-widget-container\">\n\t\t\t\t\t\t\t\t\t\t\t\t<figure class=\"wp-caption\">\n\t\t\t\t\t\t\t\t\t\t<img decoding=\"async\" width=\"1024\" height=\"747\" src=\"https:\/\/ousortirfrance.com\/lyon\/wp-content\/uploads\/sites\/8\/2022\/05\/Esplanade-de-Fourviere-1024x747.jpg\" class=\"attachment-large size-large wp-image-9088\" alt=\"Esplanade de Fourvi\u00e8re Lyon \u00a9guide-lyon\" loading=\"lazy\" srcset=\"https:\/\/ousortirfrance.com\/lyon\/wp-content\/uploads\/sites\/8\/2022\/05\/Esplanade-de-Fourviere-1024x747.jpg 1024w, https:\/\/ousortirfrance.com\/lyon\/wp-content\/uploads\/sites\/8\/2022\/05\/Esplanade-de-Fourviere-300x219.jpg 300w, https:\/\/ousortirfrance.com\/lyon\/wp-content\/uploads\/sites\/8\/2022\/05\/Esplanade-de-Fourviere-768x561.jpg 768w, https:\/\/ousortirfrance.com\/lyon\/wp-content\/uploads\/sites\/8\/2022\/05\/Esplanade-de-Fourviere.jpg 1140w\" sizes=\"(max-width: 1024px) 100vw, 1024px\" \/>\t\t\t\t\t\t\t\t\t\t\t<figcaption class=\"widget-image-caption wp-caption-text\">Esplanade de Fourvi\u00e8re \u00a9guide-lyon<\/figcaption>\n\t\t\t\t\t\t\t\t\t\t<\/figure>\n\t\t\t\t\t\t\t\t\t<\/div>\n\t\t\t\t<\/div>\n\t\t\t\t\t<\/div>\n\t\t<\/div>\n\t\t\t\t\t\t\t<\/div>\n\t\t<\/article>\n\t\t\t\t\t<\/div>\n\t\t<\/div>\n\t\t\t\t<aside class=\"elementor-column elementor-col-33 elementor-top-column elementor-element elementor-element-3b14db8f\" data-id=\"3b14db8f\" data-element_type=\"column\" data-settings=\"{&quot;background_background&quot;:&quot;classic&quot;}\">\n\t\t\t<div class=\"elementor-widget-wrap elementor-element-populated\">\n\t\t\t\t\t\t\t\t<section class=\"elementor-section elementor-inner-section elementor-element elementor-element-5f6bbfa5 sidebar-is-sticky elementor-section-boxed elementor-section-height-default elementor-section-height-default\" data-id=\"5f6bbfa5\" data-element_type=\"section\">\n\t\t\t\t\t\t<div class=\"elementor-container elementor-column-gap-default\">\n\t\t\t\t\t<div class=\"elementor-column elementor-col-100 elementor-inner-column elementor-element elementor-element-7f884a25\" data-id=\"7f884a25\" data-element_type=\"column\">\n\t\t\t<div class=\"elementor-widget-wrap elementor-element-populated\">\n\t\t\t\t\t\t\t\t<div class=\"elementor-element elementor-element-7d936b74 elementor-widget elementor-widget-heading\" data-id=\"7d936b74\" data-element_type=\"widget\" data-widget_type=\"heading.default\">\n\t\t\t\t<div class=\"elementor-widget-container\">\n\t\t\t<p class=\"elementor-heading-title elementor-size-default\">Informations pratiques<\/p>\t\t<\/div>\n\t\t\t\t<\/div>\n\t\t\t\t<div class=\"elementor-element elementor-element-eb9b98e elementor-align-left elementor-icon-list--layout-traditional elementor-list-item-link-full_width elementor-widget elementor-widget-icon-list\" data-id=\"eb9b98e\" data-element_type=\"widget\" data-widget_type=\"icon-list.default\">\n\t\t\t\t<div class=\"elementor-widget-container\">\n\t\t\t\t\t<ul class=\"elementor-icon-list-items\">\n\t\t\t\t\t\t\t<li class=\"elementor-icon-list-item\">\n\t\t\t\t\t\t\t\t\t\t\t<span class=\"elementor-icon-list-icon\">\n\t\t\t\t\t\t\t<i aria-hidden=\"true\" class=\"fas fa-camera\"><\/i>\t\t\t\t\t\t<\/span>\n\t\t\t\t\t\t\t\t\t\t<span class=\"elementor-icon-list-text\">Photo<\/span>\n\t\t\t\t\t\t\t\t\t<\/li>\n\t\t\t\t\t\t\t\t<li class=\"elementor-icon-list-item\">\n\t\t\t\t\t\t\t\t\t\t\t<a href=\"https:\/\/www.google.com\/maps\/place\/ELEPHANT+Vintage+Store\/@45.7675995,4.8287196,17z\/data=!3m1!4b1!4m5!3m4!1s0x47f4eafe3cff8975:0x75e14ae309a7c493!8m2!3d45.7675959!4d4.8308968\">\n\n\t\t\t\t\t\t\t\t\t\t\t\t<span class=\"elementor-icon-list-icon\">\n\t\t\t\t\t\t\t<i aria-hidden=\"true\" class=\"fas fa-map-marker-alt\"><\/i>\t\t\t\t\t\t<\/span>\n\t\t\t\t\t\t\t\t\t\t<span class=\"elementor-icon-list-text\">Pl. de Fourvi\u00e8re Lyon 5<\/span>\n\t\t\t\t\t\t\t\t\t\t\t<\/a>\n\t\t\t\t\t\t\t\t\t<\/li>\n\t\t\t\t\t\t<\/ul>\n\t\t\t\t<\/div>\n\t\t\t\t<\/div>\n\t\t\t\t\t<\/div>\n\t\t<\/div>\n\t\t\t\t\t\t\t<\/div>\n\t\t<\/section>\n\t\t\t\t\t<\/div>\n\t\t<\/aside>\n\t\t\t\t\t\t\t<\/div>\n\t\t<\/section>\n\t\t\t\t<div class=\"elementor-section elementor-top-section elementor-element elementor-element-1d683cbe elementor-section-full_width elementor-section-height-default elementor-section-height-default\" data-id=\"1d683cbe\" data-element_type=\"section\">\n\t\t\t\t\t\t<div class=\"elementor-container elementor-column-gap-default\">\n\t\t\t\t\t<div class=\"elementor-column elementor-col-100 elementor-top-column elementor-element elementor-element-86ec716\" data-id=\"86ec716\" data-element_type=\"column\">\n\t\t\t<div class=\"elementor-widget-wrap elementor-element-populated\">\n\t\t\t\t\t\t\t\t<div class=\"elementor-element elementor-element-309889cf elementor-arrows-position-inside elementor-pagination-position-outside elementor-widget elementor-widget-image-carousel\" data-id=\"309889cf\" data-element_type=\"widget\" data-settings=\"{&quot;slides_to_show&quot;:&quot;4&quot;,&quot;slides_to_show_tablet&quot;:&quot;3&quot;,&quot;navigation&quot;:&quot;both&quot;,&quot;autoplay&quot;:&quot;yes&quot;,&quot;pause_on_hover&quot;:&quot;yes&quot;,&quot;pause_on_interaction&quot;:&quot;yes&quot;,&quot;autoplay_speed&quot;:5000,&quot;infinite&quot;:&quot;yes&quot;,&quot;speed&quot;:500,&quot;image_spacing_custom&quot;:{&quot;unit&quot;:&quot;px&quot;,&quot;size&quot;:20,&quot;sizes&quot;:[]},&quot;image_spacing_custom_tablet&quot;:{&quot;unit&quot;:&quot;px&quot;,&quot;size&quot;:&quot;&quot;,&quot;sizes&quot;:[]},&quot;image_spacing_custom_mobile&quot;:{&quot;unit&quot;:&quot;px&quot;,&quot;size&quot;:&quot;&quot;,&quot;sizes&quot;:[]}}\" data-widget_type=\"image-carousel.default\">\n\t\t\t\t<div class=\"elementor-widget-container\">\n\t\t\t<style>\/*! elementor - v3.13.3 - 28-05-2023 *\/\n.elementor-widget-image-carousel .swiper,.elementor-widget-image-carousel .swiper-container{position:static}.elementor-widget-image-carousel .swiper-container .swiper-slide figure,.elementor-widget-image-carousel .swiper .swiper-slide figure{line-height:inherit}.elementor-widget-image-carousel .swiper-slide{text-align:center}.elementor-image-carousel-wrapper:not(.swiper-container-initialized):not(.swiper-initialized) .swiper-slide{max-width:calc(100% \/ var(--e-image-carousel-slides-to-show, 3))}<\/style>\t\t<div class=\"elementor-image-carousel-wrapper swiper-container\" dir=\"ltr\">\n\t\t\t<div class=\"elementor-image-carousel swiper-wrapper\">\n\t\t\t\t\t\t\t\t<div class=\"swiper-slide\"><a data-elementor-open-lightbox=\"yes\" data-elementor-lightbox-slideshow=\"309889cf\" data-elementor-lightbox-title=\"Escalier Mermet Lyon \u00a9 Laetitia.p_lyon\" data-elementor-lightbox-description=\"Escalier Mermet \u00e0 Lyon\" data-e-action-hash=\"#elementor-action%3Aaction%3Dlightbox%26settings%3DeyJpZCI6IjkwNzkiLCJ1cmwiOiJodHRwczpcL1wvb3Vzb3J0aXJmcmFuY2UuY29tXC9seW9uXC93cC1jb250ZW50XC91cGxvYWRzXC9zaXRlc1wvOFwvMjAyMlwvMDVcL0VzY2FsaWVyLU1lcm1ldC5qcGciLCJzbGlkZXNob3ciOiIzMDk4ODljZiJ9\" href=\"https:\/\/ousortirfrance.com\/lyon\/wp-content\/uploads\/sites\/8\/2022\/05\/Escalier-Mermet.jpg\"><figure class=\"swiper-slide-inner\"><img decoding=\"async\" class=\"swiper-slide-image\" src=\"https:\/\/ousortirfrance.com\/lyon\/wp-content\/uploads\/sites\/8\/2022\/05\/Escalier-Mermet.jpg\" alt=\"Escalier Mermet \u00e0 Lyon \u00a9 Laetitia.p_lyon\" \/><\/figure><\/a><\/div><div class=\"swiper-slide\"><a data-elementor-open-lightbox=\"yes\" data-elementor-lightbox-slideshow=\"309889cf\" data-elementor-lightbox-title=\"Escalier Prunelle Lyon\" data-elementor-lightbox-description=\"Escalier Prunelle \u00e0 Lyon\" data-e-action-hash=\"#elementor-action%3Aaction%3Dlightbox%26settings%3DeyJpZCI6IjkwODAiLCJ1cmwiOiJodHRwczpcL1wvb3Vzb3J0aXJmcmFuY2UuY29tXC9seW9uXC93cC1jb250ZW50XC91cGxvYWRzXC9zaXRlc1wvOFwvMjAyMlwvMDVcL0VzY2FsaWVyLVBydW5lbGxlLmpwZyIsInNsaWRlc2hvdyI6IjMwOTg4OWNmIn0%3D\" href=\"https:\/\/ousortirfrance.com\/lyon\/wp-content\/uploads\/sites\/8\/2022\/05\/Escalier-Prunelle.jpg\"><figure class=\"swiper-slide-inner\"><img decoding=\"async\" class=\"swiper-slide-image\" src=\"https:\/\/ousortirfrance.com\/lyon\/wp-content\/uploads\/sites\/8\/2022\/05\/Escalier-Prunelle-768x757.jpg\" alt=\"Escalier Prunelle \u00e0 Lyon\" \/><\/figure><\/a><\/div><div class=\"swiper-slide\"><a data-elementor-open-lightbox=\"yes\" data-elementor-lightbox-slideshow=\"309889cf\" data-elementor-lightbox-title=\"Jardin Rosa Mir Lyon \u00a9 Petitpaume.com\" data-e-action-hash=\"#elementor-action%3Aaction%3Dlightbox%26settings%3DeyJpZCI6IjkwODEiLCJ1cmwiOiJodHRwczpcL1wvb3Vzb3J0aXJmcmFuY2UuY29tXC9seW9uXC93cC1jb250ZW50XC91cGxvYWRzXC9zaXRlc1wvOFwvMjAyMlwvMDVcL0phcmRpbi1Sb3NhLU1pci5qcGciLCJzbGlkZXNob3ciOiIzMDk4ODljZiJ9\" href=\"https:\/\/ousortirfrance.com\/lyon\/wp-content\/uploads\/sites\/8\/2022\/05\/Jardin-Rosa-Mir.jpg\"><figure class=\"swiper-slide-inner\"><img decoding=\"async\" class=\"swiper-slide-image\" src=\"https:\/\/ousortirfrance.com\/lyon\/wp-content\/uploads\/sites\/8\/2022\/05\/Jardin-Rosa-Mir-768x531.jpg\" alt=\"Jardin Rosa Mir \u00e0 Lyon \u00a9 Petitpaume.com\" \/><\/figure><\/a><\/div><div class=\"swiper-slide\"><a data-elementor-open-lightbox=\"yes\" data-elementor-lightbox-slideshow=\"309889cf\" data-elementor-lightbox-title=\"Tour rose Lyon \u00a9Anne Bouaziz \/ Actu Lyon\" data-elementor-lightbox-description=\"Cour de la Tour rose Lyon\" data-e-action-hash=\"#elementor-action%3Aaction%3Dlightbox%26settings%3DeyJpZCI6IjkwODIiLCJ1cmwiOiJodHRwczpcL1wvb3Vzb3J0aXJmcmFuY2UuY29tXC9seW9uXC93cC1jb250ZW50XC91cGxvYWRzXC9zaXRlc1wvOFwvMjAyMlwvMDVcL1RvdXItcm9zZS5qcGVnIiwic2xpZGVzaG93IjoiMzA5ODg5Y2YifQ%3D%3D\" href=\"https:\/\/ousortirfrance.com\/lyon\/wp-content\/uploads\/sites\/8\/2022\/05\/Tour-rose.jpeg\"><figure class=\"swiper-slide-inner\"><img decoding=\"async\" class=\"swiper-slide-image\" src=\"https:\/\/ousortirfrance.com\/lyon\/wp-content\/uploads\/sites\/8\/2022\/05\/Tour-rose-768x512.jpeg\" alt=\"Cour de la Tour rose Lyon \u00a9Anne Bouaziz \/ Actu Lyon\" \/><\/figure><\/a><\/div><div class=\"swiper-slide\"><a data-elementor-open-lightbox=\"yes\" data-elementor-lightbox-slideshow=\"309889cf\" data-elementor-lightbox-title=\"Parking des halles Paul Bocuse \u00a9JCDubief\" data-elementor-lightbox-description=\"Parking des halles Paul Bocuse Lyon\" data-e-action-hash=\"#elementor-action%3Aaction%3Dlightbox%26settings%3DeyJpZCI6IjkwODMiLCJ1cmwiOiJodHRwczpcL1wvb3Vzb3J0aXJmcmFuY2UuY29tXC9seW9uXC93cC1jb250ZW50XC91cGxvYWRzXC9zaXRlc1wvOFwvMjAyMlwvMDVcL1BhcmtpbmctZGVzLWhhbGxlcy1QYXVsLUJvY3VzZS5qcGciLCJzbGlkZXNob3ciOiIzMDk4ODljZiJ9\" href=\"https:\/\/ousortirfrance.com\/lyon\/wp-content\/uploads\/sites\/8\/2022\/05\/Parking-des-halles-Paul-Bocuse.jpg\"><figure class=\"swiper-slide-inner\"><img decoding=\"async\" class=\"swiper-slide-image\" src=\"https:\/\/ousortirfrance.com\/lyon\/wp-content\/uploads\/sites\/8\/2022\/05\/Parking-des-halles-Paul-Bocuse.jpg\" alt=\"Parking des halles Paul Bocuse Lyon \u00a9JCDubief\" \/><\/figure><\/a><\/div><div class=\"swiper-slide\"><a data-elementor-open-lightbox=\"yes\" data-elementor-lightbox-slideshow=\"309889cf\" data-elementor-lightbox-title=\"Parc Blandan Lyon \u00a9BASE\" data-e-action-hash=\"#elementor-action%3Aaction%3Dlightbox%26settings%3DeyJpZCI6IjkwODQiLCJ1cmwiOiJodHRwczpcL1wvb3Vzb3J0aXJmcmFuY2UuY29tXC9seW9uXC93cC1jb250ZW50XC91cGxvYWRzXC9zaXRlc1wvOFwvMjAyMlwvMDVcL1BhcmMtQmxhbmRhbi5qcGciLCJzbGlkZXNob3ciOiIzMDk4ODljZiJ9\" href=\"https:\/\/ousortirfrance.com\/lyon\/wp-content\/uploads\/sites\/8\/2022\/05\/Parc-Blandan.jpg\"><figure class=\"swiper-slide-inner\"><img decoding=\"async\" class=\"swiper-slide-image\" src=\"https:\/\/ousortirfrance.com\/lyon\/wp-content\/uploads\/sites\/8\/2022\/05\/Parc-Blandan.jpg\" alt=\"Parc Blandan Lyon \u00a9BASE\" \/><\/figure><\/a><\/div><div class=\"swiper-slide\"><a data-elementor-open-lightbox=\"yes\" data-elementor-lightbox-slideshow=\"309889cf\" data-elementor-lightbox-title=\"Esplanade de Fourvi\u00e8re Lyon \u00a9guide-lyon\" data-e-action-hash=\"#elementor-action%3Aaction%3Dlightbox%26settings%3DeyJpZCI6IjkwODgiLCJ1cmwiOiJodHRwczpcL1wvb3Vzb3J0aXJmcmFuY2UuY29tXC9seW9uXC93cC1jb250ZW50XC91cGxvYWRzXC9zaXRlc1wvOFwvMjAyMlwvMDVcL0VzcGxhbmFkZS1kZS1Gb3VydmllcmUuanBnIiwic2xpZGVzaG93IjoiMzA5ODg5Y2YifQ%3D%3D\" href=\"https:\/\/ousortirfrance.com\/lyon\/wp-content\/uploads\/sites\/8\/2022\/05\/Esplanade-de-Fourviere.jpg\"><figure class=\"swiper-slide-inner\"><img decoding=\"async\" class=\"swiper-slide-image\" src=\"https:\/\/ousortirfrance.com\/lyon\/wp-content\/uploads\/sites\/8\/2022\/05\/Esplanade-de-Fourviere-768x561.jpg\" alt=\"Esplanade de Fourvi\u00e8re Lyon \u00a9guide-lyon\" \/><\/figure><\/a><\/div>\t\t\t<\/div>\n\t\t\t\t\t\t\t\t\t\t\t\t<div class=\"swiper-pagination\"><\/div>\n\t\t\t\t\t\t\t\t\t\t\t\t\t<div class=\"elementor-swiper-button elementor-swiper-button-prev\" role=\"button\" tabindex=\"0\">\n\t\t\t\t\t\t<i aria-hidden=\"true\" class=\"eicon-chevron-left\"><\/i>\t\t\t\t\t\t<span class=\"elementor-screen-only\">Previous image<\/span>\n\t\t\t\t\t<\/div>\n\t\t\t\t\t<div class=\"elementor-swiper-button elementor-swiper-button-next\" role=\"button\" tabindex=\"0\">\n\t\t\t\t\t\t<i aria-hidden=\"true\" class=\"eicon-chevron-right\"><\/i>\t\t\t\t\t\t<span class=\"elementor-screen-only\">Next image<\/span>\n\t\t\t\t\t<\/div>\n\t\t\t\t\t\t\t\t\t<\/div>\n\t\t\t\t<\/div>\n\t\t\t\t<\/div>\n\t\t\t\t<div class=\"elementor-element elementor-element-9dd4f6e elementor-widget elementor-widget-elementskit-social-share\" data-id=\"9dd4f6e\" data-element_type=\"widget\" data-widget_type=\"elementskit-social-share.default\">\n\t\t\t\t<div class=\"elementor-widget-container\">\n\t\t\t<div class=\"ekit-wid-con\" >\t\t<ul class=\"ekit_socialshare\">\n                            <li class=\"elementor-repeater-item-89ec49b\" data-social=\"facebook\">\n                    <a class=\"facebook\">\n                        \n                        <i aria-hidden=\"true\" class=\"icon icon-facebook\"><\/i>                        \n                                                                                            <\/a>\n                <\/li>\n                                            <li class=\"elementor-repeater-item-76141a0\" data-social=\"twitter\">\n                    <a class=\"twitter\">\n                        \n                        <i aria-hidden=\"true\" class=\"icon icon-twitter\"><\/i>                        \n                                                                                            <\/a>\n                <\/li>\n                                            <li class=\"elementor-repeater-item-17a119d\" data-social=\"linkedin\">\n                    <a class=\"linkedin\">\n                        \n                        <i aria-hidden=\"true\" class=\"icon icon-linkedin\"><\/i>                        \n                                                                                            <\/a>\n                <\/li>\n                                            <li class=\"elementor-repeater-item-72d4042\" data-social=\"snapchat\">\n                    <a class=\"snapchat\">\n                        \n                        <i aria-hidden=\"true\" class=\"fab fa-snapchat-ghost\"><\/i>                        \n                                                                                            <\/a>\n                <\/li>\n                                    <\/ul>\n        <\/div>\t\t<\/div>\n\t\t\t\t<\/div>\n\t\t\t\t\t<\/div>\n\t\t<\/div>\n\t\t\t\t\t\t\t<\/div>\n\t\t<\/div>\n\t\t\t\t<section class=\"elementor-section elementor-top-section elementor-element elementor-element-3077da7d elementor-section-boxed elementor-section-height-default elementor-section-height-default\" data-id=\"3077da7d\" data-element_type=\"section\">\n\t\t\t\t\t\t<div class=\"elementor-container elementor-column-gap-default\">\n\t\t\t\t\t<div class=\"elementor-column elementor-col-100 elementor-top-column elementor-element elementor-element-2ba3dcbd\" data-id=\"2ba3dcbd\" data-element_type=\"column\">\n\t\t\t<div class=\"elementor-widget-wrap elementor-element-populated\">\n\t\t\t\t\t\t\t\t<div class=\"elementor-element elementor-element-5f9d3d09 elementor-widget elementor-widget-heading\" data-id=\"5f9d3d09\" data-element_type=\"widget\" data-widget_type=\"heading.default\">\n\t\t\t\t<div class=\"elementor-widget-container\">\n\t\t\t<h2 class=\"elementor-heading-title elementor-size-default\">Bien plus de 7 lieux o\u00f9 prendre des photos !<\/h2>\t\t<\/div>\n\t\t\t\t<\/div>\n\t\t\t\t\t<\/div>\n\t\t<\/div>\n\t\t\t\t\t\t\t<\/div>\n\t\t<\/section>\n\t\t\t\t<section class=\"elementor-section elementor-top-section elementor-element elementor-element-b7e39b9 elementor-section-boxed elementor-section-height-default elementor-section-height-default\" data-id=\"b7e39b9\" data-element_type=\"section\">\n\t\t\t\t\t\t<div class=\"elementor-container elementor-column-gap-default\">\n\t\t\t\t\t<div class=\"elementor-column elementor-col-100 elementor-top-column elementor-element elementor-element-4726304d\" data-id=\"4726304d\" data-element_type=\"column\">\n\t\t\t<div class=\"elementor-widget-wrap elementor-element-populated\">\n\t\t\t\t\t\t\t\t<div class=\"elementor-element elementor-element-116acb9a elementor-widget elementor-widget-text-editor\" data-id=\"116acb9a\" data-element_type=\"widget\" data-widget_type=\"text-editor.default\">\n\t\t\t\t<div class=\"elementor-widget-container\">\n\t\t\t\t\t\t\t<p>Comme \u00e9crit plus haut, la capitale des Gaulles regorge d&rsquo;endroits insolites et magnifiques o\u00f9 prendre des photos. Si cet article vous a plu, d&rsquo;autres spots pourront faire l&rsquo;objet d&rsquo;un prochain !<\/p>\t\t\t\t\t\t<\/div>\n\t\t\t\t<\/div>\n\t\t\t\t\t<\/div>\n\t\t<\/div>\n\t\t\t\t\t\t\t<\/div>\n\t\t<\/section>\n\t\t\t\t<section class=\"elementor-section elementor-top-section elementor-element elementor-element-302b639f elementor-section-boxed elementor-section-height-default elementor-section-height-default\" data-id=\"302b639f\" data-element_type=\"section\">\n\t\t\t\t\t\t<div class=\"elementor-container elementor-column-gap-default\">\n\t\t\t\t\t<div class=\"elementor-column elementor-col-100 elementor-top-column elementor-element elementor-element-885b9ab\" data-id=\"885b9ab\" data-element_type=\"column\">\n\t\t\t<div class=\"elementor-widget-wrap elementor-element-populated\">\n\t\t\t\t\t\t\t\t<div class=\"elementor-element elementor-element-723f58e5 elementor-widget elementor-widget-heading\" data-id=\"723f58e5\" data-element_type=\"widget\" data-widget_type=\"heading.default\">\n\t\t\t\t<div class=\"elementor-widget-container\">\n\t\t\t<h2 class=\"elementor-heading-title elementor-size-default\">Articles que vous pourriez aimer<\/h2>\t\t<\/div>\n\t\t\t\t<\/div>\n\t\t\t\t<div class=\"elementor-element elementor-element-69934915 elementor-widget elementor-widget-cv_post_select\" data-id=\"69934915\" data-element_type=\"widget\" data-widget_type=\"cv_post_select.default\">\n\t\t\t\t<div class=\"elementor-widget-container\">\n\t\t\t<div class=\"cv-posts cv-post-select grid-img-bg col-3\"><article class=\"post-item\" data-category=\"boite\"><div class=\"post-img\"><span class=\"elementor-background-overlay\"><\/span><img width=\"1200\" height=\"800\" src=\"https:\/\/ousortirfrance.com\/lyon\/wp-content\/uploads\/sites\/8\/2021\/11\/GS_shapes.jpg\" class=\"attachment-blog size-blog wp-post-image\" alt=\"Soir\u00e9e\" decoding=\"async\" loading=\"lazy\" itemprop=\"image\" srcset=\"https:\/\/ousortirfrance.com\/lyon\/wp-content\/uploads\/sites\/8\/2021\/11\/GS_shapes.jpg 1200w, https:\/\/ousortirfrance.com\/lyon\/wp-content\/uploads\/sites\/8\/2021\/11\/GS_shapes-300x200.jpg 300w, https:\/\/ousortirfrance.com\/lyon\/wp-content\/uploads\/sites\/8\/2021\/11\/GS_shapes-1024x683.jpg 1024w, https:\/\/ousortirfrance.com\/lyon\/wp-content\/uploads\/sites\/8\/2021\/11\/GS_shapes-768x512.jpg 768w\" sizes=\"(max-width: 1200px) 100vw, 1200px\" \/><\/div><div class=\"post-info\"><h3 class=\"title\">Le Sucre<\/h3><\/div><a href=\"https:\/\/ousortirfrance.com\/lyon\/party\/le-sucre\/\" title=\"Le Sucre\" class=\"post-link\"><\/a><\/article><article class=\"post-item\" data-category=\"activite\"><div class=\"post-img\"><span class=\"elementor-background-overlay\"><\/span><img width=\"1080\" height=\"718\" src=\"https:\/\/ousortirfrance.com\/lyon\/wp-content\/uploads\/sites\/8\/2021\/11\/12965650_476276555910834_1481601215_n.jpg\" class=\"attachment-blog size-blog wp-post-image\" alt=\"ski indoor\" decoding=\"async\" loading=\"lazy\" itemprop=\"image\" srcset=\"https:\/\/ousortirfrance.com\/lyon\/wp-content\/uploads\/sites\/8\/2021\/11\/12965650_476276555910834_1481601215_n.jpg 1080w, https:\/\/ousortirfrance.com\/lyon\/wp-content\/uploads\/sites\/8\/2021\/11\/12965650_476276555910834_1481601215_n-300x199.jpg 300w, https:\/\/ousortirfrance.com\/lyon\/wp-content\/uploads\/sites\/8\/2021\/11\/12965650_476276555910834_1481601215_n-1024x681.jpg 1024w, https:\/\/ousortirfrance.com\/lyon\/wp-content\/uploads\/sites\/8\/2021\/11\/12965650_476276555910834_1481601215_n-768x511.jpg 768w\" sizes=\"(max-width: 1080px) 100vw, 1080px\" \/><\/div><div class=\"post-info\"><h3 class=\"title\">Onlyski<\/h3><\/div><a href=\"https:\/\/ousortirfrance.com\/lyon\/activities\/onlyski\/\" title=\"Onlyski\" class=\"post-link\"><\/a><\/article><article class=\"post-item\" data-category=\"activite\"><div class=\"post-img\"><span class=\"elementor-background-overlay\"><\/span><img width=\"1080\" height=\"1080\" src=\"https:\/\/ousortirfrance.com\/lyon\/wp-content\/uploads\/sites\/8\/2021\/11\/253359983_254069756762448_3569184295392418473_n.jpg\" class=\"attachment-blog size-blog wp-post-image\" alt=\"karting onlykart\" decoding=\"async\" loading=\"lazy\" itemprop=\"image\" srcset=\"https:\/\/ousortirfrance.com\/lyon\/wp-content\/uploads\/sites\/8\/2021\/11\/253359983_254069756762448_3569184295392418473_n.jpg 1080w, https:\/\/ousortirfrance.com\/lyon\/wp-content\/uploads\/sites\/8\/2021\/11\/253359983_254069756762448_3569184295392418473_n-300x300.jpg 300w, https:\/\/ousortirfrance.com\/lyon\/wp-content\/uploads\/sites\/8\/2021\/11\/253359983_254069756762448_3569184295392418473_n-1024x1024.jpg 1024w, https:\/\/ousortirfrance.com\/lyon\/wp-content\/uploads\/sites\/8\/2021\/11\/253359983_254069756762448_3569184295392418473_n-150x150.jpg 150w, https:\/\/ousortirfrance.com\/lyon\/wp-content\/uploads\/sites\/8\/2021\/11\/253359983_254069756762448_3569184295392418473_n-768x768.jpg 768w\" sizes=\"(max-width: 1080px) 100vw, 1080px\" \/><\/div><div class=\"post-info\"><h3 class=\"title\">Onlykart<\/h3><\/div><a href=\"https:\/\/ousortirfrance.com\/lyon\/activities\/onlykart\/\" title=\"Onlykart\" class=\"post-link\"><\/a><\/article><\/div>\t\t<\/div>\n\t\t\t\t<\/div>\n\t\t\t\t\t<\/div>\n\t\t<\/div>\n\t\t\t\t\t\t\t<\/div>\n\t\t<\/section>\n\t\t\t\t<section class=\"elementor-section elementor-top-section elementor-element elementor-element-80a64e8 elementor-section-boxed elementor-section-height-default elementor-section-height-default\" data-id=\"80a64e8\" data-element_type=\"section\">\n\t\t\t\t\t\t<div class=\"elementor-container elementor-column-gap-default\">\n\t\t\t\t\t<div class=\"elementor-column elementor-col-100 elementor-top-column elementor-element elementor-element-47c0f469\" data-id=\"47c0f469\" data-element_type=\"column\">\n\t\t\t<div class=\"elementor-widget-wrap elementor-element-populated\">\n\t\t\t\t\t\t\t\t<div class=\"elementor-element elementor-element-3641fcb elementor-fixed elementor-widget elementor-widget-elementskit-back-to-top\" data-id=\"3641fcb\" data-element_type=\"widget\" data-settings=\"{&quot;_position&quot;:&quot;fixed&quot;}\" data-widget_type=\"elementskit-back-to-top.default\">\n\t\t\t\t<div class=\"elementor-widget-container\">\n\t\t\t<div class=\"ekit-wid-con\" > <div class=\"ekit-back-to-top-container ekit-btt icon_only\" \n\t\t \t\tdata-settings=\"{&quot;offset_top&quot;:0,&quot;show_after&quot;:400,&quot;show_scroll&quot;:&quot;yes&quot;,&quot;style&quot;:&quot;icon_only&quot;,&quot;fg&quot;:null,&quot;bg&quot;:null}\"> \n\t\t\t\t<span class=\"ekit-btt__button yes\"> <i aria-hidden=\"true\" class=\"fas fa-arrow-up\"><\/i><\/span> <\/div> <\/div>\t\t<\/div>\n\t\t\t\t<\/div>\n\t\t\t\t\t<\/div>\n\t\t<\/div>\n\t\t\t\t\t\t\t<\/div>\n\t\t<\/section>\n\t\t\t\t\t\t\t<\/div>\n\t\t","protected":false},"excerpt":{"rendered":"<p>retour Que ce soit pour nourrir votre feed Instagram ou simplement pour le plaisir,Lyon regorge de lieux embl\u00e9matiques et originaux o\u00f9 prendre des photos ! Voici un top 7 des meilleurs spots ! L&rsquo;escalier Mermet Commen\u00e7ons ce top en force avec l&rsquo;escalier Mermet ! Les habitants du 1er arrondissement accompagn\u00e9s du street artist Wenc ont &hellip;<\/p>\n<p class=\"read-more\"> <a class=\"\" href=\"https:\/\/ousortirfrance.com\/lyon\/resto\/antonio-et-marco\/\"> <span class=\"screen-reader-text\">Antonio et Marco<\/span> Lire la suite\u00a0\u00bb<\/a><\/p>\n","protected":false},"author":4,"featured_media":9099,"comment_status":"closed","ping_status":"closed","sticky":true,"template":"","format":"standard","meta":{"site-sidebar-layout":"default","site-content-layout":"default","ast-global-header-display":"","ast-banner-title-visibility":"","ast-main-header-display":"","ast-hfb-above-header-display":"","ast-hfb-below-header-display":"","ast-hfb-mobile-header-display":"","site-post-title":"","ast-breadcrumbs-content":"","ast-featured-img":"","footer-sml-layout":"","theme-transparent-header-meta":"","adv-header-id-meta":"","stick-header-meta":"","header-above-stick-meta":"","header-main-stick-meta":"","header-below-stick-meta":""},"categories":[1],"tags":[],"yoast_head":"<!-- This site is optimized with the Yoast SEO plugin v20.9 - https:\/\/yoast.com\/wordpress\/plugins\/seo\/ -->\n<title>O\u00f9 prendre des photos \u00e0 Lyon ? | O\u00f9 Sortir ? Lyon<\/title>\n<meta name=\"description\" content=\"Vous voulez alimenter votre feed Instagram, ou capturer les meilleures prises de vue \u00e0 Lyon ? Voil\u00e0 notre top 7 spots o\u00f9 prendre des photos !\" \/>\n<meta name=\"robots\" content=\"index, follow, max-snippet:-1, max-image-preview:large, max-video-preview:-1\" \/>\n<link rel=\"canonical\" href=\"https:\/\/ousortirfrance.com\/lyon\/2022\/07\/03\/ou-prendre-des-photos\/\" \/>\n<meta property=\"og:locale\" content=\"fr_FR\" \/>\n<meta property=\"og:type\" content=\"article\" \/>\n<meta property=\"og:title\" content=\"O\u00f9 prendre des photos \u00e0 Lyon ? | O\u00f9 Sortir ? Lyon\" \/>\n<meta property=\"og:description\" content=\"Vous voulez alimenter votre feed Instagram, ou capturer les meilleures prises de vue \u00e0 Lyon ? Voil\u00e0 notre top 7 spots o\u00f9 prendre des photos !\" \/>\n<meta property=\"og:url\" content=\"https:\/\/ousortirfrance.com\/lyon\/2022\/07\/03\/ou-prendre-des-photos\/\" \/>\n<meta property=\"og:site_name\" content=\"O\u00f9 Sortir ? Lyon\" \/>\n<meta property=\"article:published_time\" content=\"2022-07-03T06:00:36+00:00\" \/>\n<meta property=\"article:modified_time\" content=\"2022-07-20T13:57:21+00:00\" \/>\n<meta property=\"og:image\" content=\"https:\/\/ousortirfrance.com\/lyon\/wp-content\/uploads\/sites\/8\/2022\/05\/nicolas-ladino-silva-o2DVsV2PnHE-unsplash-scaled.jpg\" \/>\n\t<meta property=\"og:image:width\" content=\"1707\" \/>\n\t<meta property=\"og:image:height\" content=\"2560\" \/>\n\t<meta property=\"og:image:type\" content=\"image\/jpeg\" \/>\n<meta name=\"author\" content=\"ousortir\" \/>\n<meta name=\"twitter:card\" content=\"summary_large_image\" \/>\n<meta name=\"twitter:label1\" content=\"\u00c9crit par\" \/>\n\t<meta name=\"twitter:data1\" content=\"ousortir\" \/>\n\t<meta name=\"twitter:label2\" content=\"Dur\u00e9e de lecture estim\u00e9e\" \/>\n\t<meta name=\"twitter:data2\" content=\"8 minutes\" \/>\n<script type=\"application\/ld+json\" class=\"yoast-schema-graph\">{\"@context\":\"https:\/\/schema.org\",\"@graph\":[{\"@type\":\"Article\",\"@id\":\"https:\/\/ousortirfrance.com\/lyon\/2022\/07\/03\/ou-prendre-des-photos\/#article\",\"isPartOf\":{\"@id\":\"https:\/\/ousortirfrance.com\/lyon\/2022\/07\/03\/ou-prendre-des-photos\/\"},\"author\":{\"name\":\"ousortir\",\"@id\":\"https:\/\/ousortirfrance.com\/lyon\/#\/schema\/person\/01e178336c793256c98d1edc5d0e99f2\"},\"headline\":\"O\u00f9 prendre des photos \u00e0 Lyon ?\",\"datePublished\":\"2022-07-03T06:00:36+00:00\",\"dateModified\":\"2022-07-20T13:57:21+00:00\",\"mainEntityOfPage\":{\"@id\":\"https:\/\/ousortirfrance.com\/lyon\/2022\/07\/03\/ou-prendre-des-photos\/\"},\"wordCount\":600,\"publisher\":{\"@id\":\"https:\/\/ousortirfrance.com\/lyon\/#organization\"},\"articleSection\":[\"Actualit\u00e9\"],\"inLanguage\":\"fr-FR\"},{\"@type\":\"WebPage\",\"@id\":\"https:\/\/ousortirfrance.com\/lyon\/2022\/07\/03\/ou-prendre-des-photos\/\",\"url\":\"https:\/\/ousortirfrance.com\/lyon\/2022\/07\/03\/ou-prendre-des-photos\/\",\"name\":\"O\u00f9 prendre des photos \u00e0 Lyon ? | O\u00f9 Sortir ? Lyon\",\"isPartOf\":{\"@id\":\"https:\/\/ousortirfrance.com\/lyon\/#website\"},\"datePublished\":\"2022-07-03T06:00:36+00:00\",\"dateModified\":\"2022-07-20T13:57:21+00:00\",\"description\":\"Vous voulez alimenter votre feed Instagram, ou capturer les meilleures prises de vue \u00e0 Lyon ? Voil\u00e0 notre top 7 spots o\u00f9 prendre des photos !\",\"breadcrumb\":{\"@id\":\"https:\/\/ousortirfrance.com\/lyon\/2022\/07\/03\/ou-prendre-des-photos\/#breadcrumb\"},\"inLanguage\":\"fr-FR\",\"potentialAction\":[{\"@type\":\"ReadAction\",\"target\":[\"https:\/\/ousortirfrance.com\/lyon\/2022\/07\/03\/ou-prendre-des-photos\/\"]}]},{\"@type\":\"BreadcrumbList\",\"@id\":\"https:\/\/ousortirfrance.com\/lyon\/2022\/07\/03\/ou-prendre-des-photos\/#breadcrumb\",\"itemListElement\":[{\"@type\":\"ListItem\",\"position\":1,\"name\":\"Accueil\",\"item\":\"https:\/\/ousortirfrance.com\/lyon\/\"},{\"@type\":\"ListItem\",\"position\":2,\"name\":\"O\u00f9 prendre des photos \u00e0 Lyon ?\"}]},{\"@type\":\"WebSite\",\"@id\":\"https:\/\/ousortirfrance.com\/lyon\/#website\",\"url\":\"https:\/\/ousortirfrance.com\/lyon\/\",\"name\":\"O\u00f9 Sortir ? Lyon\",\"description\":\"Un site utilisant O\u00f9 Sortir ? France\",\"publisher\":{\"@id\":\"https:\/\/ousortirfrance.com\/lyon\/#organization\"},\"potentialAction\":[{\"@type\":\"SearchAction\",\"target\":{\"@type\":\"EntryPoint\",\"urlTemplate\":\"https:\/\/ousortirfrance.com\/lyon\/?s={search_term_string}\"},\"query-input\":\"required name=search_term_string\"}],\"inLanguage\":\"fr-FR\"},{\"@type\":\"Organization\",\"@id\":\"https:\/\/ousortirfrance.com\/lyon\/#organization\",\"name\":\"O\u00f9 Sortir ? Lyon\",\"url\":\"https:\/\/ousortirfrance.com\/lyon\/\",\"logo\":{\"@type\":\"ImageObject\",\"inLanguage\":\"fr-FR\",\"@id\":\"https:\/\/ousortirfrance.com\/lyon\/#\/schema\/logo\/image\/\",\"url\":\"https:\/\/ousortirfrance.com\/lyon\/wp-content\/uploads\/sites\/8\/2025\/05\/LYON-svg-blanc.svg\",\"contentUrl\":\"https:\/\/ousortirfrance.com\/lyon\/wp-content\/uploads\/sites\/8\/2025\/05\/LYON-svg-blanc.svg\",\"width\":1066,\"height\":585,\"caption\":\"O\u00f9 Sortir ? Lyon\"},\"image\":{\"@id\":\"https:\/\/ousortirfrance.com\/lyon\/#\/schema\/logo\/image\/\"}},{\"@type\":\"Person\",\"@id\":\"https:\/\/ousortirfrance.com\/lyon\/#\/schema\/person\/01e178336c793256c98d1edc5d0e99f2\",\"name\":\"ousortir\",\"image\":{\"@type\":\"ImageObject\",\"inLanguage\":\"fr-FR\",\"@id\":\"https:\/\/ousortirfrance.com\/lyon\/#\/schema\/person\/image\/\",\"url\":\"https:\/\/secure.gravatar.com\/avatar\/ce63a90c4db054a89bfc404b91c5899d?s=96&d=mm&r=g\",\"contentUrl\":\"https:\/\/secure.gravatar.com\/avatar\/ce63a90c4db054a89bfc404b91c5899d?s=96&d=mm&r=g\",\"caption\":\"ousortir\"},\"url\":\"https:\/\/ousortirfrance.com\/lyon\/author\/ousortir\/\"}]}<\/script>\n<!-- \/ Yoast SEO plugin. -->","yoast_head_json":{"title":"O\u00f9 prendre des photos \u00e0 Lyon ? | O\u00f9 Sortir ? Lyon","description":"Vous voulez alimenter votre feed Instagram, ou capturer les meilleures prises de vue \u00e0 Lyon ? Voil\u00e0 notre top 7 spots o\u00f9 prendre des photos !","robots":{"index":"index","follow":"follow","max-snippet":"max-snippet:-1","max-image-preview":"max-image-preview:large","max-video-preview":"max-video-preview:-1"},"canonical":"https:\/\/ousortirfrance.com\/lyon\/2022\/07\/03\/ou-prendre-des-photos\/","og_locale":"fr_FR","og_type":"article","og_title":"O\u00f9 prendre des photos \u00e0 Lyon ? | O\u00f9 Sortir ? Lyon","og_description":"Vous voulez alimenter votre feed Instagram, ou capturer les meilleures prises de vue \u00e0 Lyon ? Voil\u00e0 notre top 7 spots o\u00f9 prendre des photos !","og_url":"https:\/\/ousortirfrance.com\/lyon\/2022\/07\/03\/ou-prendre-des-photos\/","og_site_name":"O\u00f9 Sortir ? Lyon","article_published_time":"2022-07-03T06:00:36+00:00","article_modified_time":"2022-07-20T13:57:21+00:00","og_image":[{"width":1707,"height":2560,"url":"https:\/\/ousortirfrance.com\/lyon\/wp-content\/uploads\/sites\/8\/2022\/05\/nicolas-ladino-silva-o2DVsV2PnHE-unsplash-scaled.jpg","type":"image\/jpeg"}],"author":"ousortir","twitter_card":"summary_large_image","twitter_misc":{"\u00c9crit par":"ousortir","Dur\u00e9e de lecture estim\u00e9e":"8 minutes"},"schema":{"@context":"https:\/\/schema.org","@graph":[{"@type":"Article","@id":"https:\/\/ousortirfrance.com\/lyon\/2022\/07\/03\/ou-prendre-des-photos\/#article","isPartOf":{"@id":"https:\/\/ousortirfrance.com\/lyon\/2022\/07\/03\/ou-prendre-des-photos\/"},"author":{"name":"ousortir","@id":"https:\/\/ousortirfrance.com\/lyon\/#\/schema\/person\/01e178336c793256c98d1edc5d0e99f2"},"headline":"O\u00f9 prendre des photos \u00e0 Lyon ?","datePublished":"2022-07-03T06:00:36+00:00","dateModified":"2022-07-20T13:57:21+00:00","mainEntityOfPage":{"@id":"https:\/\/ousortirfrance.com\/lyon\/2022\/07\/03\/ou-prendre-des-photos\/"},"wordCount":600,"publisher":{"@id":"https:\/\/ousortirfrance.com\/lyon\/#organization"},"articleSection":["Actualit\u00e9"],"inLanguage":"fr-FR"},{"@type":"WebPage","@id":"https:\/\/ousortirfrance.com\/lyon\/2022\/07\/03\/ou-prendre-des-photos\/","url":"https:\/\/ousortirfrance.com\/lyon\/2022\/07\/03\/ou-prendre-des-photos\/","name":"O\u00f9 prendre des photos \u00e0 Lyon ? | O\u00f9 Sortir ? Lyon","isPartOf":{"@id":"https:\/\/ousortirfrance.com\/lyon\/#website"},"datePublished":"2022-07-03T06:00:36+00:00","dateModified":"2022-07-20T13:57:21+00:00","description":"Vous voulez alimenter votre feed Instagram, ou capturer les meilleures prises de vue \u00e0 Lyon ? Voil\u00e0 notre top 7 spots o\u00f9 prendre des photos !","breadcrumb":{"@id":"https:\/\/ousortirfrance.com\/lyon\/2022\/07\/03\/ou-prendre-des-photos\/#breadcrumb"},"inLanguage":"fr-FR","potentialAction":[{"@type":"ReadAction","target":["https:\/\/ousortirfrance.com\/lyon\/2022\/07\/03\/ou-prendre-des-photos\/"]}]},{"@type":"BreadcrumbList","@id":"https:\/\/ousortirfrance.com\/lyon\/2022\/07\/03\/ou-prendre-des-photos\/#breadcrumb","itemListElement":[{"@type":"ListItem","position":1,"name":"Accueil","item":"https:\/\/ousortirfrance.com\/lyon\/"},{"@type":"ListItem","position":2,"name":"O\u00f9 prendre des photos \u00e0 Lyon ?"}]},{"@type":"WebSite","@id":"https:\/\/ousortirfrance.com\/lyon\/#website","url":"https:\/\/ousortirfrance.com\/lyon\/","name":"O\u00f9 Sortir ? Lyon","description":"Un site utilisant O\u00f9 Sortir ? France","publisher":{"@id":"https:\/\/ousortirfrance.com\/lyon\/#organization"},"potentialAction":[{"@type":"SearchAction","target":{"@type":"EntryPoint","urlTemplate":"https:\/\/ousortirfrance.com\/lyon\/?s={search_term_string}"},"query-input":"required name=search_term_string"}],"inLanguage":"fr-FR"},{"@type":"Organization","@id":"https:\/\/ousortirfrance.com\/lyon\/#organization","name":"O\u00f9 Sortir ? Lyon","url":"https:\/\/ousortirfrance.com\/lyon\/","logo":{"@type":"ImageObject","inLanguage":"fr-FR","@id":"https:\/\/ousortirfrance.com\/lyon\/#\/schema\/logo\/image\/","url":"https:\/\/ousortirfrance.com\/lyon\/wp-content\/uploads\/sites\/8\/2025\/05\/LYON-svg-blanc.svg","contentUrl":"https:\/\/ousortirfrance.com\/lyon\/wp-content\/uploads\/sites\/8\/2025\/05\/LYON-svg-blanc.svg","width":1066,"height":585,"caption":"O\u00f9 Sortir ? Lyon"},"image":{"@id":"https:\/\/ousortirfrance.com\/lyon\/#\/schema\/logo\/image\/"}},{"@type":"Person","@id":"https:\/\/ousortirfrance.com\/lyon\/#\/schema\/person\/01e178336c793256c98d1edc5d0e99f2","name":"ousortir","image":{"@type":"ImageObject","inLanguage":"fr-FR","@id":"https:\/\/ousortirfrance.com\/lyon\/#\/schema\/person\/image\/","url":"https:\/\/secure.gravatar.com\/avatar\/ce63a90c4db054a89bfc404b91c5899d?s=96&d=mm&r=g","contentUrl":"https:\/\/secure.gravatar.com\/avatar\/ce63a90c4db054a89bfc404b91c5899d?s=96&d=mm&r=g","caption":"ousortir"},"url":"https:\/\/ousortirfrance.com\/lyon\/author\/ousortir\/"}]}},"_links":{"self":[{"href":"https:\/\/ousortirfrance.com\/lyon\/wp-json\/wp\/v2\/posts\/9077"}],"collection":[{"href":"https:\/\/ousortirfrance.com\/lyon\/wp-json\/wp\/v2\/posts"}],"about":[{"href":"https:\/\/ousortirfrance.com\/lyon\/wp-json\/wp\/v2\/types\/post"}],"author":[{"embeddable":true,"href":"https:\/\/ousortirfrance.com\/lyon\/wp-json\/wp\/v2\/users\/4"}],"replies":[{"embeddable":true,"href":"https:\/\/ousortirfrance.com\/lyon\/wp-json\/wp\/v2\/comments?post=9077"}],"version-history":[{"count":30,"href":"https:\/\/ousortirfrance.com\/lyon\/wp-json\/wp\/v2\/posts\/9077\/revisions"}],"predecessor-version":[{"id":10512,"href":"https:\/\/ousortirfrance.com\/lyon\/wp-json\/wp\/v2\/posts\/9077\/revisions\/10512"}],"wp:featuredmedia":[{"embeddable":true,"href":"https:\/\/ousortirfrance.com\/lyon\/wp-json\/wp\/v2\/media\/9099"}],"wp:attachment":[{"href":"https:\/\/ousortirfrance.com\/lyon\/wp-json\/wp\/v2\/media?parent=9077"}],"wp:term":[{"taxonomy":"category","embeddable":true,"href":"https:\/\/ousortirfrance.com\/lyon\/wp-json\/wp\/v2\/categories?post=9077"},{"taxonomy":"post_tag","embeddable":true,"href":"https:\/\/ousortirfrance.com\/lyon\/wp-json\/wp\/v2\/tags?post=9077"}],"curies":[{"name":"wp","href":"https:\/\/api.w.org\/{rel}","templated":true}]}}